{"id":638226,"date":"2025-12-11T03:25:15","date_gmt":"2025-12-11T03:25:15","guid":{"rendered":"https:\/\/www.europesays.com\/de\/638226\/"},"modified":"2025-12-11T03:25:15","modified_gmt":"2025-12-11T03:25:15","slug":"carreras-sammelt-34-millionen-euro-fuer-leukaemie-stiftung","status":"publish","type":"post","link":"https:\/\/www.europesays.com\/de\/638226\/","title":{"rendered":"Carreras sammelt 3,4 Millionen Euro f\u00fcr Leuk\u00e4mie-Stiftung"},"content":{"rendered":"<p class=\"tspCBne tspCBnf\">Der spanische Operns\u00e4nger Jos\u00e9 Carreras hat bei der 31. Ausgabe der Gala f\u00fcr seine Leuk\u00e4mie-Stiftung Spenden in H\u00f6he von mehr als 3,4 Millionen Euro gesammelt. \u201eIch verneige mich vor unseren Spenderinnen und Spendern f\u00fcr diese gro\u00dfz\u00fcgige und nachhaltige Unterst\u00fctzung\u201c, sagte der 79-J\u00e4hrige bei der Gala in Leipzig. Die Spendenveranstaltung in der Leipziger Media City wurde am Mittwochabend im MDR ausgestrahlt.\u00a0<\/p>\n<p class=\"tspCBne\">Nationale und internationale S\u00e4nger und Songwriter wie Alvaro Soler, Beatrice Egli und Chris de Burgh traten in Leipzig auf und riefen die Zuschauerinnen und Zuschauer zum Spenden auf. Weitere Prominente wie der Entertainer Stefan Mross, die Fitness-Influencerin Sophia Thiel und der Musiker Joey Kelly sammelten Gelder an den Telefonen.\u00a0<\/p>\n<p class=\"tspCBne\">Carreras war im Jahr 1987 an Leuk\u00e4mie erkrankt. Nach der Heilung gr\u00fcndete der Operns\u00e4nger die Jos\u00e9 Carreras Leuk\u00e4mie-Stiftung, mit der nach eigenen Angaben seitdem etwa 250 Millionen Euro gesammelt wurden. Die Stiftung f\u00f6rdert wissenschaftliche Forschungs-, Infrastruktur und Sozialprojekte. Bei der Jubil\u00e4umsausgabe im vergangenen Jahr waren mehr als 3,5 Millionen Euro gesammelt worden.<\/p>\n<p class=\"tspCBne\">\u00a9 dpa-infocom, dpa:251211-930-407802\/1<\/p>\n<p class=\"tspCBne\">Das ist eine Nachricht direkt aus dem dpa-Newskanal.<\/p>\n","protected":false},"excerpt":{"rendered":"Der spanische Operns\u00e4nger Jos\u00e9 Carreras hat bei der 31. Ausgabe der Gala f\u00fcr seine Leuk\u00e4mie-Stiftung Spenden in H\u00f6he&hellip;\n","protected":false},"author":2,"featured_media":638227,"comment_status":"","ping_status":"","sticky":false,"template":"","format":"standard","meta":{"footnotes":""},"categories":[1832],"tags":[3364,29,30,71,859],"class_list":{"0":"post-638226","1":"post","2":"type-post","3":"status-publish","4":"format-standard","5":"has-post-thumbnail","7":"category-leipzig","8":"tag-de","9":"tag-deutschland","10":"tag-germany","11":"tag-leipzig","12":"tag-sachsen"},"share_on_mastodon":{"url":"https:\/\/pubeurope.com\/@de\/115698802794550523","error":""},"_links":{"self":[{"href":"https:\/\/www.europesays.com\/de\/wp-json\/wp\/v2\/posts\/638226","targetHints":{"allow":["GET"]}}],"collection":[{"href":"https:\/\/www.europesays.com\/de\/wp-json\/wp\/v2\/posts"}],"about":[{"href":"https:\/\/www.europesays.com\/de\/wp-json\/wp\/v2\/types\/post"}],"author":[{"embeddable":true,"href":"https:\/\/www.europesays.com\/de\/wp-json\/wp\/v2\/users\/2"}],"replies":[{"embeddable":true,"href":"https:\/\/www.europesays.com\/de\/wp-json\/wp\/v2\/comments?post=638226"}],"version-history":[{"count":0,"href":"https:\/\/www.europesays.com\/de\/wp-json\/wp\/v2\/posts\/638226\/revisions"}],"wp:featuredmedia":[{"embeddable":true,"href":"https:\/\/www.europesays.com\/de\/wp-json\/wp\/v2\/media\/638227"}],"wp:attachment":[{"href":"https:\/\/www.europesays.com\/de\/wp-json\/wp\/v2\/media?parent=638226"}],"wp:term":[{"taxonomy":"category","embeddable":true,"href":"https:\/\/www.europesays.com\/de\/wp-json\/wp\/v2\/categories?post=638226"},{"taxonomy":"post_tag","embeddable":true,"href":"https:\/\/www.europesays.com\/de\/wp-json\/wp\/v2\/tags?post=638226"}],"curies":[{"name":"wp","href":"https:\/\/api.w.org\/{rel}","templated":true}]}}