{"id":638230,"date":"2025-12-11T03:27:29","date_gmt":"2025-12-11T03:27:29","guid":{"rendered":"https:\/\/www.europesays.com\/de\/638230\/"},"modified":"2025-12-11T03:27:29","modified_gmt":"2025-12-11T03:27:29","slug":"hochschule-duesseldorf-land-kuerzt-unis-gelder","status":"publish","type":"post","link":"https:\/\/www.europesays.com\/de\/638230\/","title":{"rendered":"Hochschule D\u00fcsseldorf: Land k\u00fcrzt Unis Gelder"},"content":{"rendered":"<p class=\"text_ohne_einzug richtext text-em-55 !leading-serif mx-6 desktop:mx-0\">Die <a href=\"https:\/\/rp-online.de\/thema\/hochschule-duesseldorf\/\" target=\"_blank\" rel=\"noopener\">Hochschule D\u00fcsseldorf<\/a> (HSD) muss ab 2026 mit deutlich weniger Geld ihren Hochschulbetrieb in Derendorf bestreiten. Wie die HSD mit mehr als 10.800 Studentinnen und Studenten mitteilt, muss sie wegen Landesk\u00fcrzungen rund 1,7 Millionen Euro einsparen. Insbesondere in Lehre, Forschung und Organisation werde das zu sp\u00fcrbaren Einschr\u00e4nkungen f\u00fchren. Die HSD bef\u00fcrchtet, dass es im Zuge dieser \u00c4nderungen auch weniger Absolventinnen und Absolventen geben wird, \u201ewas gerade in Zeiten des Fachkr\u00e4ftemangels in vielen Bereichen fatal ist\u201c. <\/p>\n","protected":false},"excerpt":{"rendered":"Die Hochschule D\u00fcsseldorf (HSD) muss ab 2026 mit deutlich weniger Geld ihren Hochschulbetrieb in Derendorf bestreiten. Wie die&hellip;\n","protected":false},"author":2,"featured_media":638231,"comment_status":"","ping_status":"","sticky":false,"template":"","format":"standard","meta":{"footnotes":""},"categories":[1831],"tags":[18412,56730,3364,29,3405,33499,16151,150429,150430,597,30,2766,150431,136229,45550,150433,66736,27171,1209,150432,145977],"class_list":{"0":"post-638230","1":"post","2":"type-post","3":"status-publish","4":"format-standard","5":"has-post-thumbnail","7":"category-duesseldorf","8":"tag-bereich","9":"tag-besetzt","10":"tag-de","11":"tag-deutschland","12":"tag-duesseldorf","13":"tag-einschraenkungen","14":"tag-einsparungen","15":"tag-fachbereiche","16":"tag-fachbereichen","17":"tag-forschung","18":"tag-germany","19":"tag-hochschule","20":"tag-hochschullehre","21":"tag-hsd","22":"tag-lehre","23":"tag-lehrende","24":"tag-lehrender","25":"tag-mittel","26":"tag-nordrhein-westfalen","27":"tag-sachmittelbereich","28":"tag-studiengaenge"},"share_on_mastodon":{"url":"https:\/\/pubeurope.com\/@de\/115698811056220403","error":""},"_links":{"self":[{"href":"https:\/\/www.europesays.com\/de\/wp-json\/wp\/v2\/posts\/638230","targetHints":{"allow":["GET"]}}],"collection":[{"href":"https:\/\/www.europesays.com\/de\/wp-json\/wp\/v2\/posts"}],"about":[{"href":"https:\/\/www.europesays.com\/de\/wp-json\/wp\/v2\/types\/post"}],"author":[{"embeddable":true,"href":"https:\/\/www.europesays.com\/de\/wp-json\/wp\/v2\/users\/2"}],"replies":[{"embeddable":true,"href":"https:\/\/www.europesays.com\/de\/wp-json\/wp\/v2\/comments?post=638230"}],"version-history":[{"count":0,"href":"https:\/\/www.europesays.com\/de\/wp-json\/wp\/v2\/posts\/638230\/revisions"}],"wp:featuredmedia":[{"embeddable":true,"href":"https:\/\/www.europesays.com\/de\/wp-json\/wp\/v2\/media\/638231"}],"wp:attachment":[{"href":"https:\/\/www.europesays.com\/de\/wp-json\/wp\/v2\/media?parent=638230"}],"wp:term":[{"taxonomy":"category","embeddable":true,"href":"https:\/\/www.europesays.com\/de\/wp-json\/wp\/v2\/categories?post=638230"},{"taxonomy":"post_tag","embeddable":true,"href":"https:\/\/www.europesays.com\/de\/wp-json\/wp\/v2\/tags?post=638230"}],"curies":[{"name":"wp","href":"https:\/\/api.w.org\/{rel}","templated":true}]}}