{"id":638251,"date":"2025-12-11T03:39:19","date_gmt":"2025-12-11T03:39:19","guid":{"rendered":"https:\/\/www.europesays.com\/de\/638251\/"},"modified":"2025-12-11T03:39:19","modified_gmt":"2025-12-11T03:39:19","slug":"berlin-brandenburg-linke-bewohner-parkausweise-muessen-deutlich-teurer-werden","status":"publish","type":"post","link":"https:\/\/www.europesays.com\/de\/638251\/","title":{"rendered":"Berlin &#038; Brandenburg: Linke: Bewohner-Parkausweise m\u00fcssen deutlich teurer werden"},"content":{"rendered":"<p>Berlin &amp; BrandenburgLinke: Bewohner-Parkausweise m\u00fcssen deutlich teurer werden<img decoding=\"async\" class=\"Image_img__fQCi0 Image_Img_16_9__4BLfH\" loading=\"eager\" fetchpriority=\"high\" src=\"https:\/\/www.europesays.com\/de\/wp-content\/uploads\/2025\/12\/Soll-deutlich-teurer-werden-Der-Bewohner-Parkausweis-in-Berlin.webp.webp\" alt=\"Soll-deutlich-teurer-werden-Der-Bewohner-Parkausweis-in-Berlin\"\/>TeilenFolgen auf:<a href=\"https:\/\/www.whatsapp.com\/channel\/0029Va5cdVJD8SDp5YZgYF01\" title=\"Auf WhatsApp folgen\" target=\"_blank\" rel=\"noopener\"><img decoding=\"async\" src=\"https:\/\/www.n-tv.de\/socialIcons\/whatsapp.svg\" alt=\"whatsapp\" class=\"ArticleShare_icon__FsrC2\"\/><\/a><a href=\"https:\/\/news.google.com\/publications\/CAAiEPMdif5mpRNxiLOeUpHCwwsqFAgKIhDzHYn-ZqUTcYiznlKRwsML?hl=de&amp;gl=DE&amp;ceid=DE%3Ade\" title=\"Auf Google News folgen\" target=\"_blank\" rel=\"noopener\"><img decoding=\"async\" src=\"https:\/\/www.n-tv.de\/socialIcons\/google.svg\" alt=\"whatsapp\" class=\"ArticleShare_icon__FsrC2\"\/><\/a><\/p>\n<p class=\"Typography_text-m__XI0da Typography_weight-bold__uT6mq storyline_lead_text_leadtext__q_wg8\">Nur 20 Euro f\u00fcr zwei Jahre parken? Die Linke will das \u00e4ndern \u2013 und verspricht Verbesserungen f\u00fcr alle, wenn Anwohner mehr zahlen.<\/p>\n<p class=\"Typography_text-default__P3otY Typography_weight-normal__pqUbH storyline_paragraph_p__qSR5N\">Berlin (dpa\/bb) &#8211; Parkausweise f\u00fcr Anwohner sollten aus Sicht der Linken in Berlin deutlich teurer werden. &#8222;Ich finde: Mindestens 100 Euro pro Jahr sind nicht zu viel verlangt. So viel kostet es auch in anderen deutschen Gro\u00dfst\u00e4dten&#8220;, sagte die Linken-Spitzenkandidatin f\u00fcr die Abgeordnetenhauswahl im Herbst 2026, Elif Eralp, der Deutschen Presse-Agentur in Berlin.<\/p>\n<p class=\"Typography_text-default__P3otY Typography_weight-normal__pqUbH storyline_paragraph_p__qSR5N\">Private Stellpl\u00e4tze kosteten teilweise pro Monat 100 Euro. &#8222;Warum sollte der \u00f6ffentliche Raum so viel billiger sein, wenn er privat genutzt wird?&#8220;, fragte die Linken-Politikerin. &#8222;Dass man zurzeit nur gut 20 Euro f\u00fcr zwei Jahre zahlt, ist absurd. Davon werden noch nicht einmal die Kosten der Verwaltung gedeckt.&#8220; Das verstehe niemand. &#8222;Umso absurder, dass CDU und SPD es nicht einmal schaffen, sich auf eine Erh\u00f6hung zu einigen.&#8220;<\/p>\n<p class=\"Typography_text-default__P3otY Typography_weight-normal__pqUbH storyline_paragraph_p__qSR5N\">Verkehrssenatorin Ute Bonde (CDU) hatte Ende August einen Preis von 80 bis 120 Euro nur f\u00fcr das Anwohnerparken als &#8222;angemessen&#8220; bezeichnet. Das Konzept dazu sollte urspr\u00fcnglich noch im laufenden Jahr vorgestellt werden. Zuletzt wollte sich ihr Haus aber auf einen Termin noch vor Silvester nicht mehr festlegen.<\/p>\n<p>Linke will durchgerechnetes Konzept noch vorlegen<\/p>\n<p class=\"Typography_text-default__P3otY Typography_weight-normal__pqUbH storyline_paragraph_p__qSR5N\">Eralp erg\u00e4nzte, auch die Linke werde zu den Bewohnerparkausweisen noch ein durchgerechnetes Konzept vorlegen. &#8222;Denn wir wollen mit den Mehreinnahmen aus der Parkraumbewirtschaftung auch in konkret sp\u00fcrbare Verbesserungen der Mobilit\u00e4t investieren.&#8220;<\/p>\n<p class=\"Typography_text-default__P3otY Typography_weight-normal__pqUbH storyline_paragraph_p__qSR5N\">Zum Vergleich: Die Bewohner von Potsdam m\u00fcssen f\u00fcr einen Parkausweis ab 1. September 145 Euro pro Jahr zahlen &#8211; davor waren es 30 Euro. Auch in Cottbus wurde es teurer: Dort kostet der Anwohnerparkausweis seit April f\u00fcr ein Jahr 120 Euro.<\/p>\n<p class=\"Typography_text-default__P3otY Typography_weight-normal__pqUbH storyline_paragraph_p__qSR5N\">In Berlin dagegen sind sich CDU und der Koalitionspartner SPD noch nicht einig, was das Konzept angeht. In der Diskussion sind ganz grunds\u00e4tzliche Fragen \u2013 etwa, ob Parkvignetten f\u00fcr ganz Berlin sinnvoll sein k\u00f6nnten. &#8222;Das finde ich verkehrs- und klimapolitisch Quatsch&#8220;, sagte dazu der SPD-Verkehrsexperte Tino Schopf der &#8222;Berliner Morgenpost&#8220;. &#8222;Wir wollen ja den Umweltverbund st\u00e4rken und nicht den Autoverkehr.&#8220;<\/p>\n<p class=\"Typography_text-s__wu_cm Typography_weight-normal__pqUbH Typography_color-darkgrey__sZEnP article-detail-footer_source__KslPc\">Quelle: dpa<\/p>\n","protected":false},"excerpt":{"rendered":"Berlin &amp; BrandenburgLinke: Bewohner-Parkausweise m\u00fcssen deutlich teurer werdenTeilenFolgen auf: Nur 20 Euro f\u00fcr zwei Jahre parken? Die Linke&hellip;\n","protected":false},"author":2,"featured_media":638252,"comment_status":"","ping_status":"","sticky":false,"template":"","format":"standard","meta":{"footnotes":""},"categories":[1816],"tags":[1960,1958,1959,1957,1956,1890,29,30],"class_list":{"0":"post-638251","1":"post","2":"type-post","3":"status-publish","4":"format-standard","5":"has-post-thumbnail","7":"category-brandenburg","8":"tag-aktuelle-nachrichten-aus-berlin-und-brandenburg","9":"tag-aktuelle-nachrichten-aus-brandenburg","10":"tag-aktuelle-news-aus-berlin-und-brandenburg","11":"tag-aktuelle-news-aus-brandenburg","12":"tag-berlin-und-brandenburg","13":"tag-brandenburg","14":"tag-deutschland","15":"tag-germany"},"share_on_mastodon":{"url":"https:\/\/pubeurope.com\/@de\/115698858709107721","error":""},"_links":{"self":[{"href":"https:\/\/www.europesays.com\/de\/wp-json\/wp\/v2\/posts\/638251","targetHints":{"allow":["GET"]}}],"collection":[{"href":"https:\/\/www.europesays.com\/de\/wp-json\/wp\/v2\/posts"}],"about":[{"href":"https:\/\/www.europesays.com\/de\/wp-json\/wp\/v2\/types\/post"}],"author":[{"embeddable":true,"href":"https:\/\/www.europesays.com\/de\/wp-json\/wp\/v2\/users\/2"}],"replies":[{"embeddable":true,"href":"https:\/\/www.europesays.com\/de\/wp-json\/wp\/v2\/comments?post=638251"}],"version-history":[{"count":0,"href":"https:\/\/www.europesays.com\/de\/wp-json\/wp\/v2\/posts\/638251\/revisions"}],"wp:featuredmedia":[{"embeddable":true,"href":"https:\/\/www.europesays.com\/de\/wp-json\/wp\/v2\/media\/638252"}],"wp:attachment":[{"href":"https:\/\/www.europesays.com\/de\/wp-json\/wp\/v2\/media?parent=638251"}],"wp:term":[{"taxonomy":"category","embeddable":true,"href":"https:\/\/www.europesays.com\/de\/wp-json\/wp\/v2\/categories?post=638251"},{"taxonomy":"post_tag","embeddable":true,"href":"https:\/\/www.europesays.com\/de\/wp-json\/wp\/v2\/tags?post=638251"}],"curies":[{"name":"wp","href":"https:\/\/api.w.org\/{rel}","templated":true}]}}