{"id":638266,"date":"2025-12-11T03:48:20","date_gmt":"2025-12-11T03:48:20","guid":{"rendered":"https:\/\/www.europesays.com\/de\/638266\/"},"modified":"2025-12-11T03:48:20","modified_gmt":"2025-12-11T03:48:20","slug":"oezdemir-will-sich-bei-verbrenner-aus-nicht-festlegen","status":"publish","type":"post","link":"https:\/\/www.europesays.com\/de\/638266\/","title":{"rendered":"\u00d6zdemir will sich bei Verbrenner-Aus nicht festlegen"},"content":{"rendered":"<p>Gr\u00fcner Ex-Minister bei &#8222;Maischberger&#8220; <\/p>\n<p>\u00d6zdemir begr\u00fc\u00dft Moderatorin mit ungew\u00f6hnlicher Geste<\/p>\n<p>11.12.2025 &#8211; 03:43 UhrLesedauer: 4 Min.<\/p>\n<p><a href=\"#focus-0\" class=\"transition-colors duration-200 block text-current relative\" data-sctrack=\"FocusGalleryImage.Reference\"><img fetchpriority=\"high\" data-testid=\"Opener.Image\" style=\"--lqipURL:url('https:\/\/images.t-online.de\/2025\/12\/2WfvAZSw1EUb\/0x209:4000x2250\/fit-in\/150x0\/filters:blur(25)\/cem-oezdemir-will-in-baden-wuerttemberg-regieren-archivbild.jpg')\"   loading=\"eager\" src=\"https:\/\/www.europesays.com\/de\/wp-content\/uploads\/2025\/12\/cem-oezdemir-will-in-baden-wuerttemberg-regieren-archivbild.jpg\" alt=\"Cem \u00d6zdemir will in Baden-W\u00fcrttemberg regieren. (Archivbild)\" title=\"Cem \u00d6zdemir will in Baden-W\u00fcrttemberg regieren. (Archivbild)\" width=\"4000\" height=\"2250\" class=\"bg-[url:var(--lqipURL)] bg-cover bg-center flex h-full w-full max-w-full\" decoding=\"async\"\/><img style=\"--width:32;--height:32\" loading=\"lazy\" src=\"https:\/\/www.t-online.de\/s\/paper\/_next\/static\/media\/zoom-in.f7dae02f.svg\" alt=\"Vergr\u00f6\u00dfern des Bildes\" title=\"Vergr\u00f6\u00dfern des Bildes\" class=\"block h-[calc(var(--height)_\/_16_*_1rem)] w-[calc(var(--width)_\/_16_*_1rem)] max-w-none absolute bottom-8 right-8 rounded-4 bg-snow p-8\" decoding=\"async\"\/><\/a><\/p>\n<p>Cem \u00d6zdemir will in Baden-W\u00fcrttemberg regieren. (Archivbild) (Quelle: IMAGO\/dts Nachrichtenagentur\/imago)<\/p>\n<p class=\"font-bold text-18 leading-17\">Maischberger diskutiert die Zukunft der Gr\u00fcnen: Ein H\u00e4ndesch\u00fctteln gab es zwischen ihr und \u00d6zdemir nicht \u2013 aus gutem Grund.<\/p>\n<p class=\"text-18 leading-17\">In ihrer letzten Sendung in diesem Jahr hat <a class=\"transition-colors duration-200 cursor-pointer text-inherit no-underline text-salemsfur md:hover:text-magenta md:hover:border-magenta md:focus:text-magenta border-current border-b border-solid break-words\" href=\"https:\/\/www.t-online.de\/themen\/sandra-maischberger\/\" data-sctrack=\"BodyAnchor\" target=\"_blank\" rel=\"noopener\">Sandra Maischberger<\/a> am Mittwoch mit ihren G\u00e4sten unter anderem \u00fcber die Zukunft der Gr\u00fcnen diskutiert. Im Studio begr\u00fc\u00dfte sie dazu den Spitzenkandidaten in Baden-W\u00fcrttemberg: <a class=\"transition-colors duration-200 cursor-pointer text-inherit no-underline text-salemsfur md:hover:text-magenta md:hover:border-magenta md:focus:text-magenta border-current border-b border-solid break-words\" href=\"https:\/\/www.t-online.de\/themen\/cem-oezdemir\/\" data-sctrack=\"BodyAnchor\" target=\"_blank\" rel=\"noopener\">Cem \u00d6zdemir<\/a>. \u00d6zdemir sei aktuell &#8222;der freiste Politiker des Landes&#8220;, erkl\u00e4rte &#8222;Politico&#8220;-Journalist Gordon Repinski bei &#8222;Maischberger&#8220; kurz vor dessen Studio-Auftritt.<\/p>\n<p class=\"text-18 leading-17\">Der Grund: Der Gr\u00fcnen-Politiker m\u00fcsse im Wahlkampf vor der Landtagswahl &#8222;\u00fcberhaupt nicht dem gr\u00fcnen Parteiprogramm folgen&#8220;, weil die Anh\u00e4nger darauf hoffen, dass die Gr\u00fcnen die Staatskanzlei noch einmal verteidigen. Erst nach der Wahl komme dann die Abrechnung der Parteigenossen, prognostizierte der Journalist.<\/p>\n<p class=\"text-18 leading-17\">Wie schon sein Vorg\u00e4nger <a class=\"transition-colors duration-200 cursor-pointer text-inherit no-underline text-salemsfur md:hover:text-magenta md:hover:border-magenta md:focus:text-magenta border-current border-b border-solid break-words\" href=\"https:\/\/www.t-online.de\/themen\/winfried-kretschmann\/\" data-sctrack=\"BodyAnchor\" target=\"_blank\" rel=\"noopener\">Winfried Kretschmann<\/a>, der 2021 das historisch beste <a class=\"transition-colors duration-200 cursor-pointer text-inherit no-underline text-salemsfur md:hover:text-magenta md:hover:border-magenta md:focus:text-magenta border-current border-b border-solid break-words\" href=\"https:\/\/www.t-online.de\/themen\/wahlergebnis\/\" data-sctrack=\"BodyAnchor\" target=\"_blank\" rel=\"noopener\">Wahlergebnis<\/a> f\u00fcr die Gr\u00fcnen geholt hatte, gebe sich \u00d6zdemir im Wahlkampf &#8222;hyperpragmatisch&#8220; und &#8222;konservativer als mancher konservative Ministerpr\u00e4sident&#8220;, analysierte Repinski. Das sei auch der einzige Weg, der seiner Meinung nach zum Erfolg f\u00fchren k\u00f6nnte. \u00d6zdemirs Wahlergebnis werde auch mit entscheidend daf\u00fcr sein, in welche politische Richtung sich die Bundesgr\u00fcnen bewegen, so der Journalist.<\/p>\n<p class=\"text-18 leading-17\">Im Studio angekommen begr\u00fc\u00dfte \u00d6zdemir Maischberger nicht etwa mit einem H\u00e4ndesch\u00fctteln, sondern indem er seine Faust gegen ihre stie\u00df. &#8222;Es ist nicht Corona wieder zur\u00fcck, sondern Sie haben zwei gebrochene Finger&#8220;, erkl\u00e4rte Maischberger die ungew\u00f6hnliche Geste. Er habe Handball gespielt, so \u00d6zdemir.<\/p>\n<p class=\"text-18 leading-17\">Vor provokanten Fragen blieb er dennoch nicht verschont. &#8222;Sind Sie \u00fcberhaupt noch gr\u00fcn?&#8220;, wollte Maischberger von ihm wissen. Er sei baden-w\u00fcrttembergischer Gr\u00fcner und die seien eben &#8222;schon lange etwas anders&#8220;, erkl\u00e4rte der Spitzenkandidat und nutzte die Gelegenheit auch &#8222;zur Ehrenrettung der Bundespartei&#8220;. Er kritisiere seine Partei ja gerne, aber in entscheidenden Momenten habe sie schon &#8222;sehr vern\u00fcnftig agiert&#8220;, so \u00d6zdemir. Als Beispiele nannte er unter anderem den Beitrag der Gr\u00fcnen zur \u00c4nderung der <a class=\"transition-colors duration-200 cursor-pointer text-inherit no-underline text-salemsfur md:hover:text-magenta md:hover:border-magenta md:focus:text-magenta border-current border-b border-solid break-words\" href=\"https:\/\/www.t-online.de\/themen\/schuldenbremse\/\" data-sctrack=\"BodyAnchor\" target=\"_blank\" rel=\"noopener\">Schuldenbremse<\/a> und die Tatsache, dass die Gr\u00fcnen den Bau der Nord-Stream-Pipelines 1 und 2 von Anfang an nicht f\u00fcr richtig gehalten haben.<\/p>\n<p class=\"text-18 leading-17\">Deutliche Worte fand er \u00fcber die aktuelle Regierung: &#8222;Wir m\u00fcssen in Deutschland auch mal Dinge entscheiden \u2013 wir stellen st\u00e4ndig Dinge infrage, die wir gestern entschieden haben&#8220;, so seine Kritik. Das Ergebnis sei ein Dauerstreit und Schaden f\u00fcr den Standort. &#8222;Das ist ein F\u00f6rder-Programm f\u00fcr die <a class=\"transition-colors duration-200 cursor-pointer text-inherit no-underline text-salemsfur md:hover:text-magenta md:hover:border-magenta md:focus:text-magenta border-current border-b border-solid break-words\" href=\"https:\/\/www.t-online.de\/themen\/alternative-fuer-deutschland\/\" data-sctrack=\"BodyAnchor\" target=\"_blank\" rel=\"noopener\">AfD<\/a>, was da gerade aufgef\u00fchrt wird&#8220;, so der Gr\u00fcne. Auch nutze es der AfD, wenn der Bundeskanzler Klimaziele aus dem <a class=\"transition-colors duration-200 cursor-pointer text-inherit no-underline text-salemsfur md:hover:text-magenta md:hover:border-magenta md:focus:text-magenta border-current border-b border-solid break-words\" href=\"https:\/\/www.t-online.de\/themen\/koalitionsvertrag\/\" data-sctrack=\"BodyAnchor\" target=\"_blank\" rel=\"noopener\">Koalitionsvertrag<\/a> infrage stelle, warnte \u00d6zdemir. Um in Deutschland Putin-, Trump- und Erdogan-Freunde in der Regierung zu verhindern, m\u00fcsse man die Parteipolitik beiseite lassen. <a class=\"transition-colors duration-200 cursor-pointer text-inherit no-underline text-salemsfur md:hover:text-magenta md:hover:border-magenta md:focus:text-magenta border-current border-b border-solid break-words\" href=\"https:\/\/www.t-online.de\/themen\/csu\/\" data-sctrack=\"BodyAnchor\" target=\"_blank\" rel=\"noopener\">CSU<\/a>, <a class=\"transition-colors duration-200 cursor-pointer text-inherit no-underline text-salemsfur md:hover:text-magenta md:hover:border-magenta md:focus:text-magenta border-current border-b border-solid break-words\" href=\"https:\/\/www.t-online.de\/themen\/cdu\/\" data-sctrack=\"BodyAnchor\" target=\"_blank\" rel=\"noopener\">CDU<\/a>, <a class=\"transition-colors duration-200 cursor-pointer text-inherit no-underline text-salemsfur md:hover:text-magenta md:hover:border-magenta md:focus:text-magenta border-current border-b border-solid break-words\" href=\"https:\/\/www.t-online.de\/themen\/spd\/\" data-sctrack=\"BodyAnchor\" target=\"_blank\" rel=\"noopener\">SPD<\/a> und Gr\u00fcne sollen zusammen agieren. &#8222;Erst das Land, dann die Partei, dann die Person&#8220;, so \u00d6zdemir.<\/p>\n","protected":false},"excerpt":{"rendered":"Gr\u00fcner Ex-Minister bei &#8222;Maischberger&#8220; \u00d6zdemir begr\u00fc\u00dft Moderatorin mit ungew\u00f6hnlicher Geste 11.12.2025 &#8211; 03:43 UhrLesedauer: 4 Min. Cem \u00d6zdemir&hellip;\n","protected":false},"author":2,"featured_media":638267,"comment_status":"","ping_status":"","sticky":false,"template":"","format":"standard","meta":{"footnotes":""},"categories":[1773],"tags":[1217,9239,326,186,1634,21,31,51,100454,29,536,214,548,775,30,150458,27003,19399,93426,150459,12096,15213,471,1780,184,46554,215,6799,11980],"class_list":{"0":"post-638266","1":"post","2":"type-post","3":"status-publish","4":"format-standard","5":"has-post-thumbnail","7":"category-serien","8":"tag-1217","9":"tag-9239","10":"tag-326","11":"tag-afd","12":"tag-baden-wuerttemberg","13":"tag-buendnis-90-die-gruenen","14":"tag-cdu","15":"tag-cem-oezdemir","16":"tag-christian-moelling","17":"tag-deutschland","18":"tag-die-linke","19":"tag-entertainment","20":"tag-eu","21":"tag-friedrich-merz","22":"tag-germany","23":"tag-haendeschuetteln","24":"tag-jan-van-aken","25":"tag-landtagswahl","26":"tag-neue-zuercher-zeitung","27":"tag-petra-gerster","28":"tag-repinski","29":"tag-sandra-maischberger","30":"tag-serien","31":"tag-series","32":"tag-spd","33":"tag-susanne-gaschke","34":"tag-unterhaltung","35":"tag-wahlkampf","36":"tag-winfried-kretschmann"},"share_on_mastodon":{"url":"https:\/\/pubeurope.com\/@de\/115698894277234456","error":""},"_links":{"self":[{"href":"https:\/\/www.europesays.com\/de\/wp-json\/wp\/v2\/posts\/638266","targetHints":{"allow":["GET"]}}],"collection":[{"href":"https:\/\/www.europesays.com\/de\/wp-json\/wp\/v2\/posts"}],"about":[{"href":"https:\/\/www.europesays.com\/de\/wp-json\/wp\/v2\/types\/post"}],"author":[{"embeddable":true,"href":"https:\/\/www.europesays.com\/de\/wp-json\/wp\/v2\/users\/2"}],"replies":[{"embeddable":true,"href":"https:\/\/www.europesays.com\/de\/wp-json\/wp\/v2\/comments?post=638266"}],"version-history":[{"count":0,"href":"https:\/\/www.europesays.com\/de\/wp-json\/wp\/v2\/posts\/638266\/revisions"}],"wp:featuredmedia":[{"embeddable":true,"href":"https:\/\/www.europesays.com\/de\/wp-json\/wp\/v2\/media\/638267"}],"wp:attachment":[{"href":"https:\/\/www.europesays.com\/de\/wp-json\/wp\/v2\/media?parent=638266"}],"wp:term":[{"taxonomy":"category","embeddable":true,"href":"https:\/\/www.europesays.com\/de\/wp-json\/wp\/v2\/categories?post=638266"},{"taxonomy":"post_tag","embeddable":true,"href":"https:\/\/www.europesays.com\/de\/wp-json\/wp\/v2\/tags?post=638266"}],"curies":[{"name":"wp","href":"https:\/\/api.w.org\/{rel}","templated":true}]}}