{"id":638268,"date":"2025-12-11T03:49:22","date_gmt":"2025-12-11T03:49:22","guid":{"rendered":"https:\/\/www.europesays.com\/de\/638268\/"},"modified":"2025-12-11T03:49:22","modified_gmt":"2025-12-11T03:49:22","slug":"antenna-baden-wuerttemberg-wird-nach-5-jahren-eingestellt","status":"publish","type":"post","link":"https:\/\/www.europesays.com\/de\/638268\/","title":{"rendered":"antenna Baden-W\u00fcrttemberg wird nach 5 Jahren eingestellt"},"content":{"rendered":"<p>Der als Frauenradio gestartete Privatsender <strong>antenna Baden-W\u00fcrttemberg<\/strong> \u2013 urspr\u00fcnglich 2021 unter dem Namen <a href=\"https:\/\/www.radioszene.de\/151207\/anna-fm.html\" target=\"_blank\" rel=\"noopener\">anna.fm<\/a> auf dem landesweiten DAB+ Multiplex gestartet \u2013 stellt zum <strong>31. Dezember 2025<\/strong> seinen Betrieb vollst\u00e4ndig ein. Das best\u00e4tigte <strong>DONAU 3 FM-Gesch\u00e4ftsf\u00fchrer Carlheinz Gern<\/strong> gegen\u00fcber RADIOSZENE. Damit endet ein f\u00fcnfj\u00e4hriges Experiment, das in der deutschen Radiolandschaft selten war: ein gemeinschaftlich produziertes Programm, gestaltet im w\u00f6chentlichen Wechsel von den weiblichen Teams dreier s\u00fcdwestdeutscher Lokalsender.<\/p>\n<p><a href=\"https:\/\/www.radioszene.de\/wp-content\/uploads\/2025\/12\/antenna-baden-wuerttemberg-fb.png\" target=\"_blank\" rel=\"noopener\"><img fetchpriority=\"high\" decoding=\"async\" class=\"aligncenter size-large wp-image-208705\" src=\"https:\/\/www.europesays.com\/de\/wp-content\/uploads\/2025\/12\/antenna-baden-wuerttemberg-fb-750x394.png\" alt=\"antenna bw\" width=\"750\" height=\"394\" title=\"antenna Baden-W\u00fcrttemberg wird nach 5 Jahren eingestellt\"  \/><\/a><\/p>\n<p>Ein ambitioniertes Gemeinschaftsprojekt<\/p>\n<p>ANTENNA BW war ein Kooperationsprojekt von <strong>baden.fm<\/strong> (Freiburg), <strong>die neue welle<\/strong> (Karlsruhe) und <strong>DONAU 3 FM<\/strong>(Ulm). Die Idee: ein eigenes Format f\u00fcr eine weibliche Zielgruppe \u2013 produziert von Frauen f\u00fcr Frauen. Die Beteiligten investierten viel Engagement, Herzblut und Kreativit\u00e4t in das Programm. Umso schwerer f\u00e4llt nun das Aus: \u201eDass dieses Projekt nun leider eingestellt wird, wird von allen Beteiligten sehr bedauert\u201c, so Gern.<\/p>\n<p>Wirtschaftlichkeit scheitert an DAB+ Kosten<\/p>\n<p>Als Hauptgrund f\u00fcr das Ende nennt Gern die wirtschaftlichen Rahmenbedingungen: \u201eEin kommerzielles Radioangebot kann nur dauerhaft \u00fcberleben, wenn es wirtschaftlich ist. Insbesondere die hohen Verbreitungskosten von DAB+ sind dabei eine besondere Herausforderung. Leider ist es uns innerhalb der letzten 5 Jahre nicht gelungen, das Programmangebot rentabel zu gestalten.\u201c<\/p>\n<p>Bereits seit <strong>Anfang November 2025<\/strong> sendet die Station ohne Moderation. Auch ein Weiterbetrieb als reiner Webstream wird nicht erfolgen: \u201eJa, das Programm wird zum 31.12.2025 komplett eingestellt.\u201c<\/p>\n<p><a href=\"https:\/\/www.radioszene.de\/wp-content\/uploads\/2025\/12\/ANTENNE-BW-Sendegebiet.jpg\" target=\"_blank\" rel=\"noopener\"><img loading=\"lazy\" decoding=\"async\" class=\"aligncenter size-large wp-image-208706\" src=\"https:\/\/www.europesays.com\/de\/wp-content\/uploads\/2025\/12\/ANTENNE-BW-Sendegebiet-750x750.jpg\" alt=\"ANTENNE BW Sendegebiet\" width=\"750\" height=\"750\" title=\"antenna Baden-W\u00fcrttemberg wird nach 5 Jahren eingestellt\"  \/><\/a><\/p>\n<p>Verpasste Vermarktungschance trotz ma-Erfolg<\/p>\n<p><a href=\"https:\/\/radiokombi-cpmedia.de\" target=\"_blank\" rel=\"noopener\"><img loading=\"lazy\" decoding=\"async\" class=\"alignright wp-image-130756\" title=\"RADIO KOMBI CP MEDIA S\u00dcDWEST-Logo\" src=\"https:\/\/www.europesays.com\/de\/wp-content\/uploads\/2025\/12\/RadioKombi-CPMSW-Logo-fb-260x136.png\" alt=\"RADIO KOMBI CP MEDIA S\u00dcDWEST-Logo\" width=\"200\" height=\"105\"  \/><\/a>Besonders bitter f\u00fcr die Betreiber: Laut Gern erzielte ANTENNA BW in der <a href=\"https:\/\/www.radioszene.de\/204325\/ma-media-analyse-ma-2025-audio-ii.html\" target=\"_blank\" rel=\"noopener\">ma Audio 2025 II<\/a> erstmals Werte, die eine Aufnahme in die <strong>nationale Vermarktung<\/strong> durch die <a href=\"https:\/\/radiokombi-cpmedia.de\" target=\"_blank\" rel=\"noopener\">RADIOKOMBI CP Media S\u00fcdwest<\/a> erm\u00f6glicht h\u00e4tten. Doch dazu kam es nicht: \u201eAllerdings gibt es gewichtige Akteure innerhalb der RKCP, die die Aufnahme der Antenna BW in die Vermarktung verhindert haben. Die Erl\u00f6se aus der aktuellen ma Audio 2025 II h\u00e4tten der Wirtschaftlichkeit von Antenna BW einen erheblichen Vorschub geleistet.\u201c<\/p>\n<p>Damit reiht sich ANTENNA BW in die Liste von Frauenradio-Projekten ein, die es trotz inhaltlicher Ideen und engagierter Umsetzung schwer haben, sich im deutschen Markt zu behaupten \u2013 zuletzt war bereits <a href=\"https:\/\/www.radioszene.de\/185030\/femotion-radio-abschied.html\" target=\"_blank\" rel=\"noopener\">FEMOTION Radio <\/a>eingestellt worden.<\/p>\n<p>Ein strukturelles Problem?<br \/>\n<a href=\"https:\/\/www.radioszene.de\/wp-content\/uploads\/2018\/01\/carlheinz-gern-2017-q600.jpg\" target=\"_blank\" rel=\"noopener\"><img loading=\"lazy\" decoding=\"async\" class=\"wp-image-117010\" title=\"Carheinz Gern (Bild: \u00a9Donau 3 FM)\" src=\"https:\/\/www.europesays.com\/de\/wp-content\/uploads\/2025\/12\/carlheinz-gern-2017-q600-260x260.jpg\" alt=\"Carheinz Gern (Bild: \u00a9Donau 3 FM)\" width=\"200\" height=\"200\"  \/><\/a>Carheinz Gern (Bild: \u00a9Donau 3 FM)<\/p>\n<p>Ob das Scheitern auf das Genre \u201eFrauenradio\u201c zur\u00fcckzuf\u00fchren ist oder auf die wirtschaftlichen Bedingungen im regionalen DAB+ Markt, bleibt offen. Gern formuliert es so: \u201eWir mussten uns am Ende der Realit\u00e4t stellen, dass sich die Vermarktung und Positionierung eines Radioformates f\u00fcr Frauen im DAB+ Regionalprogramm Baden-W\u00fcrttemberg als sehr schwierig herausgestellt hat.\u201c<\/p>\n<p>Antenne 1 Neckarburg \u00fcbernimmt DAB+ Programmplatz<\/p>\n<p>Mit dem Aus von ANTENNA BW verliert der baden-w\u00fcrttembergische Radiomarkt ein seltenes Format und eines der wenigen Projekte, das redaktionell konsequent auf weibliche Perspektiven setzte. Mit dem Jahreswechsel wird der Programmplatz aber nicht unbesetzt bleiben: Ab dem <strong style=\"font-size: inherit;\">1. Januar 2026<\/strong> \u00fcbernimmt <a style=\"font-size: inherit;\" href=\"https:\/\/www.radioszene.de\/208304\/antenne-1-neckarburg-2026.html\" target=\"_blank\" rel=\"noopener\">antenne 1 Neckarburg Rock &amp; Pop<\/a> den frei werdenden DAB+ Platz auf dem landesweiten Multiplex \u2013 vermarktet von der RADIOKOMBI CP S\u00fcdwest.<\/p>\n<p>\u00a0<\/p>\n<p>\t\t\t\t\t<a href=\"https:\/\/www.radioszene.de\/tag\/baden-wurttemberg\" rel=\"tag noopener\" target=\"_blank\">Baden-W\u00fcrttemberg<\/a><a href=\"https:\/\/www.radioszene.de\/tag\/dab\" rel=\"tag noopener\" target=\"_blank\">DAB+<\/a><a href=\"https:\/\/www.radioszene.de\/tag\/digitalradio\" rel=\"tag noopener\" target=\"_blank\">Digitalradio<\/a>\t\t\t\t<\/p>\n","protected":false},"excerpt":{"rendered":"Der als Frauenradio gestartete Privatsender antenna Baden-W\u00fcrttemberg \u2013 urspr\u00fcnglich 2021 unter dem Namen anna.fm auf dem landesweiten DAB+&hellip;\n","protected":false},"author":2,"featured_media":638269,"comment_status":"","ping_status":"","sticky":false,"template":"","format":"standard","meta":{"footnotes":""},"categories":[1772],"tags":[29,214,30,1779,810,215],"class_list":{"0":"post-638268","1":"post","2":"type-post","3":"status-publish","4":"format-standard","5":"has-post-thumbnail","7":"category-musik","8":"tag-deutschland","9":"tag-entertainment","10":"tag-germany","11":"tag-music","12":"tag-musik","13":"tag-unterhaltung"},"share_on_mastodon":{"url":"https:\/\/pubeurope.com\/@de\/115698897595114467","error":""},"_links":{"self":[{"href":"https:\/\/www.europesays.com\/de\/wp-json\/wp\/v2\/posts\/638268","targetHints":{"allow":["GET"]}}],"collection":[{"href":"https:\/\/www.europesays.com\/de\/wp-json\/wp\/v2\/posts"}],"about":[{"href":"https:\/\/www.europesays.com\/de\/wp-json\/wp\/v2\/types\/post"}],"author":[{"embeddable":true,"href":"https:\/\/www.europesays.com\/de\/wp-json\/wp\/v2\/users\/2"}],"replies":[{"embeddable":true,"href":"https:\/\/www.europesays.com\/de\/wp-json\/wp\/v2\/comments?post=638268"}],"version-history":[{"count":0,"href":"https:\/\/www.europesays.com\/de\/wp-json\/wp\/v2\/posts\/638268\/revisions"}],"wp:featuredmedia":[{"embeddable":true,"href":"https:\/\/www.europesays.com\/de\/wp-json\/wp\/v2\/media\/638269"}],"wp:attachment":[{"href":"https:\/\/www.europesays.com\/de\/wp-json\/wp\/v2\/media?parent=638268"}],"wp:term":[{"taxonomy":"category","embeddable":true,"href":"https:\/\/www.europesays.com\/de\/wp-json\/wp\/v2\/categories?post=638268"},{"taxonomy":"post_tag","embeddable":true,"href":"https:\/\/www.europesays.com\/de\/wp-json\/wp\/v2\/tags?post=638268"}],"curies":[{"name":"wp","href":"https:\/\/api.w.org\/{rel}","templated":true}]}}