{"id":638292,"date":"2025-12-11T04:09:13","date_gmt":"2025-12-11T04:09:13","guid":{"rendered":"https:\/\/www.europesays.com\/de\/638292\/"},"modified":"2025-12-11T04:09:13","modified_gmt":"2025-12-11T04:09:13","slug":"noch-keine-geschenk-idee-chemnitzer-originale-zwischen-10-und-300-euro","status":"publish","type":"post","link":"https:\/\/www.europesays.com\/de\/638292\/","title":{"rendered":"Noch keine Geschenk-Idee? Chemnitzer Originale zwischen 10 und 300 Euro"},"content":{"rendered":"<p class=\"bold\">\n\t\t\t\t\t\t\t\t\t\tBei Geschenken mit Geschichte sieht es zumindest so aus, als h\u00e4tte man sich Gedanken gemacht. In Chemnitz gibt es daf\u00fcr viele Ideen. Auch f\u00fcr Schenker, die m\u00f6glichst wenig Aufwand haben wollen, gibt es eine Option.\t\t\t\t<\/p>\n<p>\t\t\t\t Genie\u00dfen: Wer wenig Zeit f\u00fcr seine Liebsten hat, kauft einfach das Chemnitzer Genuss-Set: eine Geschenkebox gef\u00fcllt mit Kaffee, Schokolade, Honig, Eierlik\u00f6r und Cola, um Beispiele zu nennen. Die Waren stammen alle aus Chemnitzer Produktion. Die Menge h\u00e4ngt vom Preis ab, die Boxen gibt es von 19 bis 59 Euro. Erh\u00e4ltlich ist das Genuss-Set in&#8230;<\/p>\n<p>\t\t<img decoding=\"async\" class=\"fp-plus-logo\" src=\"https:\/\/www.freiepresse.de\/img\/fpplus.svg\" alt=\"Freie Presse plus Logo\"\/><\/p>\n<p>Registrieren und testen.<\/p>\n<p>Jetzt mit Ihrer Registrierung 1 Monat gratis testen und alle Beitr\u00e4ge lesen.<\/p>\n<p>Schon Abonnent? Melden Sie sich mit ihren Zugangsdaten an.<\/p>\n","protected":false},"excerpt":{"rendered":"Bei Geschenken mit Geschichte sieht es zumindest so aus, als h\u00e4tte man sich Gedanken gemacht. In Chemnitz gibt&hellip;\n","protected":false},"author":2,"featured_media":638293,"comment_status":"","ping_status":"","sticky":false,"template":"","format":"standard","meta":{"footnotes":""},"categories":[1851],"tags":[2770,3364,29,548,663,3934,3858,30,13,14,15,859,12],"class_list":{"0":"post-638292","1":"post","2":"type-post","3":"status-publish","4":"format-standard","5":"has-post-thumbnail","7":"category-chemnitz","8":"tag-chemnitz","9":"tag-de","10":"tag-deutschland","11":"tag-eu","12":"tag-europa","13":"tag-europe","14":"tag-firmenleben-firmen-in-not","15":"tag-germany","16":"tag-headlines","17":"tag-nachrichten","18":"tag-news","19":"tag-sachsen","20":"tag-schlagzeilen"},"share_on_mastodon":{"url":"https:\/\/pubeurope.com\/@de\/115698975785633609","error":""},"_links":{"self":[{"href":"https:\/\/www.europesays.com\/de\/wp-json\/wp\/v2\/posts\/638292","targetHints":{"allow":["GET"]}}],"collection":[{"href":"https:\/\/www.europesays.com\/de\/wp-json\/wp\/v2\/posts"}],"about":[{"href":"https:\/\/www.europesays.com\/de\/wp-json\/wp\/v2\/types\/post"}],"author":[{"embeddable":true,"href":"https:\/\/www.europesays.com\/de\/wp-json\/wp\/v2\/users\/2"}],"replies":[{"embeddable":true,"href":"https:\/\/www.europesays.com\/de\/wp-json\/wp\/v2\/comments?post=638292"}],"version-history":[{"count":0,"href":"https:\/\/www.europesays.com\/de\/wp-json\/wp\/v2\/posts\/638292\/revisions"}],"wp:featuredmedia":[{"embeddable":true,"href":"https:\/\/www.europesays.com\/de\/wp-json\/wp\/v2\/media\/638293"}],"wp:attachment":[{"href":"https:\/\/www.europesays.com\/de\/wp-json\/wp\/v2\/media?parent=638292"}],"wp:term":[{"taxonomy":"category","embeddable":true,"href":"https:\/\/www.europesays.com\/de\/wp-json\/wp\/v2\/categories?post=638292"},{"taxonomy":"post_tag","embeddable":true,"href":"https:\/\/www.europesays.com\/de\/wp-json\/wp\/v2\/tags?post=638292"}],"curies":[{"name":"wp","href":"https:\/\/api.w.org\/{rel}","templated":true}]}}