{"id":638302,"date":"2025-12-11T04:14:17","date_gmt":"2025-12-11T04:14:17","guid":{"rendered":"https:\/\/www.europesays.com\/de\/638302\/"},"modified":"2025-12-11T04:14:17","modified_gmt":"2025-12-11T04:14:17","slug":"so-steht-es-um-augsburgs-kinos","status":"publish","type":"post","link":"https:\/\/www.europesays.com\/de\/638302\/","title":{"rendered":"So steht es um Augsburgs Kinos"},"content":{"rendered":"<p class=\"mb-6 text-xs md:text-m lg:text-l font-serif group-[.font-sans]:font-sans \">\n    1957 gab es in Augsburg noch 20 Kinos mit mehr als 9500 Pl\u00e4tzen, die \u00fcber drei Millionen Besucher anzogen. Heute sind nur wenige davon geblieben, viele traditionelle Spielst\u00e4tten wie der Filmpalast oder das Capitol sind l\u00e4ngst verschwunden. Und nun droht mit der <a href=\"https:\/\/www.augsburger-allgemeine.de\/schlagworte\/aa-insolvenz\" target=\"_self\" class=\"underline \" rel=\"nofollow noopener\">Insolvenz<\/a> des Thalia-Betreibers der Abschied weiterer Traditionsh\u00e4user. Die Kinolandschaft ver\u00e4ndert sich massiv. Das bekommen auch die gro\u00dfen Multiplexkinos zu sp\u00fcren. Sie reagieren mit neuen Konzepten. Auch die Betreiber des kleineren Programmkinos Liliom \u00e4u\u00dfern sich zur derzeitigen Lage \u2013 mit einer \u00fcberraschenden Bilanz.\n  <\/p>\n<ul data-module-id=\"DragDropModule\" class=\"flex flex-wrap justify-start group-[.no-bookmarks]:hidden\">\n<li class=\"mb-3 mr-3\">\n    Andrea Wenzel<\/p>\n<p>      Icon Haken im Kreis gesetzt<\/p>\n<p>      Icon Plus im Kreis<\/p>\n<\/li>\n<li class=\"mb-3 mr-3\">\n    Kinofilm<\/p>\n<p>      Icon Haken im Kreis gesetzt<\/p>\n<p>      Icon Plus im Kreis<\/p>\n<\/li>\n<li class=\"mb-3 mr-3\">\n    Augsburg<\/p>\n<p>      Icon Haken im Kreis gesetzt<\/p>\n<p>      Icon Plus im Kreis<\/p>\n<\/li>\n<\/ul>\n","protected":false},"excerpt":{"rendered":"1957 gab es in Augsburg noch 20 Kinos mit mehr als 9500 Pl\u00e4tzen, die \u00fcber drei Millionen Besucher&hellip;\n","protected":false},"author":2,"featured_media":638303,"comment_status":"","ping_status":"","sticky":false,"template":"","format":"standard","meta":{"footnotes":""},"categories":[1846],"tags":[1601,680,772,296,74712,162,3364,29,548,663,3934,30,13,1551,1896,150460,14,15,150461,12,1897],"class_list":{"0":"post-638302","1":"post","2":"type-post","3":"status-publish","4":"format-standard","5":"has-post-thumbnail","7":"category-augsburg","8":"tag-amtsgericht","9":"tag-augsburg","10":"tag-bayern","11":"tag-berlin","12":"tag-cinemaxx","13":"tag-coronavirus","14":"tag-de","15":"tag-deutschland","16":"tag-eu","17":"tag-europa","18":"tag-europe","19":"tag-germany","20":"tag-headlines","21":"tag-insolvenz","22":"tag-kinofilm","23":"tag-lechflimmern","24":"tag-nachrichten","25":"tag-news","26":"tag-sandra-backhaus","27":"tag-schlagzeilen","28":"tag-streaming"},"share_on_mastodon":{"url":"https:\/\/pubeurope.com\/@de\/115698995306966389","error":""},"_links":{"self":[{"href":"https:\/\/www.europesays.com\/de\/wp-json\/wp\/v2\/posts\/638302","targetHints":{"allow":["GET"]}}],"collection":[{"href":"https:\/\/www.europesays.com\/de\/wp-json\/wp\/v2\/posts"}],"about":[{"href":"https:\/\/www.europesays.com\/de\/wp-json\/wp\/v2\/types\/post"}],"author":[{"embeddable":true,"href":"https:\/\/www.europesays.com\/de\/wp-json\/wp\/v2\/users\/2"}],"replies":[{"embeddable":true,"href":"https:\/\/www.europesays.com\/de\/wp-json\/wp\/v2\/comments?post=638302"}],"version-history":[{"count":0,"href":"https:\/\/www.europesays.com\/de\/wp-json\/wp\/v2\/posts\/638302\/revisions"}],"wp:featuredmedia":[{"embeddable":true,"href":"https:\/\/www.europesays.com\/de\/wp-json\/wp\/v2\/media\/638303"}],"wp:attachment":[{"href":"https:\/\/www.europesays.com\/de\/wp-json\/wp\/v2\/media?parent=638302"}],"wp:term":[{"taxonomy":"category","embeddable":true,"href":"https:\/\/www.europesays.com\/de\/wp-json\/wp\/v2\/categories?post=638302"},{"taxonomy":"post_tag","embeddable":true,"href":"https:\/\/www.europesays.com\/de\/wp-json\/wp\/v2\/tags?post=638302"}],"curies":[{"name":"wp","href":"https:\/\/api.w.org\/{rel}","templated":true}]}}