{"id":638380,"date":"2025-12-11T05:09:21","date_gmt":"2025-12-11T05:09:21","guid":{"rendered":"https:\/\/www.europesays.com\/de\/638380\/"},"modified":"2025-12-11T05:09:21","modified_gmt":"2025-12-11T05:09:21","slug":"energie-kommune-stuttgart-auf-dem-weg-zur-klimaneutralen-landeshauptstadt","status":"publish","type":"post","link":"https:\/\/www.europesays.com\/de\/638380\/","title":{"rendered":"Energie-Kommune Stuttgart: Auf dem Weg zur klimaneutralen Landeshauptstadt"},"content":{"rendered":"<p><a href=\"https:\/\/www.energiezukunft.eu\/fileadmin\/_processed_\/1\/7\/csm_buergerenergie_stuttgart_jan-bottinger_unsplash_1b3a278d49.jpg\" class=\"jnlightbox detailPostImage\" rel=\"lightbox[lb13275] noopener\" data-title=\"&lt;p&gt;Baden-W\u00fcrttembergs Landeshauptstadt Stuttgart wurde von der AEE als Energiekommune ausgezeichnet. (Foto: &lt;a href=&quot;https:\/\/unsplash.com\/de\/@bttngr&quot;&gt;Jan B\u00f6ttinger&lt;\/a&gt; on &lt;a href=&quot;https:\/\/unsplash.com\/de\/fotos\/weisses-und-rotes-kreuz-auf-grunem-rasen-tagsuber-mFBh4x79dwI&quot;&gt;Unsplash&lt;\/a&gt; License)&lt;\/p&gt;\" target=\"_blank\"><img loading=\"lazy\" decoding=\"async\" src=\"https:\/\/www.europesays.com\/de\/wp-content\/uploads\/2025\/12\/csm_buergerenergie_stuttgart_jan-bottinger_unsplash_1be187394d.jpg\" width=\"1050\" height=\"700\" alt=\"Blick von einem gr\u00fcnen H\u00fcgel mit einem Fernsehturm auf die Stadt Stuttgart\" title=\"Stadt Stuttgart\"\/><\/a><\/p>\n<p>                                    Baden-W\u00fcrttembergs Landeshauptstadt Stuttgart wurde von der AEE als Energiekommune ausgezeichnet. (Foto: <a href=\"https:\/\/unsplash.com\/de\/@bttngr\" target=\"_blank\" rel=\"noopener\">Jan B\u00f6ttinger<\/a> on <a href=\"https:\/\/unsplash.com\/de\/fotos\/weisses-und-rotes-kreuz-auf-grunem-rasen-tagsuber-mFBh4x79dwI\" target=\"_blank\" rel=\"noopener\">Unsplash<\/a> License)<\/p>\n<p><a href=\"\" id=\"copyLink\" rel=\"nofollow\" title=\"Kopieren\" role=\"button\" aria-label=\"copy\" onclick=\"copyToClipboard(event)\"><img decoding=\"async\" class=\"gray-logo\" src=\"https:\/\/www.europesays.com\/de\/wp-content\/uploads\/2025\/05\/link.png\" alt=\"Copy\"\/><img decoding=\"async\" class=\"colorful-logo\" src=\"https:\/\/www.europesays.com\/de\/wp-content\/uploads\/2025\/05\/link-hover.png\" alt=\"Copy\"\/><\/a><\/p>\n<p class=\"DefaultEinleitung MetaOTMedi\">In Sachen Energie- und Klimawende punkten die Stuttgarter mit einer fl\u00e4chendeckenden energetischen Sanierung, zukunftsorientierter Quartiersentwicklung und einer europ\u00e4ischen Energie-Partnerschaft. Bei der Mobilit\u00e4tswende ist aber noch viel zu tun.<\/p>\n<p>11.12.2025 \u2013 Die baden-w\u00fcrttembergische Landeshauptstadt \u00fcberzeugt seit Jahren mit ihren Bestrebungen hin zu einer klimaneutralen Stadt, findet die Agentur f\u00fcr Erneuerbare Energien e. V. (AEE) und zeichnet die Stadt Stuttgart als Energie-Kommune des Monats Dezember 2025 aus. Bereits Mitte der Siebzigerjahre begann Stuttgart demnach mit einem kommunalen Energiemanagement. Das 1995 entwickelte <strong>stadtinterne Contracting<\/strong> gilt als Vorreitermodel.<\/p>\n<p>Dank der st\u00e4dtischen Energierichtlinie sollen <strong>alle st\u00e4dtischen Neubauten als Plusenergiegeb\u00e4ude<\/strong> konzipiert werden. Die Stadt saniert \u00f6ffentliche Geb\u00e4ude wie Schulen im gro\u00dfen Stil energetisch und unterst\u00fctzt auch Ma\u00dfnahmen privater Haushalte finanziell. Programme zur Begr\u00fcnung von D\u00e4chern und Fassaden, zur Regenwasserbewirtschaftung sowie zur nachhaltigen Mobilit\u00e4t erg\u00e4nzen dieses Angebot, berichtet die AEE.<\/p>\n<p>Auch die Stuttgarter Quartiersentwicklung sei ein Teil der lokalen Nachhaltigkeitsstrategie. Unter Beteiligung der B\u00fcrger werden im NeckarPark und dem geplanten Quartier Rosenstein urbane, soziale und klimaangepasste Stadtgebiete entwickelt.<\/p>\n<p>Energie-Partnerstadt 3.0<\/p>\n<p>Gegenw\u00e4rtig steht Stuttgart mit der moldawischen Stadt B\u0103l\u021bi im interkulturellen Austausch und Wissenstransfer zu Erneuerbaren Energien. \u201eIm Projekt Energiewende Partnerstadt 3.0 konnte die Landeshauptstadt Stuttgart ihre Vorreiterrolle im Bereich Erneuerbare Energien auch im europ\u00e4ischen Ausland einbringen\u201c, sagt Andreas Neft, Leiter des Umweltamts. \u201eWir freuen uns, dass wir im Austausch mit der Stadt B\u0103l\u021bi die Vorz\u00fcge eines fortlaufenden Energiemanagements aufzeigen konnten und nach unserem Vorbild eine Energierichtlinie entwickelt wurde.&#8220;<\/p>\n<p>Die Stadt Stuttgart habe schon fr\u00fch erkannt, worauf es bei der Energiewende ankommt, kommentiert AEE-Gesch\u00e4ftsf\u00fchrer Robert Brandt die Auszeichnung. \u201eAmbitioniertes kommunales Engagement und Kontinuit\u00e4t sind zwei wesentliche Faktoren einer positiven Stadtentwicklung im Sinne der Energiewende, womit die Landeshauptstadt ihrer Strahlkraft gerecht wird.\u201c<\/p>\n<p>                                    Mehr zum Thema<\/p>\n<p>                                            Nachgefragt<\/p>\n<p>                                <a title=\"\u201eEin Cappuccino mit Winfried Kretschmann? Gerne!\u201c\" href=\"https:\/\/www.energiezukunft.eu\/umweltschutz\/ein-cappuccino-mit-winfried-kretschmann-gerne\" target=\"_blank\" rel=\"noopener\">\u201eEin Cappuccino mit Winfried Kretschmann? Gerne!\u201c<\/a>Dieselskandal, Gasbohrungen, Pestizide: Seit 50 Jahren setzt sich die Deutsche Umwelthilfe f\u00fcr Natur- und Verbraucherschutz ein. Die Folge sind massive Kritik und Kampagnen der fossilen Industrie. Doch insgesamt \u00fcberwiegen die positiven R\u00fcckmeldungen, berichtet Bundesgesch\u00e4ftsf\u00fchrer J\u00fcrgen Resch im Gespr\u00e4ch.<\/p>\n<p>J\u00fcrgen Resch, Bundesgesch\u00e4ftsf\u00fchrer der Deutschen Umwelthilfe e. V. (DUH)<\/p>\n<p><a title=\"\u201eEin Cappuccino mit Winfried Kretschmann? Gerne!\u201c\" href=\"https:\/\/www.energiezukunft.eu\/umweltschutz\/ein-cappuccino-mit-winfried-kretschmann-gerne\" target=\"_blank\" rel=\"noopener\"><img loading=\"lazy\" decoding=\"async\" src=\"https:\/\/www.europesays.com\/de\/wp-content\/uploads\/2025\/12\/csm_nachfefragt__Juergen-Resch_c_Stefan-Wieland_DUH_53016ec408.jpg\" width=\"905\" height=\"905\" alt=\"Portraitbild J\u00fcrgen Resch, Bundesgesch\u00e4ftsf\u00fchrer der Deutschen Umwelthilfe e. V. (DUH)\" title=\"J\u00fcrgen Resch, Bundesgesch\u00e4ftsf\u00fchrer der Deutschen Umwelthilfe e. V. (DUH)\"\/><\/a>Mobilit\u00e4tswende noch in Schieflage \u2013 aber auf dem Weg<\/p>\n<p>Bei Stuttgart denken wohl viele zuerst an die Probleme beim Bau von Stuttgart 21, das nicht aus den Schlagzeilen kommt. F\u00fcr den unterirdischen Bahnhof wurde bereits viel Energie verbraucht und CO2 emittiert \u2013 f\u00fcr viele Kilometer neue Tunnel, zwei Tiefbahnh\u00f6fe, einen neuen Abstellbahnhof, Br\u00fccken und die Verlegung von Stadtbahnstrecken. Stadtgr\u00fcn ging dabei verloren und stadtklimatisch gesehen werde die Frischluftversorgung des st\u00e4dtischen Kessels dadurch eingeschr\u00e4nkt, beklagen Umweltsch\u00fctzer.<\/p>\n<p>Die vielen Milliarden Euro f\u00fcr Stuttgart 21 h\u00e4tten aus Sicht des BUND sinnvoller, etwa f\u00fcr den Ausbau und die Elektrifizierung von Bahnstrecken in ganz Baden-W\u00fcrttemberg, eingesetzt werden k\u00f6nnen. In der Region Stuttgart betr\u00e4gt die t\u00e4gliche Pkw-Verkehrsleistung \u00fcber 53 Millionen Kilometer, 40 Prozent der Verkehrsleistung resultierten allein aus dem Berufsverkehr, berichtet die Wirtschaftsf\u00f6rderung Stuttgart auf ihrer Website und r\u00e4t dazu, eine neue Richtung einzuschlagen \u2013 f\u00fcr eine nachhaltige Mobilit\u00e4t.<\/p>\n<p>Mit dem Verkehrsentwicklungskonzept 2030 sei die Landeshauptstadt auf dem richtigen Kurs, aber es gibt noch sehr viel zu tun. Der <a href=\"https:\/\/www.stuttgart.de\/leben\/mobilitaet\/nachhaltige-mobilitaet\/mobilitaets-konzepte\/aktionsplan-nachhaltig-mobil\" target=\"_blank\" rel=\"noreferrer noopener\">Aktionsplan 2023 Nachhaltig und innovativ mobil in Stuttgart<\/a> sieht demnach vor, in den kommenden Jahren den nicht\u2010motorisierten Verkehr weiter zu f\u00f6rdern, den \u00f6ffentlichen Nahverkehr auszubauen und mehr Fahrradstra\u00dfen einzurichten. Die Energiekommune muss also auf dem Weg zur Klimaneutralit\u00e4t hinsichtlich der Mobilit\u00e4tswende noch einiges anpacken. na<\/p>\n","protected":false},"excerpt":{"rendered":"Baden-W\u00fcrttembergs Landeshauptstadt Stuttgart wurde von der AEE als Energiekommune ausgezeichnet. (Foto: Jan B\u00f6ttinger on Unsplash License) In Sachen&hellip;\n","protected":false},"author":2,"featured_media":638381,"comment_status":"","ping_status":"","sticky":false,"template":"","format":"standard","meta":{"footnotes":""},"categories":[1830],"tags":[28316,1634,3364,29,95775,150472,30,1236,150471,1441],"class_list":{"0":"post-638380","1":"post","2":"type-post","3":"status-publish","4":"format-standard","5":"has-post-thumbnail","7":"category-stuttgart","8":"tag-energetische-sanierung","9":"tag-baden-wuerttemberg","10":"tag-de","11":"tag-deutschland","12":"tag-dezentrale-energiewende","13":"tag-gebaeudeenergie","14":"tag-germany","15":"tag-kommunen","16":"tag-quartierskonzepte","17":"tag-stuttgart"},"share_on_mastodon":{"url":"https:\/\/pubeurope.com\/@de\/115699213128119410","error":""},"_links":{"self":[{"href":"https:\/\/www.europesays.com\/de\/wp-json\/wp\/v2\/posts\/638380","targetHints":{"allow":["GET"]}}],"collection":[{"href":"https:\/\/www.europesays.com\/de\/wp-json\/wp\/v2\/posts"}],"about":[{"href":"https:\/\/www.europesays.com\/de\/wp-json\/wp\/v2\/types\/post"}],"author":[{"embeddable":true,"href":"https:\/\/www.europesays.com\/de\/wp-json\/wp\/v2\/users\/2"}],"replies":[{"embeddable":true,"href":"https:\/\/www.europesays.com\/de\/wp-json\/wp\/v2\/comments?post=638380"}],"version-history":[{"count":0,"href":"https:\/\/www.europesays.com\/de\/wp-json\/wp\/v2\/posts\/638380\/revisions"}],"wp:featuredmedia":[{"embeddable":true,"href":"https:\/\/www.europesays.com\/de\/wp-json\/wp\/v2\/media\/638381"}],"wp:attachment":[{"href":"https:\/\/www.europesays.com\/de\/wp-json\/wp\/v2\/media?parent=638380"}],"wp:term":[{"taxonomy":"category","embeddable":true,"href":"https:\/\/www.europesays.com\/de\/wp-json\/wp\/v2\/categories?post=638380"},{"taxonomy":"post_tag","embeddable":true,"href":"https:\/\/www.europesays.com\/de\/wp-json\/wp\/v2\/tags?post=638380"}],"curies":[{"name":"wp","href":"https:\/\/api.w.org\/{rel}","templated":true}]}}