{"id":638493,"date":"2025-12-11T06:12:14","date_gmt":"2025-12-11T06:12:14","guid":{"rendered":"https:\/\/www.europesays.com\/de\/638493\/"},"modified":"2025-12-11T06:12:14","modified_gmt":"2025-12-11T06:12:14","slug":"a3-zwischen-oberhausen-und-duisburg-voll-gesperrt-lkw-brennt","status":"publish","type":"post","link":"https:\/\/www.europesays.com\/de\/638493\/","title":{"rendered":"A3 zwischen Oberhausen und Duisburg voll gesperrt ++ Lkw brennt"},"content":{"rendered":"<p>Die A3 <a href=\"https:\/\/www.derwesten.de\/staedte\/oberhausen\" target=\"_blank\" rel=\"noopener\">Oberhausen <\/a>Richtung K\u00f6ln ist aktuell in beiden Richtungen voll gesperrt. Ein brennender Schwertransporter auf der Strecke sorgt f\u00fcr Chaos. Die L\u00f6scharbeiten laufen, doch bis die Lage im Griff ist, wird es sicherlich noch ein paar Stunden dauern.<\/p>\n<p> Brennender Lkw blockiert A3 \u2013 Vollsperrung! <\/p>\n<p>Am Donnerstagmorgen (11. Dezember) sorgen die aus dem Lkw schlagenden Flammen und der tiefschwarze Rauch f\u00fcr eine Vollsperrung der A3 hinter dem Kreuz Kaiserberg. L\u00e4ngere Staus bilden sich in Folge.<\/p>\n<p>+++ <a href=\"https:\/\/www.derwesten.de\/staedte\/duisburg\/duisburg-a40-a3-kreuz-kaiserberg-essen-venlo-sperrung-id301920749.html\" target=\"_blank\" rel=\"noopener\">Wichtiges Verkehrskreuz in Duisburg erneut gesperrt\u00a0\u2013 A40 und A3 betroffen<\/a> +++<\/p>\n<p>Aktuell staut es sich bereits in Richtung K\u00f6ln zwischen dem Kreuz Oberhausen-West und dem Kreuz Kaiserberg auf sieben Kilometern. In der Gegenrichtung nach Oberhausen sind es laut WDR Staukarte zwischen <a href=\"https:\/\/www.derwesten.de\/staedte\/duisburg\" target=\"_blank\" rel=\"noopener\">Duisburg<\/a>-Wedau und dem Kreuz Oberhausen-West nur zwei Kilometer (Stand 7.00 Uhr).<\/p>\n<p>Mehr Nachrichten:<\/p>\n<p>Autofahrer sollten den Bereich weitr\u00e4umig meiden und auf alternative Strecken ausweichen. Die Hintergr\u00fcnde zum Lkw-Brand sind noch unbekannt, ebenso die Dauer der Vollsperrung.<\/p>\n<p>Wir berichten an dieser Stelle weiter, sobald es neue Informationen gibt.<\/p>\n","protected":false},"excerpt":{"rendered":"Die A3 Oberhausen Richtung K\u00f6ln ist aktuell in beiden Richtungen voll gesperrt. Ein brennender Schwertransporter auf der Strecke&hellip;\n","protected":false},"author":2,"featured_media":638494,"comment_status":"","ping_status":"","sticky":false,"template":"","format":"standard","meta":{"footnotes":""},"categories":[1838],"tags":[3364,29,3715,1764,30,1209,118572],"class_list":{"0":"post-638493","1":"post","2":"type-post","3":"status-publish","4":"format-standard","5":"has-post-thumbnail","7":"category-duisburg","8":"tag-de","9":"tag-deutschland","10":"tag-duisburg","11":"tag-eilmeldung","12":"tag-germany","13":"tag-nordrhein-westfalen","14":"tag-unfaelle-nrw"},"share_on_mastodon":{"url":"https:\/\/pubeurope.com\/@de\/115699459556914122","error":""},"_links":{"self":[{"href":"https:\/\/www.europesays.com\/de\/wp-json\/wp\/v2\/posts\/638493","targetHints":{"allow":["GET"]}}],"collection":[{"href":"https:\/\/www.europesays.com\/de\/wp-json\/wp\/v2\/posts"}],"about":[{"href":"https:\/\/www.europesays.com\/de\/wp-json\/wp\/v2\/types\/post"}],"author":[{"embeddable":true,"href":"https:\/\/www.europesays.com\/de\/wp-json\/wp\/v2\/users\/2"}],"replies":[{"embeddable":true,"href":"https:\/\/www.europesays.com\/de\/wp-json\/wp\/v2\/comments?post=638493"}],"version-history":[{"count":0,"href":"https:\/\/www.europesays.com\/de\/wp-json\/wp\/v2\/posts\/638493\/revisions"}],"wp:featuredmedia":[{"embeddable":true,"href":"https:\/\/www.europesays.com\/de\/wp-json\/wp\/v2\/media\/638494"}],"wp:attachment":[{"href":"https:\/\/www.europesays.com\/de\/wp-json\/wp\/v2\/media?parent=638493"}],"wp:term":[{"taxonomy":"category","embeddable":true,"href":"https:\/\/www.europesays.com\/de\/wp-json\/wp\/v2\/categories?post=638493"},{"taxonomy":"post_tag","embeddable":true,"href":"https:\/\/www.europesays.com\/de\/wp-json\/wp\/v2\/tags?post=638493"}],"curies":[{"name":"wp","href":"https:\/\/api.w.org\/{rel}","templated":true}]}}