{"id":638500,"date":"2025-12-11T06:19:18","date_gmt":"2025-12-11T06:19:18","guid":{"rendered":"https:\/\/www.europesays.com\/de\/638500\/"},"modified":"2025-12-11T06:19:18","modified_gmt":"2025-12-11T06:19:18","slug":"ferienhits-2026-jetzt-schon-anmelden-fuer-oster-sommer-und-herbstferien","status":"publish","type":"post","link":"https:\/\/www.europesays.com\/de\/638500\/","title":{"rendered":"Ferienhits 2026 &#8211; jetzt schon anmelden f\u00fcr Oster-, Sommer- und Herbstferien"},"content":{"rendered":"<p><a href=\"https:\/\/www.hannover-entdecken.de\/wp-content\/uploads\/2023\/08\/2019_10_PKC_FOTO_MARION_COERS_23.jpg\" rel=\"nofollow noopener\" target=\"_blank\"><img loading=\"lazy\" decoding=\"async\" class=\"alignright size-medium wp-image-82807\" src=\"https:\/\/www.europesays.com\/de\/wp-content\/uploads\/2025\/12\/2019_10_PKC_FOTO_MARION_COERS_23-300x200.jpg\" alt=\"Kinder haben Spa\u00df beim Ferienprogramm\" width=\"300\" height=\"200\"  \/><\/a>Die n\u00e4chsten <a href=\"https:\/\/www.hannover-entdecken.de\/ferien-in-niedersachsen\/\" data-internallinksmanager029f6b8e52c=\"3967\" title=\"Ferien\" rel=\"nofollow noopener\" target=\"_blank\">Ferien<\/a> warten schon und die Landeshauptstadt Hannover (LHH) bietet ein aufregendes Programm f\u00fcr Kinder und Jugendliche zwischen sechs und 16 Jahren an. Ob f\u00fcnf Tage oder zwei Wochen, ob rund um Hannover oder weiter weg \u2013 das Programm 2026 ist voller spannender Ferienerlebnisse.<\/p>\n<p>Die Abenteuer starten in den Osterferien: F\u00fcr alle Wintersport-Fans ist die Schneesportfreizeit in Wagrain (\u00d6sterreich) der perfekte Start ins Jahr. Und alle Pferdeliebhaber*innen k\u00f6nnen eine unvergessliche Reiterhof-Woche mit Ponys, Reiten und Stallabenteuern verbringen.<\/p>\n<p>Sommerferien voller Action und Spa\u00df<\/p>\n<p>Im Sommercamp Otterndorf k\u00f6nnen Kinder und Jugendliche zwischen verschiedenen Freizeiten w\u00e4hlen: Wattw\u00fcrmer suchen, mit dem Wattwagen durch den Schlick fahren, eine \u201eTierisch gute K\u00fcstenzeit verbringen\u201c oder einfach den Sommer am Nordseestrand genie\u00dfen.<\/p>\n<p>Sport und Spa\u00df gibt\u2019s im Feriendorf Eisenberg, egal ob Sommer oder Herbst, und die Themen Natur, Tiere und Hofgeschichten k\u00f6nnen auf einem Bauernhof kennengelernt werden.<\/p>\n<p><strong>Coole Aktivit\u00e4ten am Wasser und in der Natur<\/strong><\/p>\n<p>Wasserspa\u00df gibt es in der Finnh\u00fctte in <a href=\"https:\/\/www.hannover-entdecken.de\/wennigsen\/\" data-internallinksmanager029f6b8e52c=\"3754\" title=\"Wennigsen\" rel=\"nofollow noopener\" target=\"_blank\">Wennigsen<\/a>. Im Naturbad k\u00f6nnen die ersten Schwimmz\u00fcge gelernt werden. Wer mag, verbringt Ferientage in Mardorf am <a href=\"https:\/\/www.hannover-entdecken.de\/steinhuder-meer\/\" data-internallinksmanager029f6b8e52c=\"3965\" title=\"Steinhuder Meer - Gr\u00f6\u00dfter See in Niedersachsen\" rel=\"nofollow noopener\" target=\"_blank\">Steinhuder Meer<\/a> \u2013 bei Surfen, Segeln und beim Yoga.<\/p>\n<p>Abenteuer Herbst: Umwelt- und Familienzeit<\/p>\n<p>Im bunten herbstlichen <a href=\"https:\/\/www.hannover-entdecken.de\/deister\/\" data-internallinksmanager029f6b8e52c=\"3971\" title=\"Deister\" rel=\"nofollow noopener\" target=\"_blank\">Deister<\/a> startet ein spannendes Abenteuer f\u00fcr Naturforscher*innen.<\/p>\n<p>F\u00fcr Familien gibt es ebenfalls tolle M\u00f6glichkeiten: Alleinerziehende Eltern k\u00f6nnen zusammen mit ihren Kindern eine Woche auf dem Eisenberg verbringen, entspannen und dabei ein buntes Programm genie\u00dfen, das keine W\u00fcnsche offenl\u00e4sst.<\/p>\n<p>Jugendleiter*innen-Ausbildung f\u00fcr Jugendliche ab 16 Jahre<\/p>\n<p>Wer schon mindestens 16 Jahre alt ist und Lust hat, sich ehrenamtlich in der Kinder- und Jugendarbeit zu engagieren, bildet sich bei der JuLeiCa-Ausbildung in den Oster- oder Herbstferien weiter und begleitet die Freizeiten als Jugendleiter*in.<\/p>\n<p>Weitere Informationen<\/p>\n<p>Die Ferienhits gibt es in vielen Einrichtungen: zum Beispiel im <a href=\"https:\/\/www.hannover-entdecken.de\/tag\/haus-der-jugend\/\" data-internallinksmanager029f6b8e52c=\"3838\" title=\"Haus der Jugend\" rel=\"nofollow noopener\" target=\"_blank\">Haus der Jugend<\/a>, in der <a href=\"https:\/\/www.hannover-entdecken.de\/stadtbibliothek-hannover\/\" data-internallinksmanager029f6b8e52c=\"3779\" title=\"Stadtbibliothek\" rel=\"nofollow noopener\" target=\"_blank\">Stadtbibliothek<\/a> oder im Hannover Tourist-Zentrum. Weitere Infos finden sich unter\u00a0<a href=\"http:\/\/www.jugendferienservice-hannover.de\/\" target=\"_blank\" rel=\"noopener nofollow\">www.jugendferienservice-hannover.de<\/a>.<\/p>\n<p>Das Platzangebot ist begrenzt, wer mitfahren m\u00f6chte, sollte sich schnell anmelden.<\/p>\n<p>Mit Fragen kann man sich an die Info-Hotline unter 0511 168 47070 wenden oder eine Mail an\u00a0<a class=\"mailto-link\" href=\"https:\/\/www.hannover-entdecken.de\/ferienhits-2026-jetzt-schon-anmelden-fuer-oster-sommer-und-herbstferien\/mailto:jugendferienservice@hannover-stadt.de\" target=\"_blank\" rel=\"noopener nofollow\">jugendferienservice@hannover-stadt.de<\/a>\u00a0schreiben.<\/p>\n<p>FerienCard-Vorverkauf ab 20. Mai<\/p>\n<p>Ab dem 20. Mai 2026 startet au\u00dferdem der FerienCard-Vorverkauf. Mit der Karte k\u00f6nnen Kinder und Jugendliche zwischen sechs und 15 Jahren aufregende Ferien in Hannover verbringen. Mehr als 500 Tages- und Wochenaktionen in der Stadt und Region und freier Eintritt in Hannovers <a href=\"https:\/\/www.hannover-entdecken.de\/sehenswuerdgkeiten-hannover\/schwimmbaeder-hannover\/\" data-internallinksmanager029f6b8e52c=\"3757\" title=\"Schwimmb\u00e4der\" rel=\"nofollow noopener\" target=\"_blank\">Freib\u00e4der<\/a> warten auf mutige Abenteurer*innen. Die Karte kostet zw\u00f6lf Euro, f\u00fcr HannoverAktivPass-Inhaber*innen ist sie kostenfrei. Weitere Infos zur FerienCard gibt es unter\u00a0<a href=\"http:\/\/www.die-feriencard-hannover.de\/\" target=\"_blank\" rel=\"noopener nofollow\">www.die-feriencard-hannover.de<\/a>.<\/p>\n","protected":false},"excerpt":{"rendered":"Die n\u00e4chsten Ferien warten schon und die Landeshauptstadt Hannover (LHH) bietet ein aufregendes Programm f\u00fcr Kinder und Jugendliche&hellip;\n","protected":false},"author":2,"featured_media":638501,"comment_status":"","ping_status":"","sticky":false,"template":"","format":"standard","meta":{"footnotes":""},"categories":[1836],"tags":[3364,29,30,46,1411],"class_list":{"0":"post-638500","1":"post","2":"type-post","3":"status-publish","4":"format-standard","5":"has-post-thumbnail","7":"category-hannover","8":"tag-de","9":"tag-deutschland","10":"tag-germany","11":"tag-hannover","12":"tag-niedersachsen"},"share_on_mastodon":{"url":"https:\/\/pubeurope.com\/@de\/115699488198174025","error":""},"_links":{"self":[{"href":"https:\/\/www.europesays.com\/de\/wp-json\/wp\/v2\/posts\/638500","targetHints":{"allow":["GET"]}}],"collection":[{"href":"https:\/\/www.europesays.com\/de\/wp-json\/wp\/v2\/posts"}],"about":[{"href":"https:\/\/www.europesays.com\/de\/wp-json\/wp\/v2\/types\/post"}],"author":[{"embeddable":true,"href":"https:\/\/www.europesays.com\/de\/wp-json\/wp\/v2\/users\/2"}],"replies":[{"embeddable":true,"href":"https:\/\/www.europesays.com\/de\/wp-json\/wp\/v2\/comments?post=638500"}],"version-history":[{"count":0,"href":"https:\/\/www.europesays.com\/de\/wp-json\/wp\/v2\/posts\/638500\/revisions"}],"wp:featuredmedia":[{"embeddable":true,"href":"https:\/\/www.europesays.com\/de\/wp-json\/wp\/v2\/media\/638501"}],"wp:attachment":[{"href":"https:\/\/www.europesays.com\/de\/wp-json\/wp\/v2\/media?parent=638500"}],"wp:term":[{"taxonomy":"category","embeddable":true,"href":"https:\/\/www.europesays.com\/de\/wp-json\/wp\/v2\/categories?post=638500"},{"taxonomy":"post_tag","embeddable":true,"href":"https:\/\/www.europesays.com\/de\/wp-json\/wp\/v2\/tags?post=638500"}],"curies":[{"name":"wp","href":"https:\/\/api.w.org\/{rel}","templated":true}]}}