{"id":638582,"date":"2025-12-11T07:07:59","date_gmt":"2025-12-11T07:07:59","guid":{"rendered":"https:\/\/www.europesays.com\/de\/638582\/"},"modified":"2025-12-11T07:07:59","modified_gmt":"2025-12-11T07:07:59","slug":"spd-fraktion-lehnt-erhoehung-der-kita-und-ogs-elternbeitraege-entschieden-ab-bergkamener-infoblog","status":"publish","type":"post","link":"https:\/\/www.europesays.com\/de\/638582\/","title":{"rendered":"SPD-Fraktion lehnt Erh\u00f6hung der Kita- und OGS-Elternbeitr\u00e4ge entschieden ab \u2013 Bergkamener Infoblog"},"content":{"rendered":"<p>\t<a class=\"mh-facebook\" href=\"#\" onclick=\"window.open('https:\/\/www.facebook.com\/sharer.php?u=https%3A%2F%2Fbergkamen-infoblog.de%2Fspd-fraktion-lehnt-erhoehung-der-kita-und-ogs-elternbeitraege-entschieden-ab%2F&amp;t=SPD-Fraktion+lehnt+Erh%C3%B6hung+der+Kita-+und+OGS-Elternbeitr%C3%A4ge+entschieden+ab', 'facebookShare', 'width=626,height=436'); return false;\" title=\"Auf Facebook teilen\"><\/p>\n<p>\t<\/a><br \/>\n\t<a class=\"mh-twitter\" href=\"#\" onclick=\"window.open('https:\/\/twitter.com\/share?text=SPD-Fraktion+lehnt+Erh%C3%B6hung+der+Kita-+und+OGS-Elternbeitr%C3%A4ge+entschieden+ab:&amp;url=https%3A%2F%2Fbergkamen-infoblog.de%2Fspd-fraktion-lehnt-erhoehung-der-kita-und-ogs-elternbeitraege-entschieden-ab%2F', 'twitterShare', 'width=626,height=436'); return false;\" title=\"Diesen Artikel twittern\"><\/p>\n<p>\t<\/a><br \/>\n\t<a class=\"mh-linkedin\" href=\"#\" onclick=\"window.open('https:\/\/www.linkedin.com\/shareArticle?mini=true&amp;url=https%3A%2F%2Fbergkamen-infoblog.de%2Fspd-fraktion-lehnt-erhoehung-der-kita-und-ogs-elternbeitraege-entschieden-ab%2F&amp;source=\" return=\"\" false=\"\" title=\"Auf LinkedIn teilen\"><\/p>\n<p>\t<\/a><br \/>\n\t<a class=\"mh-pinterest\" href=\"#\" onclick=\"window.open('https:\/\/pinterest.com\/pin\/create\/button\/?url=https%3A%2F%2Fbergkamen-infoblog.de%2Fspd-fraktion-lehnt-erhoehung-der-kita-und-ogs-elternbeitraege-entschieden-ab%2F&amp;media=https:\/\/www.europesays.com\/de\/wp-content\/uploads\/2025\/12\/Derichs_Kevin-203x300-1.webp.webp&amp;description=SPD-Fraktion+lehnt+Erh%C3%B6hung+der+Kita-+und+OGS-Elternbeitr%C3%A4ge+entschieden+ab', 'pinterestShare', 'width=750,height=350'); return false;\" title=\"Auf Pinterest teilen\"><\/p>\n<p>\t<\/a><br \/>\n\t<a class=\"mh-email\" href=\"https:\/\/bergkamen-infoblog.de\/spd-fraktion-lehnt-erhoehung-der-kita-und-ogs-elternbeitraege-entschieden-ab\/mailto:?subject=SPD-Fraktion%20lehnt%20Erh%C3%B6hung%20der%20Kita-%20und%20OGS-Elternbeitr%C3%A4ge%20entschieden%20ab&amp;body=https%3A%2F%2Fbergkamen-infoblog.de%2Fspd-fraktion-lehnt-erhoehung-der-kita-und-ogs-elternbeitraege-entschieden-ab%2F\" title=\"Diesen Artikel an einen Freund senden\" target=\"_blank\" rel=\"noopener\"><\/p>\n<p>\t<\/a><br \/>\n\t<a class=\"mh-print\" href=\"https:\/\/bergkamen-infoblog.de\/spd-fraktion-lehnt-erhoehung-der-kita-und-ogs-elternbeitraege-entschieden-ab\/javascript:window.print()\" title=\"Diesen Artikel drucken\" target=\"_blank\" rel=\"noopener\"><\/p>\n<p>\t<\/a><br \/>\n    <a class=\"mh-whatsapp\" href=\"#\" onclick=\"window.open('https:\/\/api.whatsapp.com\/send?phone={phone_number}&amp;text=SPD-Fraktion+lehnt+Erh%C3%B6hung+der+Kita-+und+OGS-Elternbeitr%C3%A4ge+entschieden+ab:&amp;url=https%3A%2F%2Fbergkamen-infoblog.de%2Fspd-fraktion-lehnt-erhoehung-der-kita-und-ogs-elternbeitraege-entschieden-ab%2F', 'whatsappShare', 'width=626,height=436'); return false;\" title=\"Share on Whatsapp\"><\/p>\n<p>    <\/a><br \/>\n\t<a class=\"mh-mastodon\" href=\"#\" onclick=\"window.open('https:\/\/mastodonshare.com\/share?text=SPD-Fraktion+lehnt+Erh%C3%B6hung+der+Kita-+und+OGS-Elternbeitr%C3%A4ge+entschieden+ab:&amp;url=https%3A%2F%2Fbergkamen-infoblog.de%2Fspd-fraktion-lehnt-erhoehung-der-kita-und-ogs-elternbeitraege-entschieden-ab%2F', 'mustodonShare', 'width=626,height=436'); return false;\" title=\"Share On Mastodon\"><\/p>\n<p>\t\t\t<img decoding=\"async\" src=\"https:\/\/www.europesays.com\/de\/wp-content\/uploads\/2025\/07\/mostadon-logo.png\" height=\"25px\" width=\"20px\"\/><\/p>\n<p>\t<\/a><\/p>\n<p><a href=\"https:\/\/bergkamen-infoblog.de\/spd-fraktion-lehnt-erhoehung-der-kita-und-ogs-elternbeitraege-entschieden-ab\/?print=pdf\" class=\"pdfprnt-button pdfprnt-button-pdf\" target=\"_blank\" rel=\"noopener\"><img decoding=\"async\" src=\"https:\/\/www.europesays.com\/de\/wp-content\/uploads\/2025\/07\/pdf.png\" alt=\"image_pdf\" title=\"PDF anzeigen\"\/><\/a><a href=\"https:\/\/bergkamen-infoblog.de\/spd-fraktion-lehnt-erhoehung-der-kita-und-ogs-elternbeitraege-entschieden-ab\/?print=print\" class=\"pdfprnt-button pdfprnt-button-print\" target=\"_blank\" rel=\"noopener\"><img decoding=\"async\" src=\"https:\/\/www.europesays.com\/de\/wp-content\/uploads\/2025\/07\/print.png\" alt=\"image_print\" title=\"Inhalt drucken\"\/><\/a><a href=\"https:\/\/www.europesays.com\/de\/wp-content\/uploads\/2025\/12\/Derichs_Kevin-203x300-1.webp.webp\"><img fetchpriority=\"high\" decoding=\"async\" class=\"size-full wp-image-101535\" src=\"https:\/\/www.europesays.com\/de\/wp-content\/uploads\/2025\/12\/Derichs_Kevin-203x300-1.webp.webp\" alt=\"\" width=\"203\" height=\"300\"\/><\/a>SPD-Fraktionsvorsitzender Kevin Derichs<\/p>\n<p>Die SPD-Fraktion im Rat der Stadt Bergkamen lehnt die geplanten \u00c4nderungen zur Erhebung von Elternbeitr\u00e4gen f\u00fcr Kindertagesst\u00e4tten und Offene Ganztagsschulen (OGS) strikt ab. Die Vorschl\u00e4ge bedeuteten erhebliche Mehrbelastungen f\u00fcr Familien und das in einer Zeit, in der die Lebenshaltungskosten ohnehin Rekordh\u00f6hen erreichten. Die SPD-Fraktion wird beantragen, beide Vorlagen von der Tagesordnung zu nehmen.\n<\/p>\n<p>Fraktionsvorsitzender Kevin Derichs betont: \u201eWer jetzt Elternbeitr\u00e4ge erh\u00f6ht, dreht an der falschen Stellschraube. Bildung muss verl\u00e4sslich und bezahlbar sein, unabh\u00e4ngig von der Haushaltslage. Wir werden nicht zulassen, dass einzig Familien in Bergkamen die Haushaltskonsolidierung finanzieren sollen.\u201c\n<\/p>\n<p>Die SPD erinnert daran: \u201eErst vor zwei Jahren wurden die Beitr\u00e4ge bewusst gesenkt, um Familien zu entlasten. Nun sollen diese Entlastungen zur\u00fcckgenommen werden, um Mehreinnahmen f\u00fcr den st\u00e4dtischen Haushalt zu erzielen. Das lehnen wir entschieden ab. Fr\u00fchkindliche Bildung und Ganztagsbetreuung sind Grundpfeiler der kommunalen Daseinsvorsorge und d\u00fcrfen nicht zu einer \u201eGeb\u00fchrenschraube\u201c werden.\u201c\n<\/p>\n<p>Besonders kritisch sieht die SPD-Fraktion, dass mit der OGS-Satzung ab dem Schuljahr 2026\/27 wieder Beitr\u00e4ge eingef\u00fchrt werden sollen, bis zu 242 Euro monatlich. Der Rat hatte diese Geb\u00fchren 2024 abgeschafft, denn Bildung d\u00fcrfe nicht vom Geldbeutel abh\u00e4ngen. Der kommende bundesweite Rechtsanspruch auf Ganztagsbetreuung sei ein sozialpolitischer Fortschritt und sollte nicht durch neue Geb\u00fchren konterkariert werden.\n<\/p>\n<p>Kevin Derichs unterstreicht: \u201eWir reden st\u00e4ndig \u00fcber Fachkr\u00e4ftemangel. Dann k\u00f6nnen wir nicht gleichzeitig Bedingungen schaffen, die Eltern von der Arbeit abhalten, weil Betreuung unbezahlbar wird. Kinder sind unsere Zukunft, ihre Bildung darf nicht zum finanziellen Risiko werden.\u201c\n<\/p>\n<p>Dar\u00fcber hinaus weist die SPD-Fraktion auf die fehlende, jedoch vorgeschriebene Beratung im Jugendhilfeausschuss nach \u00a7 71 Abs. 4 SGB VIII hin, die bislang nicht erfolgt ist. Allein deshalb ist die Vorlage aus unserer Sicht nicht entscheidungsf\u00e4hig.\n<\/p>\n<p>Die SPD-Fraktion fordert zudem, dass das Land NRW endlich die versprochene Beitragsfreiheit f\u00fcr das dritte Kitajahr umsetzt und die Kommunen nicht l\u00e4nger zwingt, durch eine nicht ausk\u00f6mmliche Finanzierung zwingt, Haushaltsl\u00fccken zulasten junger Familien zu schlie\u00dfen.\n<\/p>\n<p>Derichs unterstreicht, \u201eWir stehen f\u00fcr Familien und f\u00fcr chancengerechte Bildung. Deshalb lehnen wir diese Geb\u00fchrenerh\u00f6hungen entschieden ab.\u201c\n<\/p>\n<p>\t<a class=\"mh-facebook\" href=\"#\" onclick=\"window.open('https:\/\/www.facebook.com\/sharer.php?u=https%3A%2F%2Fbergkamen-infoblog.de%2Fspd-fraktion-lehnt-erhoehung-der-kita-und-ogs-elternbeitraege-entschieden-ab%2F&amp;t=SPD-Fraktion+lehnt+Erh%C3%B6hung+der+Kita-+und+OGS-Elternbeitr%C3%A4ge+entschieden+ab', 'facebookShare', 'width=626,height=436'); return false;\" title=\"Auf Facebook teilen\"><\/p>\n<p>\t<\/a><br \/>\n\t<a class=\"mh-twitter\" href=\"#\" onclick=\"window.open('https:\/\/twitter.com\/share?text=SPD-Fraktion+lehnt+Erh%C3%B6hung+der+Kita-+und+OGS-Elternbeitr%C3%A4ge+entschieden+ab:&amp;url=https%3A%2F%2Fbergkamen-infoblog.de%2Fspd-fraktion-lehnt-erhoehung-der-kita-und-ogs-elternbeitraege-entschieden-ab%2F', 'twitterShare', 'width=626,height=436'); return false;\" title=\"Diesen Artikel twittern\"><\/p>\n<p>\t<\/a><br \/>\n\t<a class=\"mh-linkedin\" href=\"#\" onclick=\"window.open('https:\/\/www.linkedin.com\/shareArticle?mini=true&amp;url=https%3A%2F%2Fbergkamen-infoblog.de%2Fspd-fraktion-lehnt-erhoehung-der-kita-und-ogs-elternbeitraege-entschieden-ab%2F&amp;source=\" return=\"\" false=\"\" title=\"Auf LinkedIn teilen\"><\/p>\n<p>\t<\/a><br \/>\n\t<a class=\"mh-pinterest\" href=\"#\" onclick=\"window.open('https:\/\/pinterest.com\/pin\/create\/button\/?url=https%3A%2F%2Fbergkamen-infoblog.de%2Fspd-fraktion-lehnt-erhoehung-der-kita-und-ogs-elternbeitraege-entschieden-ab%2F&amp;media=https:\/\/www.europesays.com\/de\/wp-content\/uploads\/2025\/12\/Derichs_Kevin-203x300-1.webp.webp&amp;description=SPD-Fraktion+lehnt+Erh%C3%B6hung+der+Kita-+und+OGS-Elternbeitr%C3%A4ge+entschieden+ab', 'pinterestShare', 'width=750,height=350'); return false;\" title=\"Auf Pinterest teilen\"><\/p>\n<p>\t<\/a><br \/>\n\t<a class=\"mh-email\" href=\"https:\/\/bergkamen-infoblog.de\/spd-fraktion-lehnt-erhoehung-der-kita-und-ogs-elternbeitraege-entschieden-ab\/mailto:?subject=SPD-Fraktion%20lehnt%20Erh%C3%B6hung%20der%20Kita-%20und%20OGS-Elternbeitr%C3%A4ge%20entschieden%20ab&amp;body=https%3A%2F%2Fbergkamen-infoblog.de%2Fspd-fraktion-lehnt-erhoehung-der-kita-und-ogs-elternbeitraege-entschieden-ab%2F\" title=\"Diesen Artikel an einen Freund senden\" target=\"_blank\" rel=\"noopener\"><\/p>\n<p>\t<\/a><br \/>\n\t<a class=\"mh-print\" href=\"https:\/\/bergkamen-infoblog.de\/spd-fraktion-lehnt-erhoehung-der-kita-und-ogs-elternbeitraege-entschieden-ab\/javascript:window.print()\" title=\"Diesen Artikel drucken\" target=\"_blank\" rel=\"noopener\"><\/p>\n<p>\t<\/a><br \/>\n    <a class=\"mh-whatsapp\" href=\"#\" onclick=\"window.open('https:\/\/api.whatsapp.com\/send?phone={phone_number}&amp;text=SPD-Fraktion+lehnt+Erh%C3%B6hung+der+Kita-+und+OGS-Elternbeitr%C3%A4ge+entschieden+ab:&amp;url=https%3A%2F%2Fbergkamen-infoblog.de%2Fspd-fraktion-lehnt-erhoehung-der-kita-und-ogs-elternbeitraege-entschieden-ab%2F', 'whatsappShare', 'width=626,height=436'); return false;\" title=\"Share on Whatsapp\"><\/p>\n<p>    <\/a><br \/>\n\t<a class=\"mh-mastodon\" href=\"#\" onclick=\"window.open('https:\/\/mastodonshare.com\/share?text=SPD-Fraktion+lehnt+Erh%C3%B6hung+der+Kita-+und+OGS-Elternbeitr%C3%A4ge+entschieden+ab:&amp;url=https%3A%2F%2Fbergkamen-infoblog.de%2Fspd-fraktion-lehnt-erhoehung-der-kita-und-ogs-elternbeitraege-entschieden-ab%2F', 'mustodonShare', 'width=626,height=436'); return false;\" title=\"Share On Mastodon\"><\/p>\n<p>\t\t\t<img decoding=\"async\" src=\"https:\/\/www.europesays.com\/de\/wp-content\/uploads\/2025\/07\/mostadon-logo.png\" height=\"25px\" width=\"20px\"\/><\/p>\n<p>\t<\/a><\/p>\n<p>\t<script async src=\"https:\/\/platform.twitter.com\/widgets.js\" charset=\"utf-8\"><\/script><\/p>\n","protected":false},"excerpt":{"rendered":"SPD-Fraktionsvorsitzender Kevin Derichs Die SPD-Fraktion im Rat der Stadt Bergkamen lehnt die geplanten \u00c4nderungen zur Erhebung von Elternbeitr\u00e4gen&hellip;\n","protected":false},"author":2,"featured_media":638583,"comment_status":"","ping_status":"","sticky":false,"template":"","format":"standard","meta":{"footnotes":""},"categories":[1853],"tags":[1424,3364,29,548,663,3934,30,13,14,15,1209,12],"class_list":{"0":"post-638582","1":"post","2":"type-post","3":"status-publish","4":"format-standard","5":"has-post-thumbnail","7":"category-aachen","8":"tag-aachen","9":"tag-de","10":"tag-deutschland","11":"tag-eu","12":"tag-europa","13":"tag-europe","14":"tag-germany","15":"tag-headlines","16":"tag-nachrichten","17":"tag-news","18":"tag-nordrhein-westfalen","19":"tag-schlagzeilen"},"share_on_mastodon":{"url":"https:\/\/pubeurope.com\/@de\/115699681267350968","error":""},"_links":{"self":[{"href":"https:\/\/www.europesays.com\/de\/wp-json\/wp\/v2\/posts\/638582","targetHints":{"allow":["GET"]}}],"collection":[{"href":"https:\/\/www.europesays.com\/de\/wp-json\/wp\/v2\/posts"}],"about":[{"href":"https:\/\/www.europesays.com\/de\/wp-json\/wp\/v2\/types\/post"}],"author":[{"embeddable":true,"href":"https:\/\/www.europesays.com\/de\/wp-json\/wp\/v2\/users\/2"}],"replies":[{"embeddable":true,"href":"https:\/\/www.europesays.com\/de\/wp-json\/wp\/v2\/comments?post=638582"}],"version-history":[{"count":0,"href":"https:\/\/www.europesays.com\/de\/wp-json\/wp\/v2\/posts\/638582\/revisions"}],"wp:featuredmedia":[{"embeddable":true,"href":"https:\/\/www.europesays.com\/de\/wp-json\/wp\/v2\/media\/638583"}],"wp:attachment":[{"href":"https:\/\/www.europesays.com\/de\/wp-json\/wp\/v2\/media?parent=638582"}],"wp:term":[{"taxonomy":"category","embeddable":true,"href":"https:\/\/www.europesays.com\/de\/wp-json\/wp\/v2\/categories?post=638582"},{"taxonomy":"post_tag","embeddable":true,"href":"https:\/\/www.europesays.com\/de\/wp-json\/wp\/v2\/tags?post=638582"}],"curies":[{"name":"wp","href":"https:\/\/api.w.org\/{rel}","templated":true}]}}