{"id":638721,"date":"2025-12-11T08:34:14","date_gmt":"2025-12-11T08:34:14","guid":{"rendered":"https:\/\/www.europesays.com\/de\/638721\/"},"modified":"2025-12-11T08:34:14","modified_gmt":"2025-12-11T08:34:14","slug":"ihk-aachen-migranten-gruenden-haeufiger-unternhehmen","status":"publish","type":"post","link":"https:\/\/www.europesays.com\/de\/638721\/","title":{"rendered":"IHK Aachen: Migranten gr\u00fcnden h\u00e4ufiger Unternhehmen"},"content":{"rendered":"<p>Wirtschaftsfaktor Einwanderung <\/p>\n<p>Migranten gr\u00fcnden h\u00e4ufiger Unternehmen<\/p>\n<p>Aktualisiert am 11.12.2025 &#8211; 09:20 UhrLesedauer: 2 Min.<\/p>\n<p><a href=\"#focus-0\" class=\"transition-colors duration-200 block text-current relative\" data-sctrack=\"FocusGalleryImage.Reference\"><img fetchpriority=\"high\" data-testid=\"Opener.Image\" style=\"--lqipURL:url('https:\/\/images.t-online.de\/2025\/12\/NsQWi4m5kGH4\/0x209:4000x2250\/fit-in\/150x0\/filters:blur(25)\/image.jpg')\"   loading=\"eager\" src=\"https:\/\/www.europesays.com\/de\/wp-content\/uploads\/2025\/12\/1765442054_786_image.jpg\" alt=\"imago images 0841423524\" title=\"imago images 0841423524\" width=\"4000\" height=\"2250\" class=\"bg-[url:var(--lqipURL)] bg-cover bg-center flex h-full w-full max-w-full\" decoding=\"async\"\/><img style=\"--width:32;--height:32\" loading=\"lazy\" src=\"https:\/\/aachen.t-online.de\/s\/paper\/_next\/static\/media\/zoom-in.f7dae02f.svg\" alt=\"Vergr\u00f6\u00dfern des Bildes\" title=\"Vergr\u00f6\u00dfern des Bildes\" class=\"block h-[calc(var(--height)_\/_16_*_1rem)] w-[calc(var(--width)_\/_16_*_1rem)] max-w-none absolute bottom-8 right-8 rounded-4 bg-snow p-8\" decoding=\"async\"\/><\/a><\/p>\n<p>Unternehmerpaar im Pflanzenladen (Symbolbild): Einwanderer sind laut IHK die treibende Kraft der wirtschaftlichen Entwicklung. (Quelle: IMAGO\/Josep Suria)<\/p>\n<p class=\"font-bold text-18 leading-17\">Einwanderer in der St\u00e4dtergion erweisen sich zunehmend als unternehmerische Kraftpakete. Mit einem Anteil von 27 Prozent aller Selbstst\u00e4ndigen beleben sie nicht nur Innenst\u00e4dte, sondern schaffen auch neue Arbeitspl\u00e4tze.<\/p>\n<p class=\"text-18 leading-17\">In der St\u00e4dteregion Aachen und ganz NRW hat mittlerweile mehr als jeder vierte Selbstst\u00e4ndige eine Einwanderungsgeschichte. Das geht aus dem aktuellen Gr\u00fcndungsreport der nordrhein-westf\u00e4lischen Industrie- und Handelskammern hervor, der am Dienstag vorgestellt wurde. Die IHK Aachen spricht in diesem Zusammenhang von einem &#8222;wichtigen Motor der wirtschaftlichen Entwicklung&#8220; \u2013 auch f\u00fcr die eigene Region.<\/p>\n<p class=\"text-18 leading-17\">Knapp 188.000 Selbstst\u00e4ndige in NRW haben eine Einwanderungsgeschichte \u2013 das entspricht rund 27 Prozent aller Gr\u00fcnder im Land. Ihr Anteil steigt seit Jahren kontinuierlich. Besonders aktiv sind sie im Handel, in der Gastronomie, im Dienstleistungssektor sowie in technologieintensiven Branchen.<\/p>\n<p class=\"text-18 leading-17\">Laut Gr\u00fcndungsreport entstehen hier nicht nur neue Gesch\u00e4ftsideen, sondern auch Arbeitspl\u00e4tze. Zugleich stiften die Unternehmen Identit\u00e4t im Quartier und tragen zur Belebung von Innenst\u00e4dten bei. Mona Neubaur, NRW-Wirtschaftsministerin, sagte: &#8222;NRW lebt von Menschen, die anpacken und Ideen in echte Chancen verwandeln.&#8220;<\/p>\n<p class=\"text-18 leading-17\">Der Zugang zu Kapital bleibt aber eine H\u00fcrde: Zwar finanzieren rund drei Viertel der Befragten ihre Gr\u00fcndung mit Eigenmitteln \u2013 doch 47 Prozent der Gr\u00fcnder mit Migrationsgeschichte berichten von Schwierigkeiten beim Zugang zu F\u00f6rdermitteln. Auch die B\u00fcrokratie gilt als Belastung \u2013 viele w\u00fcnschen sich einen &#8222;One-Stop-Shop&#8220; zur digitalen B\u00fcndelung aller Gr\u00fcndungsprozesse.<\/p>\n<p class=\"text-18 leading-17\">Nach einem pandemiebedingten R\u00fcckgang ist die Zahl der Neugr\u00fcndungen in NRW 2024 wieder auf knapp 59.000 Betriebe gestiegen \u2013 und liegt damit auf dem Niveau von 2019. F\u00fcr den aktuellen Report wurden 828 Gr\u00fcnderinnen und Gr\u00fcnder aus den Jahren 2022 bis 2024 befragt. Die meisten von ihnen \u2013 mehr als 90 Prozent \u2013 starteten mit einer Neugr\u00fcndung, nur 59 \u00fcbernahmen ein bestehendes Unternehmen.<\/p>\n<p class=\"text-18 leading-17\">Auch die IHK Aachen will weiter unterst\u00fctzen: &#8222;Unser Bezirk ist durch eine hohe Branchen- und Bev\u00f6lkerungsvielfalt gepr\u00e4gt&#8220;, sagt Ren\u00e9 Oebel, Gr\u00fcndungsexperte der IHK Aachen. &#8222;Migrantische Gr\u00fcnderinnen und Gr\u00fcnder sind auch in unserer Region ein wichtiger Motor der wirtschaftlichen Entwicklung.&#8220;<\/p>\n","protected":false},"excerpt":{"rendered":"Wirtschaftsfaktor Einwanderung Migranten gr\u00fcnden h\u00e4ufiger Unternehmen Aktualisiert am 11.12.2025 &#8211; 09:20 UhrLesedauer: 2 Min. Unternehmerpaar im Pflanzenladen (Symbolbild):&hellip;\n","protected":false},"author":2,"featured_media":638722,"comment_status":"","ping_status":"","sticky":false,"template":"","format":"standard","meta":{"footnotes":""},"categories":[1853],"tags":[78104,1424,3364,29,150611,548,663,3934,6763,30,13,5665,150609,14,15,1209,25375,12,18025,150610],"class_list":{"0":"post-638721","1":"post","2":"type-post","3":"status-publish","4":"format-standard","5":"has-post-thumbnail","7":"category-aachen","8":"tag-78104","9":"tag-aachen","10":"tag-de","11":"tag-deutschland","12":"tag-einwanderungsgeschichte","13":"tag-eu","14":"tag-europa","15":"tag-europe","16":"tag-gastronomie","17":"tag-germany","18":"tag-headlines","19":"tag-ihk","20":"tag-kraftpaket","21":"tag-nachrichten","22":"tag-news","23":"tag-nordrhein-westfalen","24":"tag-pflanzenladen","25":"tag-schlagzeilen","26":"tag-staedteregion","27":"tag-unternehmerpaar"},"share_on_mastodon":{"url":"https:\/\/pubeurope.com\/@de\/115700019511550846","error":""},"_links":{"self":[{"href":"https:\/\/www.europesays.com\/de\/wp-json\/wp\/v2\/posts\/638721","targetHints":{"allow":["GET"]}}],"collection":[{"href":"https:\/\/www.europesays.com\/de\/wp-json\/wp\/v2\/posts"}],"about":[{"href":"https:\/\/www.europesays.com\/de\/wp-json\/wp\/v2\/types\/post"}],"author":[{"embeddable":true,"href":"https:\/\/www.europesays.com\/de\/wp-json\/wp\/v2\/users\/2"}],"replies":[{"embeddable":true,"href":"https:\/\/www.europesays.com\/de\/wp-json\/wp\/v2\/comments?post=638721"}],"version-history":[{"count":0,"href":"https:\/\/www.europesays.com\/de\/wp-json\/wp\/v2\/posts\/638721\/revisions"}],"wp:featuredmedia":[{"embeddable":true,"href":"https:\/\/www.europesays.com\/de\/wp-json\/wp\/v2\/media\/638722"}],"wp:attachment":[{"href":"https:\/\/www.europesays.com\/de\/wp-json\/wp\/v2\/media?parent=638721"}],"wp:term":[{"taxonomy":"category","embeddable":true,"href":"https:\/\/www.europesays.com\/de\/wp-json\/wp\/v2\/categories?post=638721"},{"taxonomy":"post_tag","embeddable":true,"href":"https:\/\/www.europesays.com\/de\/wp-json\/wp\/v2\/tags?post=638721"}],"curies":[{"name":"wp","href":"https:\/\/api.w.org\/{rel}","templated":true}]}}