{"id":638766,"date":"2025-12-11T09:04:27","date_gmt":"2025-12-11T09:04:27","guid":{"rendered":"https:\/\/www.europesays.com\/de\/638766\/"},"modified":"2025-12-11T09:04:27","modified_gmt":"2025-12-11T09:04:27","slug":"nach-heftiger-eu-kritik-experte-peter-neumann-trump-koennte-afd-unterstuetzen-politik","status":"publish","type":"post","link":"https:\/\/www.europesays.com\/de\/638766\/","title":{"rendered":"Nach heftiger EU-Kritik \u2013 Experte Peter Neumann: Trump k\u00f6nnte AfD unterst\u00fctzen | Politik"},"content":{"rendered":"<p>Berlin \u2013 <b>Die neue \u201eNationale Sicherheitsstrategie\u201c der USA l\u00f6ste in Europa Alarmstimmung aus. In seinem Interview mit POLITICO (geh\u00f6rt wie BILD zu Axel Springer) hat US-Pr\u00e4sident Donald Trump gestern nachgelegt: Die EU-Anf\u00fchrer seien \u201eschwach\u201c, ihre Migrationspolitik gef\u00e4hrlich. Trump schloss sogar eine Einmischung in europ\u00e4ische Wahlen nicht aus, um den Kontinent auf den vermeintlich richtigen Kurs zu bringen.<\/b><\/p>\n<p>\u25ba Was kann jetzt auf Europa zukommen?<\/p>\n<p>Besonders brisant ist die Ank\u00fcndigung der US-Regierung, den \u201eWiderstand\u201c gegen die EU in Europa zu f\u00f6rdern. Damit k\u00f6nnten EU-kritische, nationalistische Parteien gemeint sein. In Deutschland w\u00e4re dies die AfD. Nach BILD-Informationen f\u00fchren <a href=\"https:\/\/www.bild.de\/politik\/inland\/alternative-fuer-deutschland\/afd-alle-infos-76662060.bild.html\" class=\"text-link\" target=\"_blank\" rel=\"noopener\">AfD-Politiker<\/a> derzeit Gespr\u00e4che mit US-Regierungsvertretern. Sie klagen dabei auch \u00fcber genau das, was das <a href=\"https:\/\/www.bild.de\/politik\/leute\/donald-trump\/thema-donald-trump-alle-infos-80018378.bild.html\" class=\"text-link\" target=\"_blank\" rel=\"noopener\">Trump<\/a>-Lager an Deutschland f\u00fcr kritikw\u00fcrdig h\u00e4lt.<\/p>\n<p>Mehr zum Thema<\/p>\n<p>\u201eDie Bundesregierung sollte sich jetzt schon \u00fcberlegen, wie sie auf eine US-Einmischung reagieren k\u00f6nnte\u201c, sagte der Sicherheitsexperte Peter Neumann (King\u2019s College London) im Podcast von BILD-Vize Paul Ronzheimer.<\/p>\n<p><b>Trumps Plan f\u00fcr ein neues Europa. H\u00f6ren Sie jetzt die neue Podcast-Folge von Paul Ronzheimer mit Peter Neumann. Bei <\/b><a href=\"https:\/\/open.spotify.com\/episode\/7ydMVeIeRzFOO1Qb7Ip6Bs?si=AXY5yFxoQS-QHFbphuzdPA\" target=\"_blank\" rel=\"nofollow noopener\" class=\"text-link--external text-link\"><b>Spotify<\/b><\/a><b>, <\/b><a href=\"https:\/\/podcasts.apple.com\/de\/podcast\/trumps-plan-f%C3%BCr-ein-neues-europa-mit-peter-neumann\/id1700432142?i=1000740527332\" target=\"_blank\" rel=\"nofollow noopener\" class=\"text-link--external text-link\"><b>Apple Podcast<\/b><\/a><b> oder im <\/b><a href=\"https:\/\/shows.acast.com\/ronzheimer\/episodes\/trumps-plan-fur-ein-neues-europa-mit-peter-neumann\" target=\"_blank\" rel=\"nofollow noopener\" class=\"text-link--external text-link\"><b>BILD-Player<\/b><\/a><b>.<\/b><\/p>\n<p>So k\u00f6nnten die USA sich in Deutschland einmischen<\/p>\n<p><b>Sollte \u201ees irgendwann zu diesem AfD-Verbotsverfahren kommen\u201c, dann k\u00f6nnte \u201eAmerika da sehr stark reagieren, m\u00f6glicherweise sogar mit Sanktionen\u201c. M\u00f6glich sei auch, dass die USA versuchen w\u00fcrden, staatliche Ma\u00dfnahmen in Deutschland mit Drohungen zu verhindern: \u201eWenn Ihr irgendwas gegen die AfD macht, dann kommt Amerika und erl\u00e4sst Sanktionen oder erh\u00f6ht Z\u00f6lle\u201c, so Neumann.<\/b><\/p>\n<p>Auch konkrete Unterst\u00fctzung der deutschen Rechtsau\u00dfen-Partei aus den USA sei m\u00f6glich. Neumann: \u201eNicht unbedingt von der amerikanischen Regierung, aber von Leuten, die mit der Republikanischen Partei zu tun haben.\u201c Sie k\u00f6nnten die AfD finanziell unterst\u00fctzen, vorstellbar sei auch, \u201edass Elon Musk und andere amerikanische Medienplattformen Algorithmen entsprechend manipulieren, sodass die AfD bevorzugt wird, wenn das nicht bereits passiert\u201c.<\/p>\n<p><img decoding=\"async\" width=\"992\" height=\"558\" alt=\"Der deutsche Sicherheitsexperte Peter Neumann warnt vor US-Einmischung in Deutschland\" src=\"https:\/\/www.europesays.com\/de\/wp-content\/uploads\/2025\/12\/e100a674940572a9046d73d894c9a30d,102a7a21\"   class=\"landscape\" loading=\"lazy\"\/><\/p>\n<p class=\"fig__caption__text\">Der deutsche Sicherheitsexperte Peter Neumann warnt vor US-Einmischung in Deutschland<\/p>\n<p>Foto: Markus Hertrich<\/p>\n<p>\u201eFreunde sprechen ehrlich miteinander\u201c<\/p>\n<p>Einen anderen Blick hat die amerikanische Au\u00dfenpolitik-Expertin Mary Kissel. Sie war die rechte Hand von Trumps fr\u00fcherem US-Au\u00dfenminister Mike Pompeo, ist jetzt Politikberaterin beim Investment-Riesen Stephens. Zu BILD sagt sie \u00fcber Trumps EU-Plan: \u201eVieles an der Kritik der Medien erscheint mir \u00fcberzogen. Die Nationale Sicherheitsstrategie stellt eindeutig fest, dass die USA die Beilegung des Krieges in der Ukraine als ein \u201aKerninteresse\u2018 betrachten \u2013 etwas, das insbesondere Deutschland begr\u00fc\u00dfen und mitgestalten sollte.\u201c Die Kritik am Zustand europ\u00e4ischer Volkswirtschaften basiere \u201eauf Fakten und k\u00f6nnte als Ansto\u00df dienen, den Fokus wieder st\u00e4rker auf Wachstum und sozialen Aufstieg zu richten\u201c. <\/p>\n<p>Kissel zu BILD: \u201eFreunde sprechen ehrlich miteinander. Trumps zweite Nationale Sicherheitsstrategie mag noch deutlicher formuliert sein als Trumps erste, aber ich sehe hier eher mehr als weniger Chancen f\u00fcr Europa \u2013 falls europ\u00e4ische Politiker den Mut haben, sich ehrlich mit den in dem Dokument aufgeworfenen Fragen auseinanderzusetzen.\u201c<\/p>\n<p><img decoding=\"async\" width=\"992\" height=\"558\" alt=\"Beriet Au\u00dfenminister Pompeo in Trumps erster Amtszeit: US-Expertin Mary Kissel\" src=\"https:\/\/www.europesays.com\/de\/wp-content\/uploads\/2025\/12\/d4b8b722061260c9ac42acf19f91d8dc,934259de\"   class=\"landscape\" loading=\"lazy\"\/><\/p>\n<p class=\"fig__caption__text\">Beriet Au\u00dfenminister Pompeo in Trumps erster Amtszeit: US-Expertin Mary Kissel<\/p>\n<p>Foto: Gage Skidmore\/Wikipedia<\/p>\n<p>Auff\u00e4llig ist: W\u00e4hrend im amerikanischen Strategiepapier der EU auch \u201eZensur der freien Meinungs\u00e4u\u00dferung und Unterdr\u00fcckung politischer Opposition\u201c vorgeworfen wird, sprach Trump im \u201ePolitico\u201c-Interview fast ausschlie\u00dflich \u00fcber die Migrationspolitik Europas. Dies k\u00f6nnte darauf hindeuten, dass vor allem US-Vizepr\u00e4sident JD Vance hinter dem Regierungsdokument steckt.<\/p>\n<p>\u201eDie Vorw\u00fcrfe und Behauptungen sind beinahe deckungsgleich mit der Rede von JD Vance auf der M\u00fcnchner Sicherheitskonferenz\u201c, so Benedikt Franke, CEO der Sicherheits-Konferenz, zu BILD.<\/p>\n","protected":false},"excerpt":{"rendered":"Berlin \u2013 Die neue \u201eNationale Sicherheitsstrategie\u201c der USA l\u00f6ste in Europa Alarmstimmung aus. In seinem Interview mit POLITICO&hellip;\n","protected":false},"author":2,"featured_media":638767,"comment_status":"","ping_status":"","sticky":false,"template":"","format":"standard","meta":{"footnotes":""},"categories":[3933],"tags":[331,332,548,663,158,3934,3935,13,14,15,76486,3082,40134,307,12,45,1017,317,64],"class_list":{"0":"post-638766","1":"post","2":"type-post","3":"status-publish","4":"format-standard","5":"has-post-thumbnail","7":"category-eu","8":"tag-aktuelle-nachrichten","9":"tag-aktuelle-news","10":"tag-eu","11":"tag-europa","12":"tag-europaeische-union","13":"tag-europe","14":"tag-european-union","15":"tag-headlines","16":"tag-nachrichten","17":"tag-news","18":"tag-piatov-filipp","19":"tag-putin-wladimir","20":"tag-ronzheimer-paul","21":"tag-russland","22":"tag-schlagzeilen","23":"tag-texttospeech","24":"tag-trump-donald","25":"tag-ukraine","26":"tag-usa"},"share_on_mastodon":{"url":"https:\/\/pubeurope.com\/@de\/115700137712399649","error":""},"_links":{"self":[{"href":"https:\/\/www.europesays.com\/de\/wp-json\/wp\/v2\/posts\/638766","targetHints":{"allow":["GET"]}}],"collection":[{"href":"https:\/\/www.europesays.com\/de\/wp-json\/wp\/v2\/posts"}],"about":[{"href":"https:\/\/www.europesays.com\/de\/wp-json\/wp\/v2\/types\/post"}],"author":[{"embeddable":true,"href":"https:\/\/www.europesays.com\/de\/wp-json\/wp\/v2\/users\/2"}],"replies":[{"embeddable":true,"href":"https:\/\/www.europesays.com\/de\/wp-json\/wp\/v2\/comments?post=638766"}],"version-history":[{"count":0,"href":"https:\/\/www.europesays.com\/de\/wp-json\/wp\/v2\/posts\/638766\/revisions"}],"wp:featuredmedia":[{"embeddable":true,"href":"https:\/\/www.europesays.com\/de\/wp-json\/wp\/v2\/media\/638767"}],"wp:attachment":[{"href":"https:\/\/www.europesays.com\/de\/wp-json\/wp\/v2\/media?parent=638766"}],"wp:term":[{"taxonomy":"category","embeddable":true,"href":"https:\/\/www.europesays.com\/de\/wp-json\/wp\/v2\/categories?post=638766"},{"taxonomy":"post_tag","embeddable":true,"href":"https:\/\/www.europesays.com\/de\/wp-json\/wp\/v2\/tags?post=638766"}],"curies":[{"name":"wp","href":"https:\/\/api.w.org\/{rel}","templated":true}]}}