{"id":638794,"date":"2025-12-11T09:21:24","date_gmt":"2025-12-11T09:21:24","guid":{"rendered":"https:\/\/www.europesays.com\/de\/638794\/"},"modified":"2025-12-11T09:21:24","modified_gmt":"2025-12-11T09:21:24","slug":"db-bahn-zwischen-duesseldorf-essen-s6-faehrt-ab-14-dezember-wieder","status":"publish","type":"post","link":"https:\/\/www.europesays.com\/de\/638794\/","title":{"rendered":"DB Bahn zwischen D\u00fcsseldorf\/Essen: S6 f\u00e4hrt ab 14. Dezember wieder"},"content":{"rendered":"<p class=\"text_ohne_einzug richtext text-em-55 !leading-serif mx-6 desktop:mx-0\">Nach intensiven Regenf\u00e4llen im Februar 2024 geriet ein Hang an der Bahntrasse in H\u00f6sel ins Rutschen und sorgte f\u00fcr umfangreiche Zerst\u00f6rungen. Die Bahnlinie musste stillgelegt werden. Erste Planungen gingen von Mitte 2026 aus, bis wieder Z\u00fcge durch H\u00f6sel rollen k\u00f6nnen. Jetzt wird der Betrieb mit dem Fahrplanwechsel im Dezember rund sechs Monate fr\u00fcher wieder aufgenommen. Ab dem 14. Dezember f\u00e4hrt die S6 wieder.<\/p>\n","protected":false},"excerpt":{"rendered":"Nach intensiven Regenf\u00e4llen im Februar 2024 geriet ein Hang an der Bahntrasse in H\u00f6sel ins Rutschen und sorgte&hellip;\n","protected":false},"author":2,"featured_media":638795,"comment_status":"","ping_status":"","sticky":false,"template":"","format":"standard","meta":{"footnotes":""},"categories":[1834],"tags":[1739,3364,29,3688,150619,30,26507,1209,150618],"class_list":{"0":"post-638794","1":"post","2":"type-post","3":"status-publish","4":"format-standard","5":"has-post-thumbnail","7":"category-essen","8":"tag-bahn","9":"tag-de","10":"tag-deutschland","11":"tag-essen","12":"tag-fahrt","13":"tag-germany","14":"tag-linie","15":"tag-nordrhein-westfalen","16":"tag-sae6"},"share_on_mastodon":{"url":"https:\/\/pubeurope.com\/@de\/115700202504498797","error":""},"_links":{"self":[{"href":"https:\/\/www.europesays.com\/de\/wp-json\/wp\/v2\/posts\/638794","targetHints":{"allow":["GET"]}}],"collection":[{"href":"https:\/\/www.europesays.com\/de\/wp-json\/wp\/v2\/posts"}],"about":[{"href":"https:\/\/www.europesays.com\/de\/wp-json\/wp\/v2\/types\/post"}],"author":[{"embeddable":true,"href":"https:\/\/www.europesays.com\/de\/wp-json\/wp\/v2\/users\/2"}],"replies":[{"embeddable":true,"href":"https:\/\/www.europesays.com\/de\/wp-json\/wp\/v2\/comments?post=638794"}],"version-history":[{"count":0,"href":"https:\/\/www.europesays.com\/de\/wp-json\/wp\/v2\/posts\/638794\/revisions"}],"wp:featuredmedia":[{"embeddable":true,"href":"https:\/\/www.europesays.com\/de\/wp-json\/wp\/v2\/media\/638795"}],"wp:attachment":[{"href":"https:\/\/www.europesays.com\/de\/wp-json\/wp\/v2\/media?parent=638794"}],"wp:term":[{"taxonomy":"category","embeddable":true,"href":"https:\/\/www.europesays.com\/de\/wp-json\/wp\/v2\/categories?post=638794"},{"taxonomy":"post_tag","embeddable":true,"href":"https:\/\/www.europesays.com\/de\/wp-json\/wp\/v2\/tags?post=638794"}],"curies":[{"name":"wp","href":"https:\/\/api.w.org\/{rel}","templated":true}]}}