{"id":638840,"date":"2025-12-11T09:47:10","date_gmt":"2025-12-11T09:47:10","guid":{"rendered":"https:\/\/www.europesays.com\/de\/638840\/"},"modified":"2025-12-11T09:47:10","modified_gmt":"2025-12-11T09:47:10","slug":"elmo-bei-der-tagesschau-susanne-daubner-startet-knuddel-attacke-news","status":"publish","type":"post","link":"https:\/\/www.europesays.com\/de\/638840\/","title":{"rendered":"Elmo bei der Tagesschau: Susanne Daubner startet Knuddel-Attacke | News"},"content":{"rendered":"<p class=\"red-breaking-news__text\">+++Experten korrigieren Prognose nach unten: Wachstums-D\u00e4mpfer f\u00fcr unsere Wirtschaft<\/p>\n<p class=\"red-breaking-news__text\" aria-hidden=\"true\">+++Experten korrigieren Prognose nach unten: Wachstums-D\u00e4mpfer f\u00fcr unsere Wirtschaft<\/p>\n<p class=\"red-breaking-news__text\" aria-hidden=\"true\">+++Experten korrigieren Prognose nach unten: Wachstums-D\u00e4mpfer f\u00fcr unsere Wirtschaft<\/p>\n<p class=\"red-breaking-news__text\" aria-hidden=\"true\">+++Experten korrigieren Prognose nach unten: Wachstums-D\u00e4mpfer f\u00fcr unsere Wirtschaft<\/p>\n<p class=\"red-breaking-news__text\" aria-hidden=\"true\">+++Experten korrigieren Prognose nach unten: Wachstums-D\u00e4mpfer f\u00fcr unsere Wirtschaft<\/p>\n<p class=\"red-breaking-news__text\" aria-hidden=\"true\">+++Experten korrigieren Prognose nach unten: Wachstums-D\u00e4mpfer f\u00fcr unsere Wirtschaft<\/p>\n<p class=\"red-breaking-news__text\" aria-hidden=\"true\">+++Experten korrigieren Prognose nach unten: Wachstums-D\u00e4mpfer f\u00fcr unsere Wirtschaft<\/p>\n<p class=\"red-breaking-news__text\" aria-hidden=\"true\">+++Experten korrigieren Prognose nach unten: Wachstums-D\u00e4mpfer f\u00fcr unsere Wirtschaft<\/p>\n<p class=\"red-breaking-news__text\" aria-hidden=\"true\">+++Experten korrigieren Prognose nach unten: Wachstums-D\u00e4mpfer f\u00fcr unsere Wirtschaft<\/p>\n<p class=\"red-breaking-news__text\" aria-hidden=\"true\">+++Experten korrigieren Prognose nach unten: Wachstums-D\u00e4mpfer f\u00fcr unsere Wirtschaft<\/p>\n","protected":false},"excerpt":{"rendered":"+++Experten korrigieren Prognose nach unten: Wachstums-D\u00e4mpfer f\u00fcr unsere Wirtschaft +++Experten korrigieren Prognose nach unten: Wachstums-D\u00e4mpfer f\u00fcr unsere Wirtschaft&hellip;\n","protected":false},"author":2,"featured_media":638841,"comment_status":"","ping_status":"","sticky":false,"template":"","format":"standard","meta":{"footnotes":"","_share_on_mastodon":"0"},"categories":[1776],"tags":[223,7218,1801,29,214,30,438,1802,777,138370,215],"class_list":["post-638840","post","type-post","status-publish","format-standard","has-post-thumbnail","category-prominente","tag-ard","tag-ard-tagesschau","tag-celebrities","tag-deutschland","tag-entertainment","tag-germany","tag-ndr","tag-prominente","tag-sesamstrasse","tag-team-first","tag-unterhaltung"],"share_on_mastodon":{"url":"https:\/\/pubeurope.com\/@de\/115700304889523193","error":""},"_links":{"self":[{"href":"https:\/\/www.europesays.com\/de\/wp-json\/wp\/v2\/posts\/638840","targetHints":{"allow":["GET"]}}],"collection":[{"href":"https:\/\/www.europesays.com\/de\/wp-json\/wp\/v2\/posts"}],"about":[{"href":"https:\/\/www.europesays.com\/de\/wp-json\/wp\/v2\/types\/post"}],"author":[{"embeddable":true,"href":"https:\/\/www.europesays.com\/de\/wp-json\/wp\/v2\/users\/2"}],"replies":[{"embeddable":true,"href":"https:\/\/www.europesays.com\/de\/wp-json\/wp\/v2\/comments?post=638840"}],"version-history":[{"count":0,"href":"https:\/\/www.europesays.com\/de\/wp-json\/wp\/v2\/posts\/638840\/revisions"}],"wp:featuredmedia":[{"embeddable":true,"href":"https:\/\/www.europesays.com\/de\/wp-json\/wp\/v2\/media\/638841"}],"wp:attachment":[{"href":"https:\/\/www.europesays.com\/de\/wp-json\/wp\/v2\/media?parent=638840"}],"wp:term":[{"taxonomy":"category","embeddable":true,"href":"https:\/\/www.europesays.com\/de\/wp-json\/wp\/v2\/categories?post=638840"},{"taxonomy":"post_tag","embeddable":true,"href":"https:\/\/www.europesays.com\/de\/wp-json\/wp\/v2\/tags?post=638840"}],"curies":[{"name":"wp","href":"https:\/\/api.w.org\/{rel}","templated":true}]}}