{"id":638881,"date":"2025-12-11T10:10:27","date_gmt":"2025-12-11T10:10:27","guid":{"rendered":"https:\/\/www.europesays.com\/de\/638881\/"},"modified":"2025-12-11T10:10:27","modified_gmt":"2025-12-11T10:10:27","slug":"ziele-in-augsburg-und-schwaben","status":"publish","type":"post","link":"https:\/\/www.europesays.com\/de\/638881\/","title":{"rendered":"Ziele in Augsburg und Schwaben"},"content":{"rendered":"<p class=\"mb-6 text-xs md:text-m lg:text-l font-serif group-[.font-sans]:font-sans \">\n    Sie geh\u00f6ren zum Advent wie Adventskr\u00e4nze und Geschenke kaufen: Weihnachtsm\u00e4rkte. Vor allem in Bayern sind sie Kulturgut, ist doch der <a href=\"https:\/\/www.augsburger-allgemeine.de\/bayern\/groesster-fruehester-laengster-weihnachtsmarkt-in-bayern-das-sind-die-rekorde-112751170\" target=\"_self\" class=\"underline \" rel=\"noopener\">N\u00fcrnberger Markt<\/a> der vielleicht ber\u00fchmteste der Welt. Auch viele Veranstaltungen im S\u00fcden des Freistaats m\u00fcssen sich nicht verstecken, nach Augsburg str\u00f6men j\u00e4hrlich etwa eine Million Besucherinnen und Besucher. Was auf diesen gro\u00dfen und ber\u00fchmten M\u00e4rkten aber wom\u00f6glich schwerf\u00e4llt: die Besinnlichkeit der Adventszeit zu genie\u00dfen.\n  <\/p>\n<p class=\"mb-6 text-xs md:text-m lg:text-l font-serif group-[.font-sans]:font-sans \">\n    Besser geht das wom\u00f6glich auf den kleineren, noch weniger bekannten Weihnachtsm\u00e4rkten <a href=\"https:\/\/www.augsburger-allgemeine.de\/augsburg\/christkindlesmarkt-augsburg-2025-oeffnungszeiten-heute-programm-parken-08-12-2025-112695881\" target=\"_self\" class=\"underline \" rel=\"noopener\">abseits des Rathausplatzes<\/a>. Wir haben einige Adressen gesammelt, an denen sich die Massen noch nicht eng dr\u00e4ngeln, weniger los ist, aber die Kulisse und das Ambiente trotzdem weihnachtliche Stimmung aufkommen lassen.\n  <\/p>\n<p>            Weihnachtsmarkt in der Silberschmiede<\/p>\n<p class=\"mb-6 text-xs md:text-m lg:text-l font-serif group-[.font-sans]:font-sans \">\n    Mitten in der Augsburger Altstadt gelegen und seit vielen Jahren fester Bestandteil der Augsburger Vorweihnachtszeit ist es fast noch ein Wunder, dass der kleine Weihnachtsmarkt in der Pfladergasse immer noch als Geheimtipp z\u00e4hlen kann. Doch tats\u00e4chlich ist die Veranstaltung des Roten Kreuzes im Hof der Alten Silberschmiede immer noch vielen unbekannt \u2013 und obwohl sich auf dem kleinen Platz nur wenige Menschen tummeln k\u00f6nnen, findet sich immer noch ein wenig Raum f\u00fcr Besucherinnen und Besucher. Der Markt \u00f6ffnet heuer am 28. November und hat bis zum 23. Dezember t\u00e4glich ab 16 Uhr ge\u00f6ffnet. <a href=\"https:\/\/www.augsburger-altstadt.de\/entdecken\/veranstaltungen\/weihnachtsmarkt-alte-silberschmiede-2\/\" rel=\"nofollow noopener\" target=\"_blank\" class=\"underline \">Mehr Informationen gibt es hier auf Seite des Veranstalters.<\/a>\n  <\/p>\n<p>      <a href=\"https:\/\/www.augsburger-allgemeine.de\/augsburg\/alle-augsburger-weihnachtsmaerkte-2025-in-der-uebersicht-112834839\" class=\"hidden  &#010;                md:block md:mr-5 md:min-w-[140px]  aspect-photo md:aspect-tv lg:aspect-tv w-fullXXX relative self-start inline overflow-hidden\" target=\"_blank\" rel=\"noopener\"><\/p>\n<p>    <img decoding=\"async\" src=\"https:\/\/images.mgpd.de\/img\/112838155\/crop\/c3_2-w100\/1942444297\/222519109\/design-ohne-titel-33.jpg\" alt=\"Weihnachtsstimmung allerorten: Neben dem Christkindlesmarkt gibt es in der Augsburger Innenstadt auch noch andere M\u00e4rkte, auf denen es meist etwas ruhiger zugeht.\" title=\"Weihnachtsstimmung allerorten: Neben dem Christkindlesmarkt gibt es in der Augsburger Innenstadt auch noch andere M\u00e4rkte, auf denen es meist etwas ruhiger zugeht.\" class=\"h-full w-full object-cover\"\/><br \/>\n   <\/a><\/p>\n<p>            Advent am Feuer im Schloss Blumenthal<\/p>\n<p class=\"mb-6 text-xs md:text-m lg:text-l font-serif group-[.font-sans]:font-sans \">\n    <a href=\"https:\/\/www.augsburger-allgemeine.de\/aichach\/weihnachtsmaerkte-christkindlmaerkte-die-hoehepunkte-im-landkreis-aichach-friedberg-2025-112792028\" target=\"_self\" class=\"underline \" rel=\"noopener\">Hier kann man die Adventszeit im Biergarten verbringen<\/a>: In dem fast 800 Jahre alten Schloss Blumenthal in der N\u00e4he von Aichach kann man sich am Feuer w\u00e4rmen und geht dem Gedr\u00e4nge der Stadt aus dem Weg. Angeboten werden im weihnachtlich dekorierten Innenhof Lebkuchen, Stockbrot und Punsch sowie Winter-Cocktails. Der Weihnachtsmarkt dauert die gesamte Adventszeit und ist immer an den Wochenenden ge\u00f6ffnet. An allen vier Adventswochenenden, jeweils Samstag und Sonntag von 14 bis 18 Uhr, kann man das weihnachtliche Schloss besuchen.\n  <\/p>\n<p>            Romantischer Weihnachtsmarkt in N\u00f6rdlingen<\/p>\n<p class=\"mb-6 text-xs md:text-m lg:text-l font-serif group-[.font-sans]:font-sans \">\n    Zugegeben, <a href=\"https:\/\/www.augsburger-allgemeine.de\/noerdlingen\/der-romantische-weihnachtsmarkt-in-noerdlingen-2025-oeffnungszeiten-programm-und-aktionen-112770946\" target=\"_self\" class=\"underline \" rel=\"noopener\">unter den hier genannten Weihnachtsm\u00e4rkten ist der N\u00f6rdlinger sicherlich der bekannteste.<\/a> Und f\u00fcr die Menschen im Ries z\u00e4hlt N\u00f6rdlingen sicher auch nicht als kleiner, unbekannter Markt, sondern als gr\u00f6\u00dfter in der Region. Doch wie W\u00fcrzburg, Augsburg, Dinkelsb\u00fchl oder F\u00fcssen liegt auch N\u00f6rdlingen an der Romantischen Stra\u00dfe \u2013 so wie nat\u00fcrlich auch Rothenburg ob der Tauber. Doch w\u00e4hrend vor allem Rothenburg in der Adventszeit von Touristen \u00fcberlaufen wird und als Heimat des ber\u00fchmten Weihnachtsh\u00e4ndlers K\u00e4the Wohlfahrt als eine der Weihnachtsmarktst\u00e4dte \u00fcberhaupt gilt, bleibt das nicht weniger sehenswerte N\u00f6rdlingen oft im Schatten. Wer also Lust auf die volle Romantik eines Weihnachtsmarktes hat, aber das Gedr\u00e4nge im Touristenhotspot vermeiden will, ist in N\u00f6rdlingen genau richtig. Er hat heuer vom 28. November bis 23. Dezember t\u00e4glich von 11 bis 19 Uhr, freitags und samstags gar bis 20 Uhr ge\u00f6ffnet.\n  <\/p>\n<p>    <img decoding=\"async\" src=\"https:\/\/images.mgpd.de\/img\/112841555\/crop\/c16_9-w100\/730942196\/790733193\/weihnachtsmarkt-noerdlingen.jpg\" alt=\"Obwohl man ihn durchaus Geheimtipp nennen darf, ist der N\u00f6rdlinger Weihnachtsmarkt sicher einer der popul\u00e4rsten in Bayerisch-Schwaben.\" title=\"Obwohl man ihn durchaus Geheimtipp nennen darf, ist der N\u00f6rdlinger Weihnachtsmarkt sicher einer der popul\u00e4rsten in Bayerisch-Schwaben.\" class=\"h-full w-full object-cover\"\/><\/p>\n<p>      Icon vergr\u00f6\u00dfern<\/p>\n<p>    Obwohl man ihn durchaus Geheimtipp nennen darf, ist der N\u00f6rdlinger Weihnachtsmarkt sicher einer der popul\u00e4rsten in Bayerisch-Schwaben.<br \/>\n    Foto: Martina Bachmann<\/p>\n<p>        Schlie\u00dfen <\/p>\n<p>      Icon Schlie\u00dfen<\/p>\n<p>        Icon vergr\u00f6\u00dfern<\/p>\n<p>        Icon verkleinern<\/p>\n<p>      Icon Pfeil bewegen<\/p>\n<p>    Obwohl man ihn durchaus Geheimtipp nennen darf, ist der N\u00f6rdlinger Weihnachtsmarkt sicher einer der popul\u00e4rsten in Bayerisch-Schwaben.<br \/>\n    Foto: Martina Bachmann<\/p>\n<p>            Rainer Schlossweihnacht<\/p>\n<p class=\"mb-6 text-xs md:text-m lg:text-l font-serif group-[.font-sans]:font-sans \">\n    Der n\u00e4chste Ort an der romantischen Stra\u00dfe: <a href=\"https:\/\/www.augsburger-allgemeine.de\/donauwoerth\/die-schlossweihnacht-in-rain-2025-termine-oeffnungszeiten-und-programm-112729146\" target=\"_self\" class=\"underline \" rel=\"noopener\">In Rain am Lech findet am dritten Adventswochenende die Rainer Schlossweihnacht statt<\/a>. Die St\u00e4nde werden rund um das Schlossgeb\u00e4ude in der Kleinstadt im Landkreis Donau-Ries aufgebaut, angeboten werden Klassiker wie Schmuck und Bratwurstsemmeln, aber auch kaukasische Spezialit\u00e4ten oder Mini-Donuts. \u00dcber ein gesamtes verl\u00e4ngertes Wochenende gibt es zudem unter anderem ein musikalisches Programm und einen Nikolausbesuch. Ge\u00f6ffnet hat der Markt am Donnerstag, 11. Dezember, von 18 bis 22 Uhr, den folgenden Freitag und Samstag von 16 bis 22 Uhr und am Sonntag, 14. Dezember, von 14 bis 20 Uhr.\n  <\/p>\n<p>      <a href=\"https:\/\/www.augsburger-allgemeine.de\/bayern\/weihnachtsmaerkte-2025-diese-haben-in-augsburg-neu-ulm-guenzburg-nach-20-uhr-noch-geoeffnet-10-12-2025-112791632\" class=\"hidden  &#010;                md:block md:mr-5 md:min-w-[140px]  aspect-photo md:aspect-tv lg:aspect-tv w-fullXXX relative self-start inline overflow-hidden\" target=\"_blank\" rel=\"noopener\"><\/p>\n<p>    <img decoding=\"async\" src=\"https:\/\/images.mgpd.de\/img\/103662081\/crop\/c3_2-w100\/926564285\/1323441292\/christkindlesmarkt007jpg.jpg\" alt=\"Freitags und Samstags geht der Augsburger Christkindlesmarkt in die Verl\u00e4ngerung.\" title=\"Freitags und Samstags geht der Augsburger Christkindlesmarkt in die Verl\u00e4ngerung.\" class=\"h-full w-full object-cover\"\/><br \/>\n   <\/a><\/p>\n<p>      <a href=\"https:\/\/www.augsburger-allgemeine.de\/bayern\/weihnachtsmaerkte-2025-fuer-familien-die-schoensten-in-bayerisch-schwaben-11-12-2025-112852384\" class=\"hidden  &#010;                md:block md:mr-5 md:min-w-[140px]  aspect-photo md:aspect-tv lg:aspect-tv w-fullXXX relative self-start inline overflow-hidden\" target=\"_blank\" rel=\"noopener\"><\/p>\n<p>    <img decoding=\"async\" src=\"https:\/\/images.mgpd.de\/img\/100086684\/crop\/c3_2-w100\/246799284\/773493376\/friadventjpg.jpg\" alt=\"Vom Karussell bis zur Vorleseecke: F\u00fcr Kinder ist auf dem Friedberger Advent viel geboten.\" title=\"Vom Karussell bis zur Vorleseecke: F\u00fcr Kinder ist auf dem Friedberger Advent viel geboten.\" class=\"h-full w-full object-cover\"\/><br \/>\n   <\/a><\/p>\n<p>      <a href=\"https:\/\/www.augsburger-allgemeine.de\/augsburg\/silvester-2025-hier-gibt-es-partys-in-augsburg-112921811\" class=\"hidden  &#010;                md:block md:mr-5 md:min-w-[140px]  aspect-photo md:aspect-tv lg:aspect-tv w-fullXXX relative self-start inline overflow-hidden\" target=\"_blank\" rel=\"noopener\"><\/p>\n<p>    <img decoding=\"async\" src=\"https:\/\/images.mgpd.de\/img\/111935849\/crop\/c3_2-w100\/1961453568\/70686889\/silvester-feuerwerk.jpg\" alt=\"Feuerwerk in der Maximilianstra\u00dfe: So wird in Augsburg Silvester gefeiert.\" title=\"Feuerwerk in der Maximilianstra\u00dfe: So wird in Augsburg Silvester gefeiert.\" class=\"h-full w-full object-cover\"\/><br \/>\n   <\/a><\/p>\n<p>            Obersch\u00f6nenfelder Weihnachtsmarkt<\/p>\n<p class=\"mb-6 text-xs md:text-m lg:text-l font-serif group-[.font-sans]:font-sans \">\n    Noch ein Weihnachtsmarkt im Kloster: In Obersch\u00f6nenfeld bei Gessertshausen im Landkreis Augsburg l\u00e4sst sich die Adventszeit ebenfalls genie\u00dfen. Der Weihnachtsmarkt im Innenhof des jahrhundertealten Klosters mitten in den westlichen W\u00e4ldern bietet einige Besonderheiten. An allen drei Tagen gibt es etwa Geschenke f\u00fcr Kinder, der Eintritt ins Klostermuseum ist w\u00e4hrend des Marktes frei, und heuer wird es dort eine Sonderausstellung mit rund 100 historischen Papierkrippen und modernen K\u00fcnstlerkrippen geben. Ge\u00f6ffnet hat der Markt am Freitag, 12. Dezember, von 16 bis 20 Uhr, am Samstag, 13. Dezember, von 12 bis 20 Uhr, und am Sonntag, 14. Dezember, von 12 bis 19 Uhr. <a href=\"https:\/\/mos.bezirk-schwaben.de\/oberschoenenfeld\/oberschoenenfelder-weihnachtsmarkt\/\" rel=\"nofollow noopener\" target=\"_blank\" class=\"underline \">Mehr Informationen gibt es hier auf der Seite des Veranstalters<\/a>.\n  <\/p>\n<p>            Adventsmarkt Edelstetten<\/p>\n<p class=\"mb-6 text-xs md:text-m lg:text-l font-serif group-[.font-sans]:font-sans \">\n    Wie auch im Kloster Roggenburg m\u00fcssen Besucher auf dem Weihnachtsmarkt in Edelstetten schnell sein. Auch hier findet der Weihnachtsmarkt \u2013 beziehungsweise hier der \u201eAdventsmarkt\u201c \u2013 am ersten Adventswochenende statt. <a href=\"https:\/\/www.augsburger-allgemeine.de\/guenzburg\/weihnachtsmaerkte-2025-alle-termine-und-orte-im-kreis-guenzburg-112620779\" target=\"_self\" class=\"underline \" rel=\"noopener\">Der kleine Markt in der Gemeinde Neuburg an der Kammel im Landkreis G\u00fcnzburg<\/a> zieht j\u00e4hrlich viele Besucherinnen und Besucher ins Dorf, das Ambiente wird gepr\u00e4gt von der historischen Kulisse rund um das ehemalige Damenstift mit Schloss und sanierter Kirche.\u00a0Der Markt dauert vom 28. bis 30. Dezember, freitags ist er von 18 bis 21.30 Uhr ge\u00f6ffnet, samstags bis 16 bis 21.30 Uhr, und am Sonntag von 13 bis 20 Uhr.\n  <\/p>\n<ul data-module-id=\"DragDropModule\" class=\"flex flex-wrap justify-start group-[.no-bookmarks]:hidden\">\n<li class=\"mb-3 mr-3\">\n    Christof Paulus<\/p>\n<p>      Icon Haken im Kreis gesetzt<\/p>\n<p>      Icon Plus im Kreis<\/p>\n<\/li>\n<li class=\"mb-3 mr-3\">\n    Augsburg<\/p>\n<p>      Icon Haken im Kreis gesetzt<\/p>\n<p>      Icon Plus im Kreis<\/p>\n<\/li>\n<li class=\"mb-3 mr-3\">\n    Geheimtipp<\/p>\n<p>      Icon Haken im Kreis gesetzt<\/p>\n<p>      Icon Plus im Kreis<\/p>\n<\/li>\n<\/ul>\n","protected":false},"excerpt":{"rendered":"Sie geh\u00f6ren zum Advent wie Adventskr\u00e4nze und Geschenke kaufen: Weihnachtsm\u00e4rkte. Vor allem in Bayern sind sie Kulturgut, ist&hellip;\n","protected":false},"author":2,"featured_media":638882,"comment_status":"","ping_status":"","sticky":false,"template":"","format":"standard","meta":{"footnotes":""},"categories":[1846],"tags":[5100,127611,145714,680,772,25836,128107,3364,29,548,663,3934,8081,30,13,14,15,86739,12,8497],"class_list":{"0":"post-638881","1":"post","2":"type-post","3":"status-publish","4":"format-standard","5":"has-post-thumbnail","7":"category-augsburg","8":"tag-rotes-kreuz","9":"tag-adventszeit","10":"tag-aichach","11":"tag-augsburg","12":"tag-bayern","13":"tag-blumenthal","14":"tag-christkindlesmarkt","15":"tag-de","16":"tag-deutschland","17":"tag-eu","18":"tag-europa","19":"tag-europe","20":"tag-geheimtipp","21":"tag-germany","22":"tag-headlines","23":"tag-nachrichten","24":"tag-news","25":"tag-noerdlingen","26":"tag-schlagzeilen","27":"tag-weihnachtsmarkt"},"share_on_mastodon":{"url":"https:\/\/pubeurope.com\/@de\/115700396459874962","error":""},"_links":{"self":[{"href":"https:\/\/www.europesays.com\/de\/wp-json\/wp\/v2\/posts\/638881","targetHints":{"allow":["GET"]}}],"collection":[{"href":"https:\/\/www.europesays.com\/de\/wp-json\/wp\/v2\/posts"}],"about":[{"href":"https:\/\/www.europesays.com\/de\/wp-json\/wp\/v2\/types\/post"}],"author":[{"embeddable":true,"href":"https:\/\/www.europesays.com\/de\/wp-json\/wp\/v2\/users\/2"}],"replies":[{"embeddable":true,"href":"https:\/\/www.europesays.com\/de\/wp-json\/wp\/v2\/comments?post=638881"}],"version-history":[{"count":0,"href":"https:\/\/www.europesays.com\/de\/wp-json\/wp\/v2\/posts\/638881\/revisions"}],"wp:featuredmedia":[{"embeddable":true,"href":"https:\/\/www.europesays.com\/de\/wp-json\/wp\/v2\/media\/638882"}],"wp:attachment":[{"href":"https:\/\/www.europesays.com\/de\/wp-json\/wp\/v2\/media?parent=638881"}],"wp:term":[{"taxonomy":"category","embeddable":true,"href":"https:\/\/www.europesays.com\/de\/wp-json\/wp\/v2\/categories?post=638881"},{"taxonomy":"post_tag","embeddable":true,"href":"https:\/\/www.europesays.com\/de\/wp-json\/wp\/v2\/tags?post=638881"}],"curies":[{"name":"wp","href":"https:\/\/api.w.org\/{rel}","templated":true}]}}