{"id":638885,"date":"2025-12-11T10:12:12","date_gmt":"2025-12-11T10:12:12","guid":{"rendered":"https:\/\/www.europesays.com\/de\/638885\/"},"modified":"2025-12-11T10:12:12","modified_gmt":"2025-12-11T10:12:12","slug":"pol-ka-ka-bruchsal-mehrere-verkehrsunfaelle-auf-der-bab-5-mit-neun-beteiligten","status":"publish","type":"post","link":"https:\/\/www.europesays.com\/de\/638885\/","title":{"rendered":"POL-KA: (KA) Bruchsal &#8211; Mehrere Verkehrsunf\u00e4lle auf der BAB 5 mit neun beteiligten &#8230;"},"content":{"rendered":"<p class=\"date\">11.12.2025 \u2013 10:08<\/p>\n<p class=\"customer\">\n                        <a class=\"story-customer\" title=\"weiter zum newsroom von Polizeipr\u00e4sidium Karlsruhe\" href=\"https:\/\/www.presseportal.de\/blaulicht\/nr\/110972\" rel=\"nofollow noopener\" target=\"_blank\">Polizeipr\u00e4sidium Karlsruhe<\/a>\n                    <\/p>\n<p><a data-category=\"citylink-story-view\" data-action=\"click\" data-label=\"Citylink in Meldungsansicht\" class=\"story-city event-trigger\" href=\"https:\/\/www.presseportal.de\/regional\/Karlsruhe\" title=\"News aus Karlsruhe \" rel=\"nofollow noopener\" target=\"_blank\">Karlsruhe<\/a> (ots)<\/p>\n<p>Am Donnerstagmorgen ereignete sich auf der Bundesautobahn 5 bei Bruchsal ein Verkehrsunfall sowie zwei Folgeunf\u00e4lle mit insgesamt neun beteiligten Fahrzeugen.<\/p>\n<p>Nach aktuellem Stand der Ermittlungen fuhr ein Mercedesfahrer gegen 06:20 Uhr in Fahrtrichtung Karlsruhe, als er H\u00f6he Bruchsal aus bislang unklarer Ursache nach rechts von der Fahrbahn abkam, gegen die Leitplanke prallte und anschlie\u00dfend quer auf der Fahrbahn stehen blieb.<\/p>\n<p>Ein folgender Peugeot-Fahrer leitete unmittelbar eine Gefahrenbremsung ein. Eine hinter ihm befindliche Hyundai-Fahrerin erkannte die Situation offenbar zu sp\u00e4t und schob den Peugeot auf den Mercedes auf.<\/p>\n<p>In der Folge ereigneten sich wohl zwei weitere Verkehrsunf\u00e4lle mit insgesamt sechs beteiligten Fahrzeugen.<\/p>\n<p>Aufgrund des enormen Tr\u00fcmmerfelds war die Fahrbahn im Rahmen der Reinigungsarbeiten und Abschleppma\u00dfnahmen kurzzeitig voll gesperrt. F\u00fcr die weitere Unfallaufnahme sind derzeit noch der linke und mittlere Fahrstreifen gesperrt.<\/p>\n<p>Die 35-j\u00e4hrige Hyundai-Fahrerin sowie der gleichaltrige Fahrer des Peugeots erlitten ersten Erkenntnissen zufolge leichte Verletzungen und wurden mit einem Rettungswagen in ein Krankenhaus transportiert.<\/p>\n<p>Der entstandene Sachschaden soll laut ersten Sch\u00e4tzungen im unteren sechsstelligen Bereich liegen.<\/p>\n<p>Die Verkehrspolizei Karlsruhe hat die Ermittlungen zum genauen Unfallhergang \u00fcbernommen.<\/p>\n<p>Anna Breite-Diehl, Pressestelle<\/p>\n<p class=\"contact-headline\">R\u00fcckfragen bitte an:<\/p>\n<p class=\"contact-text\">Polizeipr\u00e4sidium Karlsruhe<br \/>Telefon: 0721 666-1111<br \/>E-Mail: <a href=\"https:\/\/www.presseportal.de\/blaulicht\/pm\/110972\/mailto: pressestelle.ka@polizei.bwl.de\" class=\"uri-mailto\" rel=\"nofollow noopener\" target=\"_blank\"> pressestelle.ka@polizei.bwl.de<\/a><br \/><a target=\"_blank\" class=\"uri-ext outbound\" rel=\"noopener nofollow\" href=\"http:\/\/www.polizei-bw.de\/\">http:\/\/www.polizei-bw.de\/<\/a><\/p>\n<p class=\"originator\">Original-Content von: Polizeipr\u00e4sidium Karlsruhe, \u00fcbermittelt durch news aktuell<\/p>\n","protected":false},"excerpt":{"rendered":"11.12.2025 \u2013 10:08 Polizeipr\u00e4sidium Karlsruhe Karlsruhe (ots) Am Donnerstagmorgen ereignete sich auf der Bundesautobahn 5 bei Bruchsal ein&hellip;\n","protected":false},"author":2,"featured_media":386213,"comment_status":"","ping_status":"","sticky":false,"template":"","format":"standard","meta":{"footnotes":""},"categories":[1844],"tags":[1634,6187,3364,29,30,8903,177,121,178,180,179,181],"class_list":{"0":"post-638885","1":"post","2":"type-post","3":"status-publish","4":"format-standard","5":"has-post-thumbnail","7":"category-karlsruhe","8":"tag-baden-wuerttemberg","9":"tag-bw","10":"tag-de","11":"tag-deutschland","12":"tag-germany","13":"tag-karlsruhe","14":"tag-kriminalitt","15":"tag-polizei","16":"tag-presse","17":"tag-pressemeldung","18":"tag-pressemitteilung","19":"tag-pressemitteilungen"},"share_on_mastodon":{"url":"https:\/\/pubeurope.com\/@de\/115700403082930678","error":""},"_links":{"self":[{"href":"https:\/\/www.europesays.com\/de\/wp-json\/wp\/v2\/posts\/638885","targetHints":{"allow":["GET"]}}],"collection":[{"href":"https:\/\/www.europesays.com\/de\/wp-json\/wp\/v2\/posts"}],"about":[{"href":"https:\/\/www.europesays.com\/de\/wp-json\/wp\/v2\/types\/post"}],"author":[{"embeddable":true,"href":"https:\/\/www.europesays.com\/de\/wp-json\/wp\/v2\/users\/2"}],"replies":[{"embeddable":true,"href":"https:\/\/www.europesays.com\/de\/wp-json\/wp\/v2\/comments?post=638885"}],"version-history":[{"count":0,"href":"https:\/\/www.europesays.com\/de\/wp-json\/wp\/v2\/posts\/638885\/revisions"}],"wp:featuredmedia":[{"embeddable":true,"href":"https:\/\/www.europesays.com\/de\/wp-json\/wp\/v2\/media\/386213"}],"wp:attachment":[{"href":"https:\/\/www.europesays.com\/de\/wp-json\/wp\/v2\/media?parent=638885"}],"wp:term":[{"taxonomy":"category","embeddable":true,"href":"https:\/\/www.europesays.com\/de\/wp-json\/wp\/v2\/categories?post=638885"},{"taxonomy":"post_tag","embeddable":true,"href":"https:\/\/www.europesays.com\/de\/wp-json\/wp\/v2\/tags?post=638885"}],"curies":[{"name":"wp","href":"https:\/\/api.w.org\/{rel}","templated":true}]}}