{"id":638939,"date":"2025-12-11T10:41:27","date_gmt":"2025-12-11T10:41:27","guid":{"rendered":"https:\/\/www.europesays.com\/de\/638939\/"},"modified":"2025-12-11T10:41:27","modified_gmt":"2025-12-11T10:41:27","slug":"grundstuecke-und-erbbaurechte-zum-verkauf-bis-zum-29-januar-2026-angebote-einreichen","status":"publish","type":"post","link":"https:\/\/www.europesays.com\/de\/638939\/","title":{"rendered":"Grundst\u00fccke und Erbbaurechte zum Verkauf \u2013 Bis zum 29. Januar 2026 Angebote einreichen"},"content":{"rendered":"<p>Die Stadt Dresden bietet aktuell mehrere Grundst\u00fccke zum Verkauf oder zur Vergabe eines Erbbaurechts an. Interessierte m\u00fcssen ihre Angebote bis zum 29. Januar 2026 einreichen. Das Angebot wird von dem Amt f\u00fcr Hochbau und Immobilienverwaltung im Gesch\u00e4ftsbereich Stadtentwicklung, Bau, Verkehr und Liegenschaften koordiniert.<\/p>\n<p>In Plauen steht das Angebot 45412 zur Verf\u00fcgung: Ein voll unterkellertes, zweigeschossiges Zweifamilienhaus in der Bergstra\u00dfe 61\/63, das 1926 erbaut wurde. Das Objekt umfasst eine Wohnfl\u00e4che von insgesamt 224 Quadratmetern auf einem Grundst\u00fcck von 598 Quadratmetern. Bei einem Mindestgebot von 420.000 Euro ist dies eine attraktive Gelegenheit f\u00fcr potentielle K\u00e4ufer.<\/p>\n<p>Ein weiteres Objekt befindet sich in Cossebaude, wo das Angebot 45512 zur Vergabe eines Erbbaurechts Am Kirschberg 2 bereitsteht. Hier handelt es sich um ein leerstehendes, eingeschossiges Einfamilienhaus mit voll ausgebautem Dachgeschoss und einer Grundst\u00fccksgr\u00f6\u00dfe von 980 Quadratmetern. Die Wohnfl\u00e4che betr\u00e4gt etwa 80 Quadratmeter, und das Erbbaurecht hat eine Laufzeit von 60 Jahren, wobei die Vergabe im Losverfahren erfolgt.<\/p>\n<p><img decoding=\"async\" src=\"https:\/\/www.europesays.com\/de\/wp-content\/uploads\/2025\/12\/cossebaudeimmo_TEXT.png\"\/>Dieses Haus in Cossebaude stammt aus dem Jahr 1932. Foto: Amt f\u00fcr Hochbau und Immobilienverwaltung<\/p>\n<p>In Klotzsche wird das Angebot 45622 angeboten, welches ein unsaniertes, zweigeschossiges Einfamilienhaus in der Waldteichstra\u00dfe 8 ist, auch mit voll ausgebautem Dachgeschoss. Das Grundst\u00fcck hat eine Gr\u00f6\u00dfe von ca. 855 Quadratmetern, ebenfalls mit einer Wohnfl\u00e4che von ca. 80 Quadratmetern. Die Vergabe erfolgt ebenfalls im Losverfahren.<\/p>\n<p><img decoding=\"async\" src=\"https:\/\/www.europesays.com\/de\/wp-content\/uploads\/2025\/12\/raecknitz-immo_TEXT.png\"\/>Zum Baujahr dieses Geb\u00e4udes in Klotzsche wurden keine Angaben gemacht. Foto: Amt f\u00fcr Hochbau und Immobilienverwaltung<\/p>\n<p>F\u00fcr detaillierte Informationen steht das Kurzexposee zur Verf\u00fcgung, das unter <a href=\"http:\/\/www.dresden.de\/immobilien\" target=\"_blank\" rel=\"noopener\">www.dresden.de\/immobilien<\/a> abgerufen werden kann. R\u00fcckfragen k\u00f6nnen unter den Telefonnummern 0351-4882533, 0351-4882547 und 0351-4883359 gestellt werden.<\/p>\n<p>Um an der Ausschreibung teilnehmen zu k\u00f6nnen, ist eine Registrierung unter <a href=\"http:\/\/www.baupilot.com\" target=\"_blank\" rel=\"noopener\">www.baupilot.com<\/a> erforderlich. Die Einreichung der Angebote kann \u00fcber dieselbe Website bis zum genannten Stichtag erfolgen.<\/p>\n","protected":false},"excerpt":{"rendered":"Die Stadt Dresden bietet aktuell mehrere Grundst\u00fccke zum Verkauf oder zur Vergabe eines Erbbaurechts an. Interessierte m\u00fcssen ihre&hellip;\n","protected":false},"author":2,"featured_media":638940,"comment_status":"","ping_status":"","sticky":false,"template":"","format":"standard","meta":{"footnotes":""},"categories":[1835],"tags":[3364,29,2386,141343,30,150640,150639,150638,859],"class_list":{"0":"post-638939","1":"post","2":"type-post","3":"status-publish","4":"format-standard","5":"has-post-thumbnail","7":"category-dresden","8":"tag-de","9":"tag-deutschland","10":"tag-dresden","11":"tag-dresden-news","12":"tag-germany","13":"tag-grundstcke","14":"tag-immobilien-auktion","15":"tag-immobilien-dresden","16":"tag-sachsen"},"share_on_mastodon":{"url":"https:\/\/pubeurope.com\/@de\/115700517889526916","error":""},"_links":{"self":[{"href":"https:\/\/www.europesays.com\/de\/wp-json\/wp\/v2\/posts\/638939","targetHints":{"allow":["GET"]}}],"collection":[{"href":"https:\/\/www.europesays.com\/de\/wp-json\/wp\/v2\/posts"}],"about":[{"href":"https:\/\/www.europesays.com\/de\/wp-json\/wp\/v2\/types\/post"}],"author":[{"embeddable":true,"href":"https:\/\/www.europesays.com\/de\/wp-json\/wp\/v2\/users\/2"}],"replies":[{"embeddable":true,"href":"https:\/\/www.europesays.com\/de\/wp-json\/wp\/v2\/comments?post=638939"}],"version-history":[{"count":0,"href":"https:\/\/www.europesays.com\/de\/wp-json\/wp\/v2\/posts\/638939\/revisions"}],"wp:featuredmedia":[{"embeddable":true,"href":"https:\/\/www.europesays.com\/de\/wp-json\/wp\/v2\/media\/638940"}],"wp:attachment":[{"href":"https:\/\/www.europesays.com\/de\/wp-json\/wp\/v2\/media?parent=638939"}],"wp:term":[{"taxonomy":"category","embeddable":true,"href":"https:\/\/www.europesays.com\/de\/wp-json\/wp\/v2\/categories?post=638939"},{"taxonomy":"post_tag","embeddable":true,"href":"https:\/\/www.europesays.com\/de\/wp-json\/wp\/v2\/tags?post=638939"}],"curies":[{"name":"wp","href":"https:\/\/api.w.org\/{rel}","templated":true}]}}