{"id":638943,"date":"2025-12-11T10:43:34","date_gmt":"2025-12-11T10:43:34","guid":{"rendered":"https:\/\/www.europesays.com\/de\/638943\/"},"modified":"2025-12-11T10:43:34","modified_gmt":"2025-12-11T10:43:34","slug":"neuer-bahn-fahrplan-ab-sonntag-neue-verbindungen-schnellere-zuege","status":"publish","type":"post","link":"https:\/\/www.europesays.com\/de\/638943\/","title":{"rendered":"Neuer Bahn-Fahrplan ab Sonntag \u2013 neue Verbindungen, schnellere Z\u00fcge"},"content":{"rendered":"<p>Bahnreisen <\/p>\n<p>Fahrplanwechsel in Bremen \u2013 das \u00e4ndert sich jetzt<\/p>\n<p>11.12.2025 &#8211; 11:17 UhrLesedauer: 1 Min.<\/p>\n<p><a href=\"#focus-0\" class=\"transition-colors duration-200 block text-current relative\" data-sctrack=\"FocusGalleryImage.Reference\"><img fetchpriority=\"high\" data-testid=\"Opener.Image\" style=\"--lqipURL:url('https:\/\/images.t-online.de\/2025\/12\/ZESxOjuXYl8s\/0x204:4000x2250\/fit-in\/150x0\/filters:blur(25)\/ein-zug-der-niedersaechsischen-metronom-eisenbahngesellschaft-im-bremer-hauptbahnhof-seit-dem-fahrplanwechsel-im-dezember-2018-verkehren-metronomzuege-erstmals-auch-nachts-zwischen-bremen-und-hamburg-auch-das-angebot-auf-der-strecke-hannover-hamburg-wird-ausgeweitet-a-train-operated-by-metronom-eisenbahngesellschaft-of-lower-saxony-at-bremen-central-station-since-the-timetable-change-in-december-2018-metronom-trains-have-also-been-operating-at-night-between-bremen-and-hamburg-for-the-first-time-sinc.jpg')\"   loading=\"eager\" src=\"https:\/\/www.europesays.com\/de\/wp-content\/uploads\/2025\/12\/ein-zug-der-niedersaechsischen-metronom-eisenbahngesellschaft-im-bremer-hauptbahnhof-seit-dem-fahrpl.jpeg\" alt=\"imago 87348227\" title=\"imago 87348227\" width=\"4000\" height=\"2250\" class=\"bg-[url:var(--lqipURL)] bg-cover bg-center flex h-full w-full max-w-full\" decoding=\"async\"\/><img style=\"--width:32;--height:32\" loading=\"lazy\" src=\"https:\/\/bremen.t-online.de\/s\/paper\/_next\/static\/media\/zoom-in.f7dae02f.svg\" alt=\"Vergr\u00f6\u00dfern des Bildes\" title=\"Vergr\u00f6\u00dfern des Bildes\" class=\"block h-[calc(var(--height)_\/_16_*_1rem)] w-[calc(var(--width)_\/_16_*_1rem)] max-w-none absolute bottom-8 right-8 rounded-4 bg-snow p-8\" decoding=\"async\"\/><\/a><\/p>\n<p>Ein Zug der nieders\u00e4chsischen Metronom-Eisenbahngesellschaft im Bremer Hauptbahnhof: Der Fahrplanwechsel bringt neue Verbindungen ab Bremen. (Quelle: Eckhard Stengel\/imago)<\/p>\n<p class=\"font-bold text-18 leading-17\">Die Deutsche Bahn hat ihren neuen Fahrplan vorgestellt. In Bremen und Bremerhaven gibt es einige \u00c4nderungen.<\/p>\n<p class=\"text-18 leading-17\">Zum kommenden Fahrplanwechsel setzt die Deutsche Bahn auf mehreren Nord-S\u00fcd-Strecken neue ICE-4-Z\u00fcge ein. Die Verbindungen von Hamburg, Bremen und Osnabr\u00fcck in Richtung K\u00f6ln, Frankfurt und S\u00fcddeutschland fahren k\u00fcnftig im Stundentakt mit XXL-ICE-4-Z\u00fcgen mit 13 Wagen und mehr als 900 Sitzpl\u00e4tzen. Die Z\u00fcge nutzen zudem die Schnellfahrstrecke K\u00f6ln\u2013Rhein\/Main; bisherige Fahrten durch das Mittelrheintal waren langsamer.<\/p>\n<p class=\"text-18 leading-17\">Ab 11. Juli wird das Angebot Richtung Ostsee ausgeweitet: Statt eines ICE fahren nun t\u00e4glich zwei Z\u00fcge von Osnabr\u00fcck und Bremen nach Stralsund, Binz auf R\u00fcgen oder Greifswald.<\/p>\n<p class=\"text-18 leading-17\">Gleichzeitig fallen Verbindungen weg. Auf der Linie Hamburg\u2013Hannover\u2013W\u00fcrzburg\u2013M\u00fcnchen entf\u00e4llt die bisherige Zugteilung nach Bremen, da sie h\u00e4ufig zu Versp\u00e4tungen f\u00fchrte. Als Ausgleich erh\u00e4lt Bremen k\u00fcnftig im Vierstundentakt drei t\u00e4gliche Direktverbindungen von und nach Berlin, Frankfurt\/Main und Karlsruhe \u00fcber Hannover.<\/p>\n<p class=\"text-18 leading-17\">F\u00fcr Oldenburg und Delmenhorst kommt neben dem bestehenden ICE nach Berlin eine t\u00e4gliche Direktverbindung am Morgen nach Frankfurt\/Main sowie abends zur\u00fcck hinzu. Die bisherige Direktverbindung nach M\u00fcnchen entf\u00e4llt. G\u00f6ttingen erh\u00e4lt statt im Zweistundentakt nur noch vierst\u00fcndliche Direktverbindungen von und nach Bremen.<\/p>\n<p class=\"text-18 leading-17\">Im Regionalverkehr wird das Angebot auf der RE1 (Norddeich Mole\u2013Bremen\u2013Hannover) in den Randzeiten erweitert. Neu ist montags bis samstags eine fr\u00fche Fahrt ab Emden nach Norddeich Mole, sodass die erste F\u00e4hre nach Norderney erreicht werden kann. Abends f\u00e4hrt zudem t\u00e4glich ein zus\u00e4tzlicher Zug um 21.39 Uhr ab Norddeich Mole bis Bremen. Auf der RE9 (Bremerhaven-Lehe\u2013Bremen\u2013Osnabr\u00fcck) werden sonntagmorgens zus\u00e4tzliche Fr\u00fchz\u00fcge eingesetzt.<\/p>\n","protected":false},"excerpt":{"rendered":"Bahnreisen Fahrplanwechsel in Bremen \u2013 das \u00e4ndert sich jetzt 11.12.2025 &#8211; 11:17 UhrLesedauer: 1 Min. Ein Zug der&hellip;\n","protected":false},"author":2,"featured_media":638944,"comment_status":"","ping_status":"","sticky":false,"template":"","format":"standard","meta":{"footnotes":""},"categories":[1824],"tags":[722,150641,296,61249,2420,6703,3364,2030,29,14303,81199,2051,30,3300,692,46,3601,2229,1420,43806,1268,48933,741,2852,5206,9854,21136],"class_list":{"0":"post-638943","1":"post","2":"type-post","3":"status-publish","4":"format-standard","5":"has-post-thumbnail","7":"category-bremen","8":"tag-722","9":"tag-bahnreise","10":"tag-berlin","11":"tag-binz","12":"tag-bremen","13":"tag-bremerhaven","14":"tag-de","15":"tag-deutsche-bahn","16":"tag-deutschland","17":"tag-fahrplan","18":"tag-fahrplanwechsel","19":"tag-frankfurt-am-main","20":"tag-germany","21":"tag-greifswald","22":"tag-hamburg","23":"tag-hannover","24":"tag-hauptbahnhof","25":"tag-ice","26":"tag-koeln","27":"tag-mittelrheintal","28":"tag-muenchen","29":"tag-norddeich","30":"tag-osnabrueck","31":"tag-ostsee","32":"tag-rhein","33":"tag-stralsund","34":"tag-sueddeutschland"},"share_on_mastodon":{"url":"https:\/\/pubeurope.com\/@de\/115700525450252939","error":""},"_links":{"self":[{"href":"https:\/\/www.europesays.com\/de\/wp-json\/wp\/v2\/posts\/638943","targetHints":{"allow":["GET"]}}],"collection":[{"href":"https:\/\/www.europesays.com\/de\/wp-json\/wp\/v2\/posts"}],"about":[{"href":"https:\/\/www.europesays.com\/de\/wp-json\/wp\/v2\/types\/post"}],"author":[{"embeddable":true,"href":"https:\/\/www.europesays.com\/de\/wp-json\/wp\/v2\/users\/2"}],"replies":[{"embeddable":true,"href":"https:\/\/www.europesays.com\/de\/wp-json\/wp\/v2\/comments?post=638943"}],"version-history":[{"count":0,"href":"https:\/\/www.europesays.com\/de\/wp-json\/wp\/v2\/posts\/638943\/revisions"}],"wp:featuredmedia":[{"embeddable":true,"href":"https:\/\/www.europesays.com\/de\/wp-json\/wp\/v2\/media\/638944"}],"wp:attachment":[{"href":"https:\/\/www.europesays.com\/de\/wp-json\/wp\/v2\/media?parent=638943"}],"wp:term":[{"taxonomy":"category","embeddable":true,"href":"https:\/\/www.europesays.com\/de\/wp-json\/wp\/v2\/categories?post=638943"},{"taxonomy":"post_tag","embeddable":true,"href":"https:\/\/www.europesays.com\/de\/wp-json\/wp\/v2\/tags?post=638943"}],"curies":[{"name":"wp","href":"https:\/\/api.w.org\/{rel}","templated":true}]}}