{"id":638959,"date":"2025-12-11T10:51:20","date_gmt":"2025-12-11T10:51:20","guid":{"rendered":"https:\/\/www.europesays.com\/de\/638959\/"},"modified":"2025-12-11T10:51:20","modified_gmt":"2025-12-11T10:51:20","slug":"wenn-kinder-zu-hauptdarstellern-werden-talents-cup-beim-istaf-indoor-duesseldorf","status":"publish","type":"post","link":"https:\/\/www.europesays.com\/de\/638959\/","title":{"rendered":"Wenn Kinder zu Hauptdarstellern werden \u2013 Talents Cup beim Istaf Indoor D\u00fcsseldorf."},"content":{"rendered":"<p class=\"text_ohne_einzug richtext text-em-55 !leading-serif mx-6 desktop:mx-0\">Beim Istaf Indoor D\u00fcsseldorf wird jedes Jahr sichtbar, wie nah gro\u00dfe Emotionen und gro\u00dfe Namen beieinanderliegen k\u00f6nnen. Noch bevor die internationalen Sprintstars am Nachmittag im Rather Dome auf die blaue Bahn treten, geh\u00f6rt am Vormittag alles den J\u00fcngsten: den Kindern, die mit klopfenden Herzen, gl\u00e4nzenden Augen und einer Mischung aus Vorfreude und Ehrfurcht auf ihren gro\u00dfen Moment warten.<\/p>\n<p class=\"richtext text-em-55 !leading-serif mx-6 desktop:mx-0\">Kaum eine andere Veranstaltung bringt Nachwuchs und Weltelite so eng zusammen \u2013 und genau deshalb haben die Initiatoren des Istaf Inddor den Talents Cup fest im Programm verankert. Sie wollen jungen Talenten einen Moment schenken, der Mut macht und Neugier weckt, der N\u00e4he zum Spitzensport schafft und der Familien und Vereine an den Sport bindet. F\u00fcr die Kinder ist es ein Erlebnis, das gr\u00f6\u00dfer ist als jeder Trainingslauf, gr\u00f6\u00dfer als jeder Sporthallenstart: Sie d\u00fcrfen dort laufen, wo gleich Olympiasiegerinnen, Weltmeister und internationale Topathleten starten werden.<\/p>\n<p class=\"richtext text-em-55 !leading-serif mx-6 desktop:mx-0\">Dass die Nachwuchssprinterinnen und -sprinter beim Istaf Indoor D\u00fcsseldorf eine solche B\u00fchne erhalten, ist kein Zufall. Seit dem Sommer hat der Leichtathletik-Verband Nordrhein (LVN) gemeinsam mit neun Partnervereinen bei insgesamt neun Talentiaden nach den schnellsten Kindern der Altersklasse 12 gesucht. Von <a href=\"https:\/\/rp-online.de\/thema\/krefeld\/\" rel=\"nofollow noopener\" target=\"_blank\">Krefeld<\/a> \u00fcber <a href=\"https:\/\/rp-online.de\/thema\/erkelenz\/\" rel=\"nofollow noopener\" target=\"_blank\">Erkelenz<\/a> bis M\u00f6nchengladbach \u2013 \u00fcberall wurde gemessen, gefightet, nominiert. Zw\u00f6lf Startpl\u00e4tze gibt es f\u00fcr die M\u00e4dchen und Jungen, und jeder davon ist hart verdient. Die erste Sichtung fand am 1. Juni beim SC Krefeld 05 statt, die letzte Chance auf eine Nominierung bietet am Samstag (13. Dezember) das Advent-Indoormeeting des ART D\u00fcsseldorf im Arena-Sportpark, wo die finalen zwei Startpl\u00e4tze vergeben werden.<\/p>\n<p class=\"richtext text-em-55 !leading-serif mx-6 desktop:mx-0\">W\u00e4hrend bei den Einzelrennen die Leistung entscheidet, ist die Staffel ein Fest der Vereine \u2013 und so gefragt wie nie zuvor. Die 20\u00d750-Meter-Staffel verzeichnet in diesem Jahr einen Melderekord, so viele Anmeldungen wie diesmal hat es noch nie gegeben. Deshalb wird es erstmals zwei Rennen mit insgesamt zw\u00f6lf Staffeln aus dem Landesverband Nordrhein geben. Auch hier zeigt sich die Idee der Veranstalter: m\u00f6glichst viele Kinder, m\u00f6glichst viele Teams, m\u00f6glichst viel Begeisterung auf der Bahn, noch bevor die Weltelite die B\u00fchne \u00fcbernimmt.<\/p>\n<p class=\"richtext text-em-55 !leading-serif mx-6 desktop:mx-0\">Unterst\u00fctzt wird der Talents Cup erneut von der <a href=\"https:\/\/rp-online.de\/thema\/stadtsparkasse-duesseldorf\/\" rel=\"nofollow noopener\" target=\"_blank\">Stadtsparkasse D\u00fcsseldorf<\/a>, dem offiziellen Nachwuchs-F\u00f6rderer des Istaf Indoor D\u00fcsseldorf. Meetingdirektor Martin Seeber betont die Bedeutung dieser Partnerschaft: \u201eDie Stadtsparkasse D\u00fcsseldorf ist ein starker Partner, der mit seinem Engagement den Leichtathletik-Nachwuchs in der Region unterst\u00fctzt und ihm eine gro\u00dfe B\u00fchne bietet.\u201c Stefan Dahm, Vorstandsvorsitzender der Stadtsparkasse, unterstreicht die gesellschaftliche Bedeutung: \u201eSport f\u00f6rdert den Zusammenhalt und vermittelt Werte wie Fairness, Respekt und Disziplin. Wir m\u00f6chten junge Menschen ermutigen, sich Ziele wie einen Startplatz beim Talents Cup zu setzen und daran zu wachsen.\u201c<\/p>\n<p class=\"richtext text-em-55 !leading-serif mx-6 desktop:mx-0\">Auf der B\u00fchne stehen am 24. Januar im Rather Dome jene Kinder, deren Namen und Leistungen sich im Sommer durchgesetzt haben. Bei den M\u00e4dchen W12 starten: Maja Lornz (TV Dellbr\u00fcck), Chimnecherem Akahieobi (LAZ M\u00f6nchengladbach), Mila Dalke (TV Erkelenz), Mia Ritte (SC Krefeld 05), Anna Julia J\u00fcptner (LT DSHS K\u00f6ln), Lucie Atzmann (Moerser TV), Lotta Matl\u00e9 (Eintracht Duisburg), Irmina Peter (LV Bad Honnef), Rhema Donkor (Eintracht Duisburg), Lia Ohlwein (LAZ Rhede) und Lotta Zganiatz (LAV Oberhausen). Bei den Jungen M12 stehen folgende Talente auf der Bahn: Louis Atzmann (Moerser TV), Nelson Jonetzko (LAV Oberhausen), Lennox Kremer (Team Voreifel), Thore Esser (LT DSHS K\u00f6ln), Kolya Tchao (LT DSHS K\u00f6ln), Hugo Bommel (LT DSHS K\u00f6ln), Lukas Friedrich (ASC D\u00fcsseldorf), Lukas B\u00f6rnemeyer (TSV Bayer 04 Leverkusen), Elvis Okoye (TV Dellbr\u00fcck), Jonah Richartz (Leichlinger TV) und Matthias Scholven (LT DSHS K\u00f6ln).<\/p>\n<p class=\"richtext text-em-55 !leading-serif mx-6 desktop:mx-0\">In der Staffel treten an: ART D\u00fcsseldorf, ASC D\u00fcsseldorf, Br\u00fchler TV, D\u00fcsseldorfer Turnverein 1847, Eintracht Duisburg, Haaner TV, Korschenbroicher LA-Club, SFD D\u00fcsseldorf, TSV Bayer 04 <a href=\"https:\/\/rp-online.de\/thema\/leverkusen\/\" rel=\"nofollow noopener\" target=\"_blank\">Leverkusen<\/a>, TSV Solingen-Aufderh\u00f6he, TV Erkelenz und TV Kalkum-Wittlaer.<\/p>\n<p class=\"richtext text-em-55 !leading-serif mx-6 desktop:mx-0\">W\u00e4hrend die Kinder am Vormittag die Bahn zum Leuchten bringen, verspricht das Hauptprogramm ab 11.52 Uhr Weltklasse pur. Acht hochkar\u00e4tig besetzte Disziplinen stehen im Rather Dome auf dem Programm: 60 Meter, 60 Meter H\u00fcrden, Para-Sprint, Weitsprung, Kugelsto\u00dfen und Stabhochsprung. Mit <a href=\"https:\/\/rp-online.de\/thema\/malaika-mihambo\/\" rel=\"nofollow noopener\" target=\"_blank\">Malaika Mihambo<\/a> und Kugelsto\u00df-Olympiasiegerin Yemisi Ogunleye haben zwei deutsche Topstars bereits zugesagt, ebenso Stabhochsprung-Weltstar Sam Kendricks und zahlreiche weitere internationale Athletinnen und Athleten.<\/p>\n<p class=\"richtext text-em-55 !leading-serif mx-6 desktop:mx-0\">Wer dabei sein m\u00f6chte, wenn vormittags die Kleinen strahlen und nachmittags die Gro\u00dfen fliegen, sprinten und sto\u00dfen, bekommt Tickets im Onlineshop.<\/p>\n","protected":false},"excerpt":{"rendered":"Beim Istaf Indoor D\u00fcsseldorf wird jedes Jahr sichtbar, wie nah gro\u00dfe Emotionen und gro\u00dfe Namen beieinanderliegen k\u00f6nnen. Noch&hellip;\n","protected":false},"author":2,"featured_media":638960,"comment_status":"","ping_status":"","sticky":false,"template":"","format":"standard","meta":{"footnotes":""},"categories":[1831],"tags":[1739,3364,29,39816,150642,3405,30,23912,11676,150644,87121,1420,36119,1209,150643],"class_list":{"0":"post-638959","1":"post","2":"type-post","3":"status-publish","4":"format-standard","5":"has-post-thumbnail","7":"category-duesseldorf","8":"tag-bahn","9":"tag-de","10":"tag-deutschland","11":"tag-dome","12":"tag-dshs","13":"tag-duesseldorf","14":"tag-germany","15":"tag-grosser","16":"tag-indoor","17":"tag-indoormeeting","18":"tag-istaf","19":"tag-koeln","20":"tag-moment","21":"tag-nordrhein-westfalen","22":"tag-talents"},"share_on_mastodon":{"url":"https:\/\/pubeurope.com\/@de\/115700558269874679","error":""},"_links":{"self":[{"href":"https:\/\/www.europesays.com\/de\/wp-json\/wp\/v2\/posts\/638959","targetHints":{"allow":["GET"]}}],"collection":[{"href":"https:\/\/www.europesays.com\/de\/wp-json\/wp\/v2\/posts"}],"about":[{"href":"https:\/\/www.europesays.com\/de\/wp-json\/wp\/v2\/types\/post"}],"author":[{"embeddable":true,"href":"https:\/\/www.europesays.com\/de\/wp-json\/wp\/v2\/users\/2"}],"replies":[{"embeddable":true,"href":"https:\/\/www.europesays.com\/de\/wp-json\/wp\/v2\/comments?post=638959"}],"version-history":[{"count":0,"href":"https:\/\/www.europesays.com\/de\/wp-json\/wp\/v2\/posts\/638959\/revisions"}],"wp:featuredmedia":[{"embeddable":true,"href":"https:\/\/www.europesays.com\/de\/wp-json\/wp\/v2\/media\/638960"}],"wp:attachment":[{"href":"https:\/\/www.europesays.com\/de\/wp-json\/wp\/v2\/media?parent=638959"}],"wp:term":[{"taxonomy":"category","embeddable":true,"href":"https:\/\/www.europesays.com\/de\/wp-json\/wp\/v2\/categories?post=638959"},{"taxonomy":"post_tag","embeddable":true,"href":"https:\/\/www.europesays.com\/de\/wp-json\/wp\/v2\/tags?post=638959"}],"curies":[{"name":"wp","href":"https:\/\/api.w.org\/{rel}","templated":true}]}}