{"id":638986,"date":"2025-12-11T11:08:17","date_gmt":"2025-12-11T11:08:17","guid":{"rendered":"https:\/\/www.europesays.com\/de\/638986\/"},"modified":"2025-12-11T11:08:17","modified_gmt":"2025-12-11T11:08:17","slug":"informatiker-und-philosophin-aus-berlin-bekommen-leibniz-preise","status":"publish","type":"post","link":"https:\/\/www.europesays.com\/de\/638986\/","title":{"rendered":"Informatiker und Philosophin aus Berlin bekommen Leibniz-Preise"},"content":{"rendered":"<p class=\"tspCBne tspCBnf\">Der Physiker und Informatiker Klaus-Robert M\u00fcller von der Technischen Universit\u00e4t Berlin (TU) und die Philosophin Barbara Vetter von der Freien Universit\u00e4t Berlin (FU) wurden mit dem Leibniz-Preis der Deutschen Forschungsgemeinschaft (DFG) f\u00fcr das Jahr 2026 ausgezeichnet. Damit gehen zwei der zehn Auszeichnungen dieses Jahres nach Berlin. <\/p>\n<p class=\"tspCBne\">M\u00fcller ist Direktor des Nationalen Kompetenzzentrums f\u00fcr KI-Forschung (BIFOLD) und gilt als ein wichtiger Wegbereiter des Maschinellen Lernens. Und zwar, indem er \u201ebereits in den 1990er-Jahren gemeinsam mit Vladimir Vapnik die Grundlagen auf dem Gebiet der sogenannten Support-Vector-Machines\u201c legte, wie die DFG in ihrer Begr\u00fcndung mitteilt.<\/p>\n<p class=\"tspCBne\">Er verbinde in seiner Forschung \u201eformales mathematisches Denken mit einem stark anwendungsorientierten Vorgehen\u201c, hei\u00dft es weiter. Zudem habe er herausragende theoretische und praktische Arbeiten zu tiefen neuronalen Netzwerken geleistet. <\/p>\n<p class=\"tspCBne\">An der TU entwickelte er zum Beispiel Gehirn-Computer-Schnittstellen, mit denen schwer gel\u00e4hmte Patient:innen wieder mit ihrer Umwelt interagieren k\u00f6nnen, indem sie Maschinen \u00fcber die Kraft ihrer Gedanken steuern. Der \u201eTagesspiegel\u201c <a href=\"https:\/\/www.tagesspiegel.de\/wissen\/sie-denken-technologie-weiter-die-100-wichtigsten-kopfe-der-berliner-wissenschaft-2024-12613985.html?icid=in-text-link_15041530\" class=\"link link--internal\" data-gtm-class=\"article-text-link\" data-gtm-val=\"internal\" rel=\"nofollow noopener\" target=\"_blank\">nahm M\u00fcller f\u00fcr seine Leistungen bereits zweimal in die \u201e100 K\u00f6pfe der Berliner Wissenschaft\u201c auf<\/a>. <\/p>\n<p class=\"tspCBne\">In seiner j\u00fcngeren Forschung befasst sich der TU-Professor laut DFG-Mitteilung damit, die Arbeitsweise von AI-Systemen zu verstehen und zu erkl\u00e4ren, wie Lernalgorithmen zu ihren Vorhersagen kommen. <\/p>\n<p> Metaphysik der M\u00f6glichkeiten <\/p>\n<p class=\"tspCBne\">Barbara Vetter ist auf Erkenntnistheorie und analytische Philosophie spezialisiert und besch\u00e4ftigt sich vor allem mit der Frage, wie M\u00f6glichkeiten entstehen und wie wir uns zu bestimmten Handlungen entscheiden. Die analytische Philosophie geht heute \u00fcberwiegend von einem Modell aus, das eine Vielfalt m\u00f6glicher Welten voraussetzt. Man stellt sich vor, es gebe viele denkbare \u201eWelten\u201c, in denen Dinge anders laufen k\u00f6nnten, und vergleicht diese miteinander, um \u00fcber M\u00f6glichkeiten zu sprechen.<\/p>\n<p class=\"tspCBne\">Vetter habe ein alternatives Konzept hierzu entwickelt, schreibt die DFG in ihrer Begr\u00fcndung. Sie lege den Fokus auf die \u201ePotenzialit\u00e4t\u201c: Sie nimmt also die M\u00f6glichkeiten selbst, und wie sie entstehen, in den Blick. Das schlie\u00dft auch die individuellen F\u00e4higkeiten mit ein. \u201eMit ihren Arbeiten tr\u00e4gt Vetter dazu bei, Deutschland zu einem international interessanten Ort einer zeitgen\u00f6ssischen analytischen Metaphysik, Erkenntnistheorie und Handlungstheorie zu machen\u201c, lobt die DFG.<\/p>\n<p> Zehn Preise in ganz Deutschland vergeben <\/p>\n<p class=\"tspCBne\">Weitere Leibniz-Preise f\u00fcr das Jahr 2025 erhalten der Physiker Klaus Blaum (Max-Planck-Institut f\u00fcr Kernphysik, Heidelberg), die Psychologin Christian Doeller (Max-Planck-Institut f\u00fcr Kognitions- und Neurowissenschaften, Leipzig), der Energieverfahrenstechniker Christian Hasse (TU Darmstadt), der Arch\u00e4ogenetiker Johannes Krause (Max-Planck-Institut f\u00fcr evolution\u00e4re Anthropologie, Leipzig), die Strukturbiologin Julia Mahamid (European Molecular Biology Laboratory, Heidelberg, der Physiker Frank Pollmann (TU M\u00fcnchen), Armido Studer,\u00a0Organische Molek\u00fclchemie (Universit\u00e4t M\u00fcnster) und die Germanistin Cornelia Zumbusch,\u00a0Universit\u00e4t Hamburg.<\/p>\n<p> Mehr zum Thema <a href=\"https:\/\/www.tagesspiegel.de\/wissen\/sie-denken-technologie-weiter-die-100-wichtigsten-kopfe-der-berliner-wissenschaft-2024-12613985.html?icid=topic-list_15041530___\" data-gtm-class=\"article-mzt-link\" data-hydrate-fingerprint=\"09740a54944caac75fd2c0c63fd5c5df\" data-hydrate-props=\"{&amp;escapedquot;element&amp;escapedquot;:{&amp;escapedquot;type&amp;escapedquot;:&amp;escapedquot;relatedContent&amp;escapedquot;,&amp;escapedquot;fieldMap&amp;escapedquot;:{},&amp;escapedquot;relation&amp;escapedquot;:{&amp;escapedquot;fields&amp;escapedquot;:{&amp;escapedquot;isPaid&amp;escapedquot;:true},&amp;escapedquot;href&amp;escapedquot;:&amp;escapedquot;\/wissen\/sie-denken-technologie-weiter-die-100-wichtigsten-kopfe-der-berliner-wissenschaft-2024-12613985.html&amp;escapedquot;,&amp;escapedquot;teaserTitle&amp;escapedquot;:{&amp;escapedquot;kicker&amp;escapedquot;:&amp;escapedquot;Sie denken Technologie weiter&amp;escapedquot;,&amp;escapedquot;headline&amp;escapedquot;:&amp;escapedquot;Die 100 wichtigsten K\u00f6pfe der Berliner Wissenschaft 2024&amp;escapedquot;},&amp;escapedquot;id&amp;escapedquot;:&amp;escapedquot;12613985&amp;escapedquot;,&amp;escapedquot;type&amp;escapedquot;:&amp;escapedquot;story&amp;escapedquot;},&amp;escapedquot;isPartOfList&amp;escapedquot;:true,&amp;escapedquot;topicListType&amp;escapedquot;:&amp;escapedquot;topic-list&amp;escapedquot;},&amp;escapedquot;showArrow&amp;escapedquot;:true}\" data-hydrate-slots=\"{&#039;default&#039;:[]}\" class=\"tspCWpl\" rel=\"nofollow noopener\" target=\"_blank\">Sie denken Technologie weiter Die 100 wichtigsten K\u00f6pfe der Berliner Wissenschaft 2024 <\/a><a href=\"https:\/\/www.tagesspiegel.de\/wissen\/wissenschaft-in-schweren-zeiten-fordern-berlin-hat-enormes-potenzial-so-konnen-wir-es-rausholen-14170451.html?icid=topic-list_15041530___\" data-gtm-class=\"article-mzt-link\" data-hydrate-fingerprint=\"09740a54944caac75fd2c0c63fd5c5df\" data-hydrate-props=\"{&amp;escapedquot;element&amp;escapedquot;:{&amp;escapedquot;type&amp;escapedquot;:&amp;escapedquot;relatedContent&amp;escapedquot;,&amp;escapedquot;fieldMap&amp;escapedquot;:{},&amp;escapedquot;relation&amp;escapedquot;:{&amp;escapedquot;fields&amp;escapedquot;:{&amp;escapedquot;isPaid&amp;escapedquot;:true},&amp;escapedquot;href&amp;escapedquot;:&amp;escapedquot;\/wissen\/wissenschaft-in-schweren-zeiten-fordern-berlin-hat-enormes-potenzial-so-konnen-wir-es-rausholen-14170451.html&amp;escapedquot;,&amp;escapedquot;teaserTitle&amp;escapedquot;:{&amp;escapedquot;kicker&amp;escapedquot;:&amp;escapedquot;Wissenschaft in schweren Zeiten f\u00f6rdern&amp;escapedquot;,&amp;escapedquot;headline&amp;escapedquot;:&amp;escapedquot;Berlin hat enormes Potenzial \u2013 so k\u00f6nnen wir es rausholen&amp;escapedquot;},&amp;escapedquot;id&amp;escapedquot;:&amp;escapedquot;14170451&amp;escapedquot;,&amp;escapedquot;type&amp;escapedquot;:&amp;escapedquot;story&amp;escapedquot;},&amp;escapedquot;isPartOfList&amp;escapedquot;:true,&amp;escapedquot;topicListType&amp;escapedquot;:&amp;escapedquot;topic-list&amp;escapedquot;},&amp;escapedquot;showArrow&amp;escapedquot;:true}\" data-hydrate-slots=\"{&#039;default&#039;:[]}\" class=\"tspCWpl\" rel=\"nofollow noopener\" target=\"_blank\">Wissenschaft in schweren Zeiten f\u00f6rdern Berlin hat enormes Potenzial \u2013 so k\u00f6nnen wir es rausholen <\/a><a href=\"https:\/\/www.tagesspiegel.de\/wissen\/charite-chef-heyo-kroemer-uber-kurzungsfolgen-bei-keinem-uniklinikum-in-deutschland-wird-derart-gespart-14873330.html?icid=topic-list_15041530___\" data-gtm-class=\"article-mzt-link\" data-hydrate-fingerprint=\"09740a54944caac75fd2c0c63fd5c5df\" data-hydrate-props=\"{&amp;escapedquot;element&amp;escapedquot;:{&amp;escapedquot;type&amp;escapedquot;:&amp;escapedquot;relatedContent&amp;escapedquot;,&amp;escapedquot;fieldMap&amp;escapedquot;:{},&amp;escapedquot;relation&amp;escapedquot;:{&amp;escapedquot;fields&amp;escapedquot;:{&amp;escapedquot;isPaid&amp;escapedquot;:true},&amp;escapedquot;href&amp;escapedquot;:&amp;escapedquot;\/wissen\/charite-chef-heyo-kroemer-uber-kurzungsfolgen-bei-keinem-uniklinikum-in-deutschland-wird-derart-gespart-14873330.html&amp;escapedquot;,&amp;escapedquot;teaserTitle&amp;escapedquot;:{&amp;escapedquot;kicker&amp;escapedquot;:&amp;escapedquot;Charit\u00e9-Chef Heyo Kroemer \u00fcber K\u00fcrzungsfolgen&amp;escapedquot;,&amp;escapedquot;headline&amp;escapedquot;:&amp;escapedquot;\u201eBei keinem Uniklinikum in Deutschland wird derart gespart\u201c&amp;escapedquot;},&amp;escapedquot;id&amp;escapedquot;:&amp;escapedquot;14873330&amp;escapedquot;,&amp;escapedquot;type&amp;escapedquot;:&amp;escapedquot;story&amp;escapedquot;},&amp;escapedquot;isPartOfList&amp;escapedquot;:true,&amp;escapedquot;topicListType&amp;escapedquot;:&amp;escapedquot;topic-list&amp;escapedquot;},&amp;escapedquot;showArrow&amp;escapedquot;:true}\" data-hydrate-slots=\"{&#039;default&#039;:[]}\" class=\"tspCWpl\" rel=\"nofollow noopener\" target=\"_blank\">Charit\u00e9-Chef Heyo Kroemer \u00fcber K\u00fcrzungsfolgen \u201eBei keinem Uniklinikum in Deutschland wird derart gespart\u201c <\/a><\/p>\n<p class=\"tspCBne\">Der Leibniz Preis gilt als wichtigste Ehrung in der deutschen Wissenschaft. Er bedeutet f\u00fcr die Ausgezeichneten nicht nur viel Renommee, sie erhalten auch jeweils bis zu 2,5 Millionen Euro, die sie frei f\u00fcr ihre Forschung einsetzen k\u00f6nnen. Insbesondere Nachwuchswissenschaftler sollen auf Anregung der DFG davon gef\u00f6rdert werden. <\/p>\n","protected":false},"excerpt":{"rendered":"Der Physiker und Informatiker Klaus-Robert M\u00fcller von der Technischen Universit\u00e4t Berlin (TU) und die Philosophin Barbara Vetter von&hellip;\n","protected":false},"author":2,"featured_media":638987,"comment_status":"","ping_status":"","sticky":false,"template":"","format":"standard","meta":{"footnotes":""},"categories":[1825],"tags":[296,2767,29,2768,30,3295,595],"class_list":{"0":"post-638986","1":"post","2":"type-post","3":"status-publish","4":"format-standard","5":"has-post-thumbnail","7":"category-berlin","8":"tag-berlin","9":"tag-berliner-wissenschaft","10":"tag-deutschland","11":"tag-freie-universitaet-berlin","12":"tag-germany","13":"tag-hochschulen","14":"tag-physik"},"share_on_mastodon":{"url":"https:\/\/pubeurope.com\/@de\/115700623296450866","error":""},"_links":{"self":[{"href":"https:\/\/www.europesays.com\/de\/wp-json\/wp\/v2\/posts\/638986","targetHints":{"allow":["GET"]}}],"collection":[{"href":"https:\/\/www.europesays.com\/de\/wp-json\/wp\/v2\/posts"}],"about":[{"href":"https:\/\/www.europesays.com\/de\/wp-json\/wp\/v2\/types\/post"}],"author":[{"embeddable":true,"href":"https:\/\/www.europesays.com\/de\/wp-json\/wp\/v2\/users\/2"}],"replies":[{"embeddable":true,"href":"https:\/\/www.europesays.com\/de\/wp-json\/wp\/v2\/comments?post=638986"}],"version-history":[{"count":0,"href":"https:\/\/www.europesays.com\/de\/wp-json\/wp\/v2\/posts\/638986\/revisions"}],"wp:featuredmedia":[{"embeddable":true,"href":"https:\/\/www.europesays.com\/de\/wp-json\/wp\/v2\/media\/638987"}],"wp:attachment":[{"href":"https:\/\/www.europesays.com\/de\/wp-json\/wp\/v2\/media?parent=638986"}],"wp:term":[{"taxonomy":"category","embeddable":true,"href":"https:\/\/www.europesays.com\/de\/wp-json\/wp\/v2\/categories?post=638986"},{"taxonomy":"post_tag","embeddable":true,"href":"https:\/\/www.europesays.com\/de\/wp-json\/wp\/v2\/tags?post=638986"}],"curies":[{"name":"wp","href":"https:\/\/api.w.org\/{rel}","templated":true}]}}