{"id":639001,"date":"2025-12-11T11:17:17","date_gmt":"2025-12-11T11:17:17","guid":{"rendered":"https:\/\/www.europesays.com\/de\/639001\/"},"modified":"2025-12-11T11:17:17","modified_gmt":"2025-12-11T11:17:17","slug":"wales-die-zahl-der-jugendlichen-in-psychiatrischer-behandlung-steigt-deutlich","status":"publish","type":"post","link":"https:\/\/www.europesays.com\/de\/639001\/","title":{"rendered":"Wales: Die Zahl der Jugendlichen in psychiatrischer Behandlung steigt deutlich"},"content":{"rendered":"<p>Psychische Erkrankungen bei Kindern und Jugendlichen nehmen weltweit zu, so auch in England: Von allen Kindern, die 1991 geborenen wurden, haben 5,8 Prozent vor ihrem 18. Lebensjahr eine kinder- und jugendpsychiatrische Einrichtung aufgesucht. Unter den 2005 Geborenen war mit 20,2 Prozent jeder f\u00fcnfte Jugendliche betroffen.\u00a0<\/p>\n<p>M\u00e4dchen st\u00e4rker betroffen<\/p>\n<p class=\"ad-float-right\">Dabei hat sich auch die Geschlechterverteilung ver\u00e4ndert: W\u00e4hrend Anfang der 2000er-Jahre noch beide Geschlechter etwa gleich h\u00e4ufig psychiatrische Behandlungen in Anspruch nahmen, hat sich die Zahl der M\u00e4dchen bis 2022 fast verdoppelt.<\/p>\n<p class=\"ad-float-right\">Die Forschenden gehen davon aus, dass die Trends aus Wales auf das gesamte Vereinigte K\u00f6nigreich \u00fcbertragbar sind.\u00a0<\/p>\n<p>Keine Folge der Corona-Pandemie<\/p>\n<p>Prof. Ian Kelleher von der Universit\u00e4t Edinburgh sagte: \u201eDiese Studie liefert das bisher klarste Bild der rasant steigenden Nachfrage nach Kinder- und Jugendpsychiatrie, Psychosomatik und Psychotherapie. Die Zahlen der Patienten haben sich drastisch ver\u00e4ndert, doch es gab bisher viel zu wenig Forschung, um die Gr\u00fcnde daf\u00fcr zu verstehen. Anders als oft in der \u00d6ffentlichkeit behauptet, handelt es sich hierbei nicht um ein Problem der \u201aNach-Pandemie-Pandemie\u2018, sondern dieser Trend hat sich \u00fcber ein Jahrzehnt hinweg kontinuierlich entwickelt.\u201c<\/p>\n<p>Quelle: DOI <a href=\"https:\/\/doi.org\/10.1192\/bjp.2025.10480\" target=\"_blank\" rel=\"noreferrer noopener\">10.1192\/bjp.2025.10480<\/a><\/p>\n","protected":false},"excerpt":{"rendered":"Psychische Erkrankungen bei Kindern und Jugendlichen nehmen weltweit zu, so auch in England: Von allen Kindern, die 1991&hellip;\n","protected":false},"author":2,"featured_media":639002,"comment_status":"","ping_status":"","sticky":false,"template":"","format":"standard","meta":{"footnotes":""},"categories":[137],"tags":[27280,29,30,141,232,1722,1114,3256,150650,45319,33178],"class_list":{"0":"post-639001","1":"post","2":"type-post","3":"status-publish","4":"format-standard","5":"has-post-thumbnail","7":"category-gesundheit","8":"tag-anstieg","9":"tag-deutschland","10":"tag-germany","11":"tag-gesundheit","12":"tag-health","13":"tag-jugendliche","14":"tag-kinder","15":"tag-pandemie","16":"tag-psychatrische-behandlungen","17":"tag-psychische-erkrankungen","18":"tag-zunahme"},"share_on_mastodon":{"url":"https:\/\/pubeurope.com\/@de\/115700658612724748","error":""},"_links":{"self":[{"href":"https:\/\/www.europesays.com\/de\/wp-json\/wp\/v2\/posts\/639001","targetHints":{"allow":["GET"]}}],"collection":[{"href":"https:\/\/www.europesays.com\/de\/wp-json\/wp\/v2\/posts"}],"about":[{"href":"https:\/\/www.europesays.com\/de\/wp-json\/wp\/v2\/types\/post"}],"author":[{"embeddable":true,"href":"https:\/\/www.europesays.com\/de\/wp-json\/wp\/v2\/users\/2"}],"replies":[{"embeddable":true,"href":"https:\/\/www.europesays.com\/de\/wp-json\/wp\/v2\/comments?post=639001"}],"version-history":[{"count":0,"href":"https:\/\/www.europesays.com\/de\/wp-json\/wp\/v2\/posts\/639001\/revisions"}],"wp:featuredmedia":[{"embeddable":true,"href":"https:\/\/www.europesays.com\/de\/wp-json\/wp\/v2\/media\/639002"}],"wp:attachment":[{"href":"https:\/\/www.europesays.com\/de\/wp-json\/wp\/v2\/media?parent=639001"}],"wp:term":[{"taxonomy":"category","embeddable":true,"href":"https:\/\/www.europesays.com\/de\/wp-json\/wp\/v2\/categories?post=639001"},{"taxonomy":"post_tag","embeddable":true,"href":"https:\/\/www.europesays.com\/de\/wp-json\/wp\/v2\/tags?post=639001"}],"curies":[{"name":"wp","href":"https:\/\/api.w.org\/{rel}","templated":true}]}}