{"id":639003,"date":"2025-12-11T11:18:13","date_gmt":"2025-12-11T11:18:13","guid":{"rendered":"https:\/\/www.europesays.com\/de\/639003\/"},"modified":"2025-12-11T11:18:13","modified_gmt":"2025-12-11T11:18:13","slug":"formel-1-neue-spekulationen-um-verstappen-knall","status":"publish","type":"post","link":"https:\/\/www.europesays.com\/de\/639003\/","title":{"rendered":"Formel 1: Neue Spekulationen um Verstappen-Knall"},"content":{"rendered":"\n<p>Nach Ansicht des fr\u00fcheren Formel-1-Piloten Johnny Herbert wird Max Verstappen Red Bull voraussichtlich verlassen und innerhalb der Motorsport-K\u00f6nigsklasse wechseln &#8211; allerdings nicht zur kommenden Saison.<\/p>\n<p>&#8222;Jeder Fahrer aus dem aktuellen Feld\u00a0sollte sich Sorgen um seinen Platz f\u00fcr 2027 machen. Denn Max wird sich um einen dieser begehrten Pl\u00e4tze bewerben, es sei denn, Red Bull leistet in der n\u00e4chsten Saison absolut hervorragende Arbeit&#8220;, sagte der Brite gegen\u00fcber &#8222;NewBettingSites&#8220;.<\/p>\n<p>Es sei Verstappens &#8222;St\u00e4rke&#8220;, so\u00a0Herbert, &#8222;die Leute dazu zu bringen, in den R\u00fcckspiegel zu schauen, wenn er durch das Feld f\u00e4hrt.\u00a0Er sch\u00fcchtert einen ein, und diese Einsch\u00fcchterung wird er auch einsetzen, wenn er an den Punkt kommt, an dem er sich aussuchen kann, wohin er gehen m\u00f6chte.\u00a0Das wird etwas sein, das die Fahrer wieder f\u00fcrchten werden.&#8220;<\/p>\n<p>Verstappens Vertrag bei Red Bull ist noch bis 2028 datiert, enth\u00e4lt dem Vernehmen nach aber\u00a0leistungsbezogene Ausstiegsklauseln, die ihm\u00a0bei mangelnder Wettbewerbsf\u00e4higkeit einen Ausstieg erm\u00f6glichen. &#8222;Er ist derjenige, der sich aussuchen kann, wo er fahren will. Er ist der Diktator auf dem Fahrermarkt&#8220;, sagte Herbert.<\/p>\n<p>Formel 1: Mercedes 2026 stark, Red Bull mit Problemen?<\/p>\n<p>2026 wird Verstappen aber definitiv noch f\u00fcr Red Bull in der Formel 1 an den Start gehen. <a href=\"https:\/\/www.sport.de\/news\/ne16296067\/formel-1-folgt-jetzt-das-verstappen-aus-bericht-laesst-aufhorchen\/\" target=\"_blank\" rel=\"nofollow noopener\">Es gebe trotz des R\u00fcckzugs seines Mentors Helmut Marko derzeit keine \u00dcberlegungen seitens des entthronten Serien-Weltmeisters, den \u00f6sterreichisch-britischen Rennstall zu verlassen, berichtete der im Verstappen-Lager bestens vernetzte &#8222;Telegraaf&#8220; zuletzt.<\/a><\/p>\n<p>Video: Verstappens Aufholjagd war ein &#8222;Wunder&#8220;<\/p>\n<p>Die kommende Saison\u00a0stellt f\u00fcr die Formel 1 wegen des runderneuerten Regelwerks aber eine Z\u00e4sur dar. &#8222;Soweit ich wei\u00df, wird Red Bull aufgrund seines Antriebsstrangs zu k\u00e4mpfen haben&#8220;, sagte Herbert.<\/p>\n<p>Das dominante Auto k\u00f6nnte k\u00fcnftig Mercedes stellen, Ger\u00fcchte um einen &#8222;Wunder-Motor&#8220; machen die Runde. &#8222;Sie werden sehr stark aus den Startl\u00f6chern kommen. McLaren sollte nicht allzu weit hinterherhinken&#8220;, so Herbert.<\/p>\n","protected":false},"excerpt":{"rendered":"Nach Ansicht des fr\u00fcheren Formel-1-Piloten Johnny Herbert wird Max Verstappen Red Bull voraussichtlich verlassen und innerhalb der Motorsport-K\u00f6nigsklasse&hellip;\n","protected":false},"author":2,"featured_media":639004,"comment_status":"","ping_status":"","sticky":false,"template":"","format":"standard","meta":{"footnotes":""},"categories":[136],"tags":[29,1572,30,150651,6628,1575,1573,265,863],"class_list":{"0":"post-639003","1":"post","2":"type-post","3":"status-publish","4":"format-standard","5":"has-post-thumbnail","7":"category-sport","8":"tag-deutschland","9":"tag-formel-1","10":"tag-germany","11":"tag-johnny-herbert","12":"tag-max-verstappen","13":"tag-motorsport","14":"tag-red-bull-racing","15":"tag-sport","16":"tag-sport-allgemein"},"share_on_mastodon":{"url":"https:\/\/pubeurope.com\/@de\/115700662654806430","error":""},"_links":{"self":[{"href":"https:\/\/www.europesays.com\/de\/wp-json\/wp\/v2\/posts\/639003","targetHints":{"allow":["GET"]}}],"collection":[{"href":"https:\/\/www.europesays.com\/de\/wp-json\/wp\/v2\/posts"}],"about":[{"href":"https:\/\/www.europesays.com\/de\/wp-json\/wp\/v2\/types\/post"}],"author":[{"embeddable":true,"href":"https:\/\/www.europesays.com\/de\/wp-json\/wp\/v2\/users\/2"}],"replies":[{"embeddable":true,"href":"https:\/\/www.europesays.com\/de\/wp-json\/wp\/v2\/comments?post=639003"}],"version-history":[{"count":0,"href":"https:\/\/www.europesays.com\/de\/wp-json\/wp\/v2\/posts\/639003\/revisions"}],"wp:featuredmedia":[{"embeddable":true,"href":"https:\/\/www.europesays.com\/de\/wp-json\/wp\/v2\/media\/639004"}],"wp:attachment":[{"href":"https:\/\/www.europesays.com\/de\/wp-json\/wp\/v2\/media?parent=639003"}],"wp:term":[{"taxonomy":"category","embeddable":true,"href":"https:\/\/www.europesays.com\/de\/wp-json\/wp\/v2\/categories?post=639003"},{"taxonomy":"post_tag","embeddable":true,"href":"https:\/\/www.europesays.com\/de\/wp-json\/wp\/v2\/tags?post=639003"}],"curies":[{"name":"wp","href":"https:\/\/api.w.org\/{rel}","templated":true}]}}