{"id":639005,"date":"2025-12-11T11:19:14","date_gmt":"2025-12-11T11:19:14","guid":{"rendered":"https:\/\/www.europesays.com\/de\/639005\/"},"modified":"2025-12-11T11:19:14","modified_gmt":"2025-12-11T11:19:14","slug":"strahlt-elegant-in-abendkleid-neben-ihren-eltern","status":"publish","type":"post","link":"https:\/\/www.europesays.com\/de\/639005\/","title":{"rendered":"Strahlt elegant in Abendkleid neben ihren Eltern"},"content":{"rendered":"<p>Bei Nobelpreis-Verleihung <\/p>\n<p>Prinzessin Victoria strahlt neben ihren Eltern<\/p>\n<p>Aktualisiert am 11.12.2025 &#8211; 11:38 UhrLesedauer: 1 Min.<\/p>\n<p><a href=\"#focus-0\" class=\"transition-colors duration-200 block text-current relative\" data-sctrack=\"FocusGalleryImage.Reference\"><img fetchpriority=\"high\" data-testid=\"Opener.Image\" style=\"--lqipURL:url('https:\/\/images.t-online.de\/2024\/10\/eLqctvTbala0\/1948x435:1508x848\/fit-in\/150x0\/filters:blur(25)\/prinzessin-victoria-sie-traegt-anstelle-eines-diadems-jetzt-einen-militaerhelm.jpg')\"   loading=\"eager\" src=\"https:\/\/www.europesays.com\/de\/wp-content\/uploads\/2025\/12\/prinzessin-victoria-sie-traegt-anstelle-eines-diadems-jetzt-einen-militaerhelm.jpg\" alt=\"Prinzessin Victoria: Sie tr\u00e4gt anstelle eines Diadems jetzt einen Milit\u00e4rhelm.\" title=\"Prinzessin Victoria: Sie tr\u00e4gt anstelle eines Diadems jetzt einen Milit\u00e4rhelm.\" width=\"1508\" height=\"848\" class=\"bg-[url:var(--lqipURL)] bg-cover bg-center flex h-full w-full max-w-full\" decoding=\"async\"\/><img style=\"--width:32;--height:32\" loading=\"lazy\" src=\"https:\/\/www.t-online.de\/s\/paper\/_next\/static\/media\/zoom-in.f7dae02f.svg\" alt=\"Vergr\u00f6\u00dfern des Bildes\" title=\"Vergr\u00f6\u00dfern des Bildes\" class=\"block h-[calc(var(--height)_\/_16_*_1rem)] w-[calc(var(--width)_\/_16_*_1rem)] max-w-none absolute bottom-8 right-8 rounded-4 bg-snow p-8\" decoding=\"async\"\/><\/a><\/p>\n<p>Prinzessin Victoria: Sie ist Thronfolgerin. (Quelle: Pascal Le Segretain\/ Getty Images)<\/p>\n<p class=\"font-bold text-18 leading-17\">Die K\u00f6nigsfamilie hat traditionell an der Nobelpreis-Verleihung in Stockholm teilgenommen. Das K\u00f6nigspaar sowie die Kronprinzessin traten dabei in eleganter Abendgarderobe auf.<\/p>\n<p class=\"text-18 leading-17\">In Oslo wurde die venezolanische Oppositionsf\u00fchrerin Mar\u00eda Corina Machado mit dem Friedensnobelpreis geehrt. Ihre Tochter Ana Corina Sosa Machado nahm den Preis entgegen, sie selbst war nicht anwesend. Alle anderen Nobelpreistr\u00e4ger wurden bei einer weiteren Zeremonie in <a class=\"transition-colors duration-200 cursor-pointer text-inherit no-underline text-salemsfur md:hover:text-magenta md:hover:border-magenta md:focus:text-magenta border-current border-b border-solid break-words\" href=\"https:\/\/www.t-online.de\/themen\/stockholm\/\" data-sctrack=\"BodyAnchor\" rel=\"nofollow noopener\" target=\"_blank\">Stockholm<\/a> ausgezeichnet. Dort ist traditionell die K\u00f6nigsfamilie anwesend.<\/p>\n<p class=\"text-18 leading-17\">Die schwedischen Mitglieder des Hofes zeigten sich an dem Abend in eleganten Roben. Kronprinzessin Victoria strahlte neben ihren Eltern und an der Seite ihres Ehemanns, Prinz Daniel. Sie trug ein bodenlanges Kleid, eine offizielle Scherpe und ein Diadem.<\/p>\n<p class=\"text-18 leading-17\">K\u00f6nig Carl XVI. Gustaf ist seit 1973 Oberhaupt der schwedischen K\u00f6nigsfamilie. Aus seiner Ehe mit K\u00f6nigin Silvia stammen drei Kinder. Neben Prinzessin Victoria, die ihren Eltern auf den Thron folgen wird, haben sie noch Sohn Prinz Carl Philip und Tochter Prinzessin Madeleine.<\/p>\n<p class=\"text-18 leading-17\">Victoria ist seit 2010 mit ihrem Partner Daniel verheiratet. Ihr erstes Kind, Tochter Prinzessin Estelle, kam 2012 zur Welt. Sie steht hinter ihrer Mutter auf Platz zwei der Thronfolge. Vier Jahre sp\u00e4ter wurde ihr Bruder Prinz Oscar geboren.<\/p>\n","protected":false},"excerpt":{"rendered":"Bei Nobelpreis-Verleihung Prinzessin Victoria strahlt neben ihren Eltern Aktualisiert am 11.12.2025 &#8211; 11:38 UhrLesedauer: 1 Min. Prinzessin Victoria:&hellip;\n","protected":false},"author":2,"featured_media":639006,"comment_status":"","ping_status":"","sticky":false,"template":"","format":"standard","meta":{"footnotes":""},"categories":[155],"tags":[150652,29,214,72170,30,12574,59870,105747,57443,13341,150653,4409,112588,215],"class_list":{"0":"post-639005","1":"post","2":"type-post","3":"status-publish","4":"format-standard","5":"has-post-thumbnail","7":"category-unterhaltung","8":"tag-abendgarderobe","9":"tag-deutschland","10":"tag-entertainment","11":"tag-friedensnobelpreis","12":"tag-germany","13":"tag-koenigsfamilie","14":"tag-koenigspaar","15":"tag-maria-corina-machado","16":"tag-nobelpreis","17":"tag-oslo","18":"tag-sosa","19":"tag-stockholm","20":"tag-thronfolge","21":"tag-unterhaltung"},"share_on_mastodon":{"url":"https:\/\/pubeurope.com\/@de\/115700668894659527","error":""},"_links":{"self":[{"href":"https:\/\/www.europesays.com\/de\/wp-json\/wp\/v2\/posts\/639005","targetHints":{"allow":["GET"]}}],"collection":[{"href":"https:\/\/www.europesays.com\/de\/wp-json\/wp\/v2\/posts"}],"about":[{"href":"https:\/\/www.europesays.com\/de\/wp-json\/wp\/v2\/types\/post"}],"author":[{"embeddable":true,"href":"https:\/\/www.europesays.com\/de\/wp-json\/wp\/v2\/users\/2"}],"replies":[{"embeddable":true,"href":"https:\/\/www.europesays.com\/de\/wp-json\/wp\/v2\/comments?post=639005"}],"version-history":[{"count":0,"href":"https:\/\/www.europesays.com\/de\/wp-json\/wp\/v2\/posts\/639005\/revisions"}],"wp:featuredmedia":[{"embeddable":true,"href":"https:\/\/www.europesays.com\/de\/wp-json\/wp\/v2\/media\/639006"}],"wp:attachment":[{"href":"https:\/\/www.europesays.com\/de\/wp-json\/wp\/v2\/media?parent=639005"}],"wp:term":[{"taxonomy":"category","embeddable":true,"href":"https:\/\/www.europesays.com\/de\/wp-json\/wp\/v2\/categories?post=639005"},{"taxonomy":"post_tag","embeddable":true,"href":"https:\/\/www.europesays.com\/de\/wp-json\/wp\/v2\/tags?post=639005"}],"curies":[{"name":"wp","href":"https:\/\/api.w.org\/{rel}","templated":true}]}}