{"id":63901,"date":"2025-04-26T22:42:12","date_gmt":"2025-04-26T22:42:12","guid":{"rendered":"https:\/\/www.europesays.com\/de\/63901\/"},"modified":"2025-04-26T22:42:12","modified_gmt":"2025-04-26T22:42:12","slug":"eishockey-machen-sich-die-dresden-stars-unsterblich-sport","status":"publish","type":"post","link":"https:\/\/www.europesays.com\/de\/63901\/","title":{"rendered":"Eishockey: Machen sich die Dresden-Stars unsterblich? | Sport"},"content":{"rendered":"<p><b>Sonntag kann der gr\u00f6\u00dfte Tag in der Geschichte des Dresdner Eishockeys werden! Keine 48 Stunden nach der 4:7-Pleite in Ravensburg k\u00f6nnen die Eisl\u00f6wen ab 17 Uhr vor heimischer Kulisse den vierten und letzten Finalsieg um die Zweitliga-Meisterschaft einfahren. <\/b><\/p>\n<p>Damit w\u00e4re Dresden erstmals in der DEL dabei und die D\u00fcsseldorfer EG als sportlicher Absteiger auch definitiv raus.<\/p>\n<p><b>Machen sich die Eisl\u00f6wen-Stars unsterblich?<\/b><\/p>\n<p>Lesen Sie auch<\/p>\n<p>Fakt: Daf\u00fcr muss wieder eine deutlich konzentrierte Leistung \u00fcber 60 Minuten her.<\/p>\n<p><b>Trainer Niklas Sundblad (52) nach dem wilden Scheibenschie\u00dfen in <\/b><a href=\"https:\/\/www.bild.de\/regional\/dresden\/eishockey-4-7-dresdens-del-traum-erfuellt-sich-noch-nicht-680bd8fb8a028f741550d940\" class=\"text-link\" rel=\"nofollow noopener\" target=\"_blank\"><b>Ravensburg<\/b><\/a><b> am Freitag: \u201eWir sind zu langsam reingekommen. Dann gab es zu viel Auf und Ab. Insgesamt m\u00fcssen wir defensiv viel besser spielen, um zu gewinnen.\u201c<\/b><\/p>\n<p>Vor allem Star-Goalie Danny aus den Birken (40) braucht wieder mehr Unterst\u00fctzung bei Rebounds vor seinem Kasten, der Torraum muss wieder dicht werden. Bisher hatte Dresden in beiden Final-Heimspielen nur ein Gegentor bekommen. Das ist die Richtschnur f\u00fcr den Sonntag.<\/p>\n<p><img decoding=\"async\" width=\"992\" height=\"558\" alt=\"Tomas Andres und Co. wollen noch einmal nach Spielschluss jubeln.\" src=\"https:\/\/www.europesays.com\/de\/wp-content\/uploads\/2025\/04\/da554ed613cb654120df38a5b153cf31,e67b90c6\"   class=\"landscape\" loading=\"lazy\"\/><\/p>\n<p class=\"fig__caption__text\">Tomas Andres und Co. wollen noch einmal nach Spielschluss jubeln. <\/p>\n<p>Foto: picture alliance \/ Eibner-Pressefoto<\/p>\n<p><b>Verteidiger Tariq Hammond (31): \u201eWir m\u00fcssen unsere Fehler angucken und abstellen!\u201c<\/b><\/p>\n<p>Derweil strahlt Sportchef <a href=\"https:\/\/www.bild.de\/sport\/mehr-sport\/eishockey-dresden-sportchef-roos-ueber-del-aufstieg-676e9827b6fef90e224550a4\" class=\"text-link\" rel=\"nofollow noopener\" target=\"_blank\">Matthias Roos<\/a> (45) Ruhe aus: \u201eDie Niederlage werden wir schnell absch\u00fctteln!\u201c Im Halbfinale gegen die Kassel Huskies hatten die Eisl\u00f6wen schlie\u00dflich ausw\u00e4rts auch das 2:3 in der Serie kassiert und den Kopf oben behalten.<\/p>\n<p>\u201eWenn es so weit w\u00e4re, w\u00fcrde der K\u00f6rper auseinanderbrechen!\u201c<\/p>\n<p><b>Die Gef\u00fchlswelt ums Dresdner Eishockey spielt in diesen Tagen auf jeden Fall verr\u00fcckt.   <\/b><\/p>\n<p>Gesch\u00e4ftsf\u00fchrer <a href=\"https:\/\/www.bild.de\/sport\/mehr-sport\/eishockey-die-macher-hinter-dem-dresden-wahnsinn-67fcdd170c382a03794ea147\" class=\"text-link\" rel=\"nofollow noopener\" target=\"_blank\">Maik Walsdorf<\/a> (37): \u201eJetzt, wo wir so nah dran sind, ist es wie eine gespenstische Leere im K\u00f6rper. Man merkt, es r\u00fcckt immer n\u00e4her und trotzdem ist es noch so weit weg. Es ist gerade eine unheimliche Anspannung.\u201c<\/p>\n<p><b>Und der Eisl\u00f6wen-Boss prophezeit: \u201eIn den letzten Minuten wird es vielleicht so gef\u00e4hrlich, wenn wir f\u00fchren, dass ich einige Momente nicht mehr sehen kann und drau\u00dfen vor der Halle warte. Und wenn es am Ende so weit w\u00e4re, w\u00fcrde der K\u00f6rper, glaube ich, komplett auseinanderbrechen.\u201c<\/b><\/p>\n<p><img decoding=\"async\" width=\"992\" height=\"558\" alt=\"Gesch\u00e4ftsf\u00fchrer Maik Walsdorf ballte nach dem Halbfinal-Sieg gegen Kassel die F\u00e4uste.\" src=\"https:\/\/www.europesays.com\/de\/wp-content\/uploads\/2025\/04\/d3d2751d186149aef65b5a5c07a819e3,22711e4b\"   class=\"landscape\" loading=\"lazy\"\/><\/p>\n<p class=\"fig__caption__text\">Gesch\u00e4ftsf\u00fchrer Maik Walsdorf ballte nach dem Halbfinal-Sieg gegen Kassel die F\u00e4uste.<\/p>\n<p>Foto: Thomas Heide<\/p>\n<p>4.500 Fans werden das Team in der ausverkauften Joynext-Arena anpeitschen, tr\u00e4umen davon, dass ihre Lieblinge nach den Eisb\u00e4ren Berlin der zweite Ostklub in der 1. Liga werden.<\/p>\n<p>Erster Dresdner Erstligist nach 30 Jahren?<\/p>\n<p><b>Walsdorf ehrlich: \u201eWir schieben die Vorbereitungen f\u00fcr die DEL nat\u00fcrlich noch ein St\u00fcck vor uns her, weil wir einfach kein schlechtes Karma herbeif\u00fchren wollen. Auf der anderen Seite sind wir professionell aufgestellt und wissen, dass die Zeit daf\u00fcr sehr eng ist. Wir haben uns also intensiv damit auseinandergesetzt, was wir die n\u00e4chsten 20 Tage ben\u00f6tigen. Jetzt hoffen wir, dass wir die Pl\u00e4ne dann aus der Schublade ziehen k\u00f6nnen.\u201c<\/b><\/p>\n<p>Knallen sich Travis Turnbull und Co. am Sonntag tats\u00e4chlich zum DEL2-Pokal, gehen sie in die Dresdner Sportgeschichte ein. Seit dem Abstieg von Dynamo Dresden aus der Fu\u00dfball-Bundesliga 1995 spielte keine Mannschaft der Stadt in den vier gro\u00dfen M\u00e4nner-Sportarten (Basketball, Handball, Eishockey und Fu\u00dfball) erstklassig. <\/p>\n<p><b>30 Jahre sp\u00e4ter kann&#8217;s bei den <\/b><a href=\"https:\/\/www.bild.de\/sport\/mehr-sport\/eishockey-die-kader-tricks-der-dresdner-eisloewen-fuer-den-del-angriff-66c457e18e840b14905e3ed3\" class=\"text-link\" rel=\"nofollow noopener\" target=\"_blank\"><b>Dresdner Eisl\u00f6wen<\/b><\/a><b> klappen&#8230;<\/b><\/p>\n","protected":false},"excerpt":{"rendered":"Sonntag kann der gr\u00f6\u00dfte Tag in der Geschichte des Dresdner Eishockeys werden! Keine 48 Stunden nach der 4:7-Pleite&hellip;\n","protected":false},"author":2,"featured_media":63902,"comment_status":"","ping_status":"","sticky":false,"template":"","format":"standard","meta":{"footnotes":""},"categories":[1835],"tags":[5876,3364,2097,6219,29,2386,6216,2100,2665,30,6218,11680,859,3460,45],"class_list":{"0":"post-63901","1":"post","2":"type-post","3":"status-publish","4":"format-standard","5":"has-post-thumbnail","7":"category-dresden","8":"tag-aufstieg","9":"tag-de","10":"tag-del","11":"tag-del-2","12":"tag-deutschland","13":"tag-dresden","14":"tag-dresdner-eisloewen","15":"tag-eishockey","16":"tag-finale","17":"tag-germany","18":"tag-playoffs","19":"tag-ravensburg","20":"tag-sachsen","21":"tag-sport-leuchtturm-leipzig","22":"tag-texttospeech"},"share_on_mastodon":{"url":"https:\/\/pubeurope.com\/@de\/114406683080441473","error":""},"_links":{"self":[{"href":"https:\/\/www.europesays.com\/de\/wp-json\/wp\/v2\/posts\/63901","targetHints":{"allow":["GET"]}}],"collection":[{"href":"https:\/\/www.europesays.com\/de\/wp-json\/wp\/v2\/posts"}],"about":[{"href":"https:\/\/www.europesays.com\/de\/wp-json\/wp\/v2\/types\/post"}],"author":[{"embeddable":true,"href":"https:\/\/www.europesays.com\/de\/wp-json\/wp\/v2\/users\/2"}],"replies":[{"embeddable":true,"href":"https:\/\/www.europesays.com\/de\/wp-json\/wp\/v2\/comments?post=63901"}],"version-history":[{"count":0,"href":"https:\/\/www.europesays.com\/de\/wp-json\/wp\/v2\/posts\/63901\/revisions"}],"wp:featuredmedia":[{"embeddable":true,"href":"https:\/\/www.europesays.com\/de\/wp-json\/wp\/v2\/media\/63902"}],"wp:attachment":[{"href":"https:\/\/www.europesays.com\/de\/wp-json\/wp\/v2\/media?parent=63901"}],"wp:term":[{"taxonomy":"category","embeddable":true,"href":"https:\/\/www.europesays.com\/de\/wp-json\/wp\/v2\/categories?post=63901"},{"taxonomy":"post_tag","embeddable":true,"href":"https:\/\/www.europesays.com\/de\/wp-json\/wp\/v2\/tags?post=63901"}],"curies":[{"name":"wp","href":"https:\/\/api.w.org\/{rel}","templated":true}]}}