{"id":639011,"date":"2025-12-11T11:23:14","date_gmt":"2025-12-11T11:23:14","guid":{"rendered":"https:\/\/www.europesays.com\/de\/639011\/"},"modified":"2025-12-11T11:23:14","modified_gmt":"2025-12-11T11:23:14","slug":"vorwurf-gegen-gaza-arzt-vater-einer-getoeteten-israelin-berichtet-von-erschuetterndem-video","status":"publish","type":"post","link":"https:\/\/www.europesays.com\/de\/639011\/","title":{"rendered":"Vorwurf gegen Gaza-Arzt \u2013 Vater einer get\u00f6teten Israelin berichtet von ersch\u00fctterndem Video"},"content":{"rendered":"<p>Die 19-j\u00e4hrige Noa Marciano wurde beim Hamas-Terrorangriff am 7. Oktober 2023 von einem Milit\u00e4rst\u00fctzpunkt entf\u00fchrt. Ihr Vater beschreibt nun, wie seine Tochter im Schifa-Krankenhaus im Gazastreifen ums Leben kam.<\/p>\n<p class=\"is-first-paragraph\" data-external=\"Article.FirstParagraph\">Der Vater der ermordeten israelischen Soldatin Noa Marciano hat schwere Vorw\u00fcrfe erhoben. Wie sowohl \u201e<a class=\"is-link c-block-items__link is-external c-link--rich-text-renderer\" href=\"https:\/\/www.thejc.com\/news\/israel\/hostage-noa-marciano-murdered-gazan-doctor-l5vr45to\" target=\"_blank\" title=\"(Link wird in einem neuen Tab ge\u00f6ffnet)\" rel=\"nofollow noopener\" data-internal-tracking-enabled=\"true\" data-internal-tracking=\"{&quot;action&quot;:&quot;click&quot;,&quot;label&quot;:&quot;link&quot;,&quot;name&quot;:&quot;Inline Element&quot;,&quot;data&quot;:{&quot;source&quot;:&quot;&quot;,&quot;target&quot;:&quot;https:\/\/www.thejc.com\/news\/israel\/hostage-noa-marciano-murdered-gazan-doctor-l5vr45to&quot;,&quot;trackingName&quot;:&quot;&quot;,&quot;trackingLabel&quot;:&quot;&quot;}}\">The Jewish Chronicle<\/a>\u201c als auch die \u201e<a class=\"is-link c-block-items__link is-external c-link--rich-text-renderer\" href=\"https:\/\/www.jpost.com\/israel-news\/article-879974\" target=\"_blank\" title=\"(Link wird in einem neuen Tab ge\u00f6ffnet)\" rel=\"nofollow noopener\" data-internal-tracking-enabled=\"true\" data-internal-tracking=\"{&quot;action&quot;:&quot;click&quot;,&quot;label&quot;:&quot;link&quot;,&quot;name&quot;:&quot;Inline Element&quot;,&quot;data&quot;:{&quot;source&quot;:&quot;&quot;,&quot;target&quot;:&quot;https:\/\/www.jpost.com\/israel-news\/article-879974&quot;,&quot;trackingName&quot;:&quot;&quot;,&quot;trackingLabel&quot;:&quot;&quot;}}\">Jerusalem Post<\/a>\u201c berichten, schilderte Avi Marciano, dass ein Arzt im Schifa-Krankenhaus im Gazastreifen Noa get\u00f6tet habe, indem er ihr Luft in die Venen injizierte, anstatt sie nach ihren Verletzungen zu behandeln. Ein ihm \u00fcber das soziale Netzwerk Telegram zugesandtes Instagram-Video zeige Noas letzte Momente; darin flehe sie \u201eum ihr Leben\u201c, bevor ihr K\u00f6rper am Ende des Clips leblos erscheine.<\/p>\n<p>Noas Vater sagte, dass das, was er durchgemacht habe, der gr\u00f6\u00dfte Alptraum sei, den man sich vorstellen k\u00f6nne. Er erkl\u00e4rte au\u00dferdem, dass es immer noch Tage gebe, an denen er aufwache und sich das Video des Mordes an seiner Tochter immer wieder in seinem Kopf abspiele.<\/p>\n<p>Als eine von sieben Soldatinnen entf\u00fchrt<\/p>\n<p>Noa Marciano, 19, war eine von sieben Soldatinnen, die am 7. Oktober vom Milit\u00e4rst\u00fctzpunkt Nahal Oz entf\u00fchrt wurden. Ihre Leiche wurde im November 2023 von der israelischen Armee in einem Geb\u00e4ude neben dem Schifa-Krankenhaus geborgen. Bereits im November hatte die Terrororganisation Hamas ein Video ver\u00f6ffentlicht und behauptet, Noa Marciano sei durch einen israelischen Luftangriff ums Leben gekommen. <\/p>\n<p>Die israelischen Streitkr\u00e4fte IDF wiesen dies jedoch zur\u00fcck: \u201eNach Auswertung des Videomaterials gehen Experten davon aus, dass ihre Verletzungen nicht den typischen Verletzungen bei Luftangriffen entsprechen.\u201c Weiter hie\u00df es, die festgestellten Wunden schienen eher mit Schussverletzungen \u00fcbereinzustimmen, und es gebe auch Hinweise darauf, dass sie Verletzungen durch einen Sturz aus gro\u00dfer H\u00f6he erlitten haben k\u00f6nnte. Laut IDF-Sprecher Konteradmiral Daniel Hagari war Noa zwar verletzt worden, \u201ejedoch nicht lebensgef\u00e4hrlich\u201c.<\/p>\n<p>Im Mai 2024 erkl\u00e4rten die Eltern schon einmal \u00f6ffentlich, ihre Tochter sei im Krankenhaus get\u00f6tet worden: \u201eSie haben sich entschieden, sie zu ermorden, anstatt sie zu behandeln.\u201c Noas Vater Avi Marciano beschrieb den Verlust als \u201egr\u00f6\u00dften Alptraum, den man sich vorstellen kann\u201c, und sagte, dass es keinen Tag gebe, an dem er seine \u00e4lteste Tochter nicht vermisse.<\/p>\n<p>coh<\/p>\n","protected":false},"excerpt":{"rendered":"Die 19-j\u00e4hrige Noa Marciano wurde beim Hamas-Terrorangriff am 7. Oktober 2023 von einem Milit\u00e4rst\u00fctzpunkt entf\u00fchrt. Ihr Vater beschreibt&hellip;\n","protected":false},"author":2,"featured_media":639012,"comment_status":"","ping_status":"","sticky":false,"template":"","format":"standard","meta":{"footnotes":""},"categories":[3],"tags":[926,2547,410,13,4750,50387,14,15,110,12,10,8,9,11,103,104],"class_list":{"0":"post-639011","1":"post","2":"type-post","3":"status-publish","4":"format-standard","5":"has-post-thumbnail","7":"category-welt","8":"tag-7-oktober-2023","9":"tag-gaza-streifen","10":"tag-hamas","11":"tag-headlines","12":"tag-israel-hamas-angriff-auf-israel","13":"tag-israel-palaestina-konflikt-ab-2000-geo-isr-pal-ks","14":"tag-nachrichten","15":"tag-news","16":"tag-newsteam","17":"tag-schlagzeilen","18":"tag-top-news","19":"tag-top-meldungen","20":"tag-topmeldungen","21":"tag-topnews","22":"tag-welt","23":"tag-world"},"share_on_mastodon":{"url":"","error":""},"_links":{"self":[{"href":"https:\/\/www.europesays.com\/de\/wp-json\/wp\/v2\/posts\/639011","targetHints":{"allow":["GET"]}}],"collection":[{"href":"https:\/\/www.europesays.com\/de\/wp-json\/wp\/v2\/posts"}],"about":[{"href":"https:\/\/www.europesays.com\/de\/wp-json\/wp\/v2\/types\/post"}],"author":[{"embeddable":true,"href":"https:\/\/www.europesays.com\/de\/wp-json\/wp\/v2\/users\/2"}],"replies":[{"embeddable":true,"href":"https:\/\/www.europesays.com\/de\/wp-json\/wp\/v2\/comments?post=639011"}],"version-history":[{"count":0,"href":"https:\/\/www.europesays.com\/de\/wp-json\/wp\/v2\/posts\/639011\/revisions"}],"wp:featuredmedia":[{"embeddable":true,"href":"https:\/\/www.europesays.com\/de\/wp-json\/wp\/v2\/media\/639012"}],"wp:attachment":[{"href":"https:\/\/www.europesays.com\/de\/wp-json\/wp\/v2\/media?parent=639011"}],"wp:term":[{"taxonomy":"category","embeddable":true,"href":"https:\/\/www.europesays.com\/de\/wp-json\/wp\/v2\/categories?post=639011"},{"taxonomy":"post_tag","embeddable":true,"href":"https:\/\/www.europesays.com\/de\/wp-json\/wp\/v2\/tags?post=639011"}],"curies":[{"name":"wp","href":"https:\/\/api.w.org\/{rel}","templated":true}]}}