{"id":639013,"date":"2025-12-11T11:24:26","date_gmt":"2025-12-11T11:24:26","guid":{"rendered":"https:\/\/www.europesays.com\/de\/639013\/"},"modified":"2025-12-11T11:24:26","modified_gmt":"2025-12-11T11:24:26","slug":"mindestens-ein-toter-bei-schwerem-zusammenstoss-bei-ering","status":"publish","type":"post","link":"https:\/\/www.europesays.com\/de\/639013\/","title":{"rendered":"Mindestens ein Toter bei schwerem Zusammensto\u00df bei Ering"},"content":{"rendered":"<ol class=\"id-DonaldBreadcrumb lp_west_breadcrumb id-DonaldBreadcrumb--default\" data-k5a-pos=\"west_breadcrumb\">\n<li class=\"id-Breadcrumb-item\"><a href=\"https:\/\/www.rosenheim24.de\/\" class=\"id-Breadcrumb-link\" data-id-ec=\"{\" shn=\"\" textlink=\"\" data-k5a-pos=\"1_rosenheim24De\" rel=\"nofollow noopener\" target=\"_blank\">rosenheim24-de<\/a><\/li>\n<li class=\"id-Breadcrumb-item\"><a href=\"https:\/\/www.rosenheim24.de\/bayern\/\" class=\"id-Breadcrumb-link\" data-id-ec=\"{\" shn=\"\" textlink=\"\" data-k5a-pos=\"2_bayern\" rel=\"nofollow noopener\" target=\"_blank\">Bayern<\/a><\/li>\n<\/ol>\n<p class=\"id-Story-timestamp id-Story-timestamp--default\">Stand: 11.12.2025, 11:29 Uhr<\/p>\n<p class=\"id-Story-authors id-Story-authors--default\">Von: <a class=\"id-Story-authors-link lp_west_author\" href=\"https:\/\/www.rosenheim24.de\/autor\/tim-niemeyer-29l1k8azk.html\" title=\"Zur Autorenseite von Tim Niemeyer\" data-id-ec=\"{\" shn=\"\" author-link=\"\" niemeyer=\"\" data-k5a-pos=\"west_author\" rel=\"nofollow noopener\" target=\"_blank\">Tim Niemeyer<\/a><\/p>\n<p class=\"id-Story-interactionBar id-Story-interactionBar--default\">DruckenTeilen<\/p>\n<p><img decoding=\"async\" class=\"id-RatioPlaceholder-element wv_story_el_image\" src=\"https:\/\/www.europesays.com\/de\/wp-content\/uploads\/2025\/12\/38333816-polizei-led-matrix-die-den-schriftzug-unfall-zeigt-2g7a.jpg\" loading=\"eager\" fetchpriority=\"high\"   height=\"792\" width=\"1408\" alt=\"Polizei-LED-Matrix, die den Schriftzug &#x201E;Unfall&#x201C; zeigt\"\/>Polizei-LED-Matrix, die den Schriftzug \u201eUnfall\u201c zeigt \u00a9\u00a0picture alliance\/dpa | Marcus Brandt<\/p>\n<p class=\"id-StoryElement-leadText\">Ering &#8211; Auf der B12 bei Ering im Landkreis Rottal-Inn hat sich am Mittwochnachmittag (10. Dezember) ein schwerer und tragischer Unfall ereignet. <\/p>\n<p>Update, Donnerstag (11. Dezember) &#8211; Tote stammt aus Raum Alt\u00f6tting <\/p>\n<p class=\"id-StoryElement-paragraph\">Mittlerweile konnte die Identit\u00e4t der t\u00f6dlich verletzten Person gekl\u00e4rt werden. Dabei handelt es sich um die Halterin des Fahrzeuges, eine 66-j\u00e4hrige Frau aus dem Landkreis Alt\u00f6tting. Das berichtet die Polizei Simbach in einem Nachtrag. <\/p>\n<p>Update, 20.23 Uhr &#8211; Pressemeldung der Polizei Simbach<\/p>\n<p class=\"id-StoryElement-paragraph\">Am Mittwochnachmittag gegen 15 Uhr wurde \u00fcber Notruf ein <strong>Frontalzusammensto\u00df zwischen einem Pkw und einem Lkw<\/strong> auf der B12 kurz nach dem Ende der Autobahn BAB A94 mitgeteilt. Den alarmierten Rettungskr\u00e4ften bot sich am Unfallort ein Tr\u00fcmmerfeld. Bei dem Unfall waren insgesamt zwei Pkw und zwei Lkw mit Anh\u00e4ngern beteiligt. Laut den ersten Ermittlungen zum Unfallhergang wurde bekannt, dass ein Lkw mit \u00f6sterreichischer Zulassung in Fahrtrichtung M\u00fcnchen unterwegs war. In der Gegenrichtung fuhr eine Fahrzeugkolonne bestehend aus zwei Pkw und einem weiteren Lkw in Richtung Passau. Der erste der beiden Pkw kam aus bislang unbekannter Ursache auf die Gegenfahrbahn und stie\u00df im weiteren Verlauf mit dem \u00f6sterreichischen Lkw zusammen. <\/p>\n<p class=\"id-StoryElement-paragraph\">Durch diesen Zusammensto\u00df erlitt ein bislang noch unbekannter<strong> Insasse t\u00f6dliche Verletzungen.<\/strong> Die Ermittlungen zur Identit\u00e4t dauern noch. Der \u00f6sterreichische Lkw krachte im Anschluss in den zweiten Pkw in dem sich ein 38-j\u00e4hriger aus dem Landkreis Passau befand. Durch den Aufprall wurde der<strong> Fahrer eingeklemmt und schwerst verletzt<\/strong>. Die anwesenden Feuerwehren brauchten <strong>\u00fcber eine Stunde um den Mann aus dem massiv besch\u00e4digten Fahrzeug zu bergen<\/strong>. Die 23 Rettungskr\u00e4fte, darunter drei Not\u00e4rzte, k\u00fcmmerten sich um die Verletzten. Zur Kl\u00e4rung der Unfallursache wurde nach R\u00fccksprache mit der Staatsanwaltschaft Landshut ein Gutachter hinzugezogen. <strong>Neben der t\u00f6dlich verletzten Person, wurde einer schwerstverletzt und die ein LKW-Insasse leicht verletzt. <\/strong>An den unfallbeteiligten Fahrzeugen entstand Sachschaden von weit \u00fcber 100.000 Euro. Aufgrund des Verkehrsunfalls war die Fahrbahn f\u00fcr mehrere Stunden gesperrt. <\/p>\n<p class=\"id-StoryElement-paragraph\">Wegen der Dauer der Sperrung wurde eine weitr\u00e4umige Verkehrsableitung eingerichtet. An dem Rettungseinsatz waren knapp 70 Feuerwehrleute der umliegenden Feuerwehren Ering, Rotthalm\u00fcnster, Simbach a.Inn, Malching, Kirchham und M\u00fcnchham beteiligt. Nachdem alle Fahrzeuge nicht mehr fahrbereit waren, mussten alle mit Abschleppdiensten geborgen werden. (Pressemitteilung Polizei Simbach)<\/p>\n<p>Update, 16.57 Uhr &#8211; Neue Details zum Unfall<\/p>\n<p class=\"id-StoryElement-paragraph\">Auf der vielbefahrenen Bundesstra\u00dfe 12 ist es am Mittwochnachmittag bei Ering (Landkreis Rottal-Inn) zu einem schweren Verkehrsunfall mit t\u00f6dlichem Ausgang gekommen. Nach ersten Erkenntnissen kam dabei ein Mensch ums Leben, eine weitere Person wurde leicht verletzt, wie ein Sprecher der Polizei mitteilt.<\/p>\n<p class=\"id-StoryElement-paragraph\">Zu dem Unfall kam es am Nachmittag, als ein Auto aus zun\u00e4chst unbekannter Ursache auf die Gegenspur geriet und frontal mit einem entgegenkommenden Lastwagen kollidierte. Neben diesen beiden Fahrzeugen waren nach Polizeiangaben noch ein weiteres Auto sowie ein weiterer Lastwagen in den Unfall verwickelt. Inwieweit die beiden zus\u00e4tzlichen Fahrzeuge beteiligt waren, ist laut Angaben des Polizeisprechers noch Gegenstand der Ermittlungen.<\/p>\n<p class=\"id-StoryElement-paragraph\">Auch die Identit\u00e4t des Verstorbenen und der verletzten Person sowie der genaue Hergang des Unfalls sind bislang unklar. Die Polizei hat die Untersuchungen zur Ursache des Unfalls aufgenommen. Die B12 wurde zeitweise in beide Fahrtrichtungen gesperrt.<\/p>\n<p>Erstmeldung:<\/p>\n<p class=\"id-StoryElement-paragraph\">Mindestens<strong> eine Person ist bei einem schweren Unfall auf der B12 bei Ering im Landkreis Rottal-Inn am Mittwochnachmittag ums Leben gekommen<\/strong>. Das best\u00e4tigte das zust\u00e4ndige Polizeipr\u00e4sidium Niederbayern in einer entsprechenden Erstmeldung. Laut den Beamten ereignete sich der Unfall gegen 15 Uhr. <\/p>\n<p class=\"id-StoryElement-paragraph\">Laut ersten Erkenntnissen sind mindestens ein Auto und mehrere Lkw in den Zusammensto\u00df verwickelt. Genaueres zum Unfallhergang ist allerdings noch nicht bekannt. Die B12 musste vor\u00fcbergehend gesperrt werden. Die Polizei aus Bad Griesbach nahm die weiteren Ermittlungen auf. Ob neben der verstorbenen Person noch weitere Verletzte zu beklagen sind, ist derzeit noch nicht bekannt. (nt\/vs) <\/p>\n","protected":false},"excerpt":{"rendered":"rosenheim24-de Bayern Stand: 11.12.2025, 11:29 Uhr Von: Tim Niemeyer DruckenTeilen Polizei-LED-Matrix, die den Schriftzug \u201eUnfall\u201c zeigt \u00a9\u00a0picture alliance\/dpa&hellip;\n","protected":false},"author":2,"featured_media":639014,"comment_status":"","ping_status":"","sticky":false,"template":"","format":"standard","meta":{"footnotes":""},"categories":[2],"tags":[29,30,13,14,15,12,10,8,9,11],"class_list":{"0":"post-639013","1":"post","2":"type-post","3":"status-publish","4":"format-standard","5":"has-post-thumbnail","7":"category-deutschland","8":"tag-deutschland","9":"tag-germany","10":"tag-headlines","11":"tag-nachrichten","12":"tag-news","13":"tag-schlagzeilen","14":"tag-top-news","15":"tag-top-meldungen","16":"tag-topmeldungen","17":"tag-topnews"},"share_on_mastodon":{"url":"https:\/\/pubeurope.com\/@de\/115700686963102013","error":""},"_links":{"self":[{"href":"https:\/\/www.europesays.com\/de\/wp-json\/wp\/v2\/posts\/639013","targetHints":{"allow":["GET"]}}],"collection":[{"href":"https:\/\/www.europesays.com\/de\/wp-json\/wp\/v2\/posts"}],"about":[{"href":"https:\/\/www.europesays.com\/de\/wp-json\/wp\/v2\/types\/post"}],"author":[{"embeddable":true,"href":"https:\/\/www.europesays.com\/de\/wp-json\/wp\/v2\/users\/2"}],"replies":[{"embeddable":true,"href":"https:\/\/www.europesays.com\/de\/wp-json\/wp\/v2\/comments?post=639013"}],"version-history":[{"count":0,"href":"https:\/\/www.europesays.com\/de\/wp-json\/wp\/v2\/posts\/639013\/revisions"}],"wp:featuredmedia":[{"embeddable":true,"href":"https:\/\/www.europesays.com\/de\/wp-json\/wp\/v2\/media\/639014"}],"wp:attachment":[{"href":"https:\/\/www.europesays.com\/de\/wp-json\/wp\/v2\/media?parent=639013"}],"wp:term":[{"taxonomy":"category","embeddable":true,"href":"https:\/\/www.europesays.com\/de\/wp-json\/wp\/v2\/categories?post=639013"},{"taxonomy":"post_tag","embeddable":true,"href":"https:\/\/www.europesays.com\/de\/wp-json\/wp\/v2\/tags?post=639013"}],"curies":[{"name":"wp","href":"https:\/\/api.w.org\/{rel}","templated":true}]}}