{"id":639015,"date":"2025-12-11T11:25:14","date_gmt":"2025-12-11T11:25:14","guid":{"rendered":"https:\/\/www.europesays.com\/de\/639015\/"},"modified":"2025-12-11T11:25:14","modified_gmt":"2025-12-11T11:25:14","slug":"ex-spd-generalsekretaer-kuehnert-wird-lobbyist-tagesschau-de","status":"publish","type":"post","link":"https:\/\/www.europesays.com\/de\/639015\/","title":{"rendered":"Ex-SPD-Generalsekret\u00e4r K\u00fchnert wird Lobbyist | tagesschau.de"},"content":{"rendered":"<p>            <img loading=\"lazy\" decoding=\"async\" class=\"ts-image\" src=\"https:\/\/www.europesays.com\/de\/wp-content\/uploads\/2025\/12\/kuehnert-182.jpg\" alt=\"Kevin K\u00fchnert telefoniert (Archivbild 5.7.2024)\" title=\"Kevin K\u00fchnert telefoniert (Archivbild 5.7.2024) | dpa\"\/><\/p>\n<p class=\"metatextline\">Stand: 11.12.2025 11:15 Uhr<\/p>\n<p class=\"article-head__shorttext\">\n        <strong>Aus der Politik in den Lobbyismus: Der ehemalige SPD-Generalsekret\u00e4r K\u00fchnert hat einen neuen Job. Bei einer Nichtregierungsorganisation wird er sich k\u00fcnftig um Finanzpolitik und Verteilungsgerechtigkeit k\u00fcmmern.<\/strong>\n    <\/p>\n<p class=\"textabsatz m-ten m-offset-one l-eight l-offset-two columns twelve\">Im Herbst 2024 hatte der damalige SPD-Generalsekret\u00e4r Kevin K\u00fchnert <a href=\"https:\/\/www.tagesschau.de\/inland\/innenpolitik\/kuehnert-spd-ruecktritt-100.html\" title=\"K\u00fchnert tritt als SPD-Generalsekret\u00e4r zur\u00fcck\" rel=\"nofollow noopener\" target=\"_blank\">\u00fcberraschend seinen R\u00fcckzug aus der Politik<\/a> erkl\u00e4rt. Jetzt ist klar, was der 36-J\u00e4hrige k\u00fcnftig macht: K\u00fchnert wird Lobbyist f\u00fcr alternative Finanzpolitik. Er \u00fcbernimmt bei der B\u00fcrgerbewegung Finanzwende die Leitung des Bereichs Steuern, Verteilung und Lobbyismus. <a href=\"https:\/\/www.finanzwende.de\/ueber-uns\/aktuelles\/kevin-kuehnert-wird-bereichsleiter-fuer-steuern-verteilung-und-lobbyismus\" title=\"Kevin K\u00fchnert wechselt zur &quot;B\u00fcrgerbewegung Finanzwende&quot;\" class=\"textlink--extern js-link-dialog\" rel=\"noopener noreferrer nofollow\" target=\"_blank\" data-type=\"external\">Das teilte der Verein mit<\/a>.<\/p>\n<p class=\"textabsatz m-ten m-offset-one l-eight l-offset-two columns twelve\">&#8222;Finanzwende ist auf dem besten Weg, ein effektives Gegengewicht der Finanzlobby zu werden &#8211; und ich m\u00f6chte aktiv dazu beitragen, dass dieses Mammutprojekt gelingt&#8220;, so K\u00fchnert. Extreme Ungleichheit verbaue nicht nur Lebenschancen. Sie verzerre auch zunehmend Debatten in Medien und Politik. &#8222;Reichtum wird weltweit immer offener als Machtinstrument missbraucht.&#8220; Gegen diese Gefahr wolle er mit ank\u00e4mpfen.<\/p>\n<p>    &#8222;Erfahrener politischer Kopf&#8220;<\/p>\n<p class=\"textabsatz m-ten m-offset-one l-eight l-offset-two columns twelve\">Finanzwende wurde vom fr\u00fcheren Gr\u00fcnen-Finanzexperten Gerhard Schick gegr\u00fcndet &#8211; als Gegengewicht zur einflussreichen Finanzlobby. Das Ziel sind laut Eigendarstellung stabilere, faire und nachhaltige Finanzm\u00e4rkte. Der Verein hat nach eigene Angaben mehr als 17.000 Mitglieder.<\/p>\n<p class=\"textabsatz m-ten m-offset-one l-eight l-offset-two columns twelve\">Vorstand Schick bezeichnete K\u00fchnert als &#8222;erfahrenen politischer Kopf&#8220;. Er bringe &#8222;seine Erfahrung aus der politischen Arbeit und seine Leidenschaft f\u00fcr soziale Gerechtigkeit&#8220; mit.<\/p>\n<p class=\"absatzbild__info__text\">\n                        Die &#8222;B\u00fcrgerbewegung Finanzwende&#8220; setzt sich unter anderem gegen Steuerbetrug ein.\n                    <\/p>\n<p class=\"textabsatz m-ten m-offset-one l-eight l-offset-two columns twelve\">K\u00fchnert war von 2019 bis 2021 stellvertretender Parteivorsitzender und von 2021 bis zu seinem R\u00fccktritt im Herbst 2024 Generalsekret\u00e4r der SPD. Seinen Bundestagswahlkreis hatte er 2021 in Berlin direkt gewonnen, bei der Bundestagswahl 2025 trat er nicht mehr an. Seinen \u00fcberraschenden R\u00fcckzug begr\u00fcndete K\u00fchnert mit gesundheitlichen Problemen. Sp\u00e4ter sprach er in einem <a href=\"https:\/\/www.zeit.de\/2025\/17\/kevin-kuehnert-rueckzug-politik-spd-karriere\" title=\"Kevin K\u00fchnert im Zeit-Interview\" class=\"textlink--extern js-link-dialog\" rel=\"noopener noreferrer nofollow\" target=\"_blank\" data-type=\"external\">Interview mit der Zeit<\/a> noch zus\u00e4tzlich von k\u00f6rperlichen Angriffen und Bedrohungen, unter anderem von Neonazis und Corona-Leugnern.<\/p>\n","protected":false},"excerpt":{"rendered":"Stand: 11.12.2025 11:15 Uhr Aus der Politik in den Lobbyismus: Der ehemalige SPD-Generalsekret\u00e4r K\u00fchnert hat einen neuen Job.&hellip;\n","protected":false},"author":2,"featured_media":639016,"comment_status":"","ping_status":"","sticky":false,"template":"","format":"standard","meta":{"footnotes":""},"categories":[5],"tags":[150655,13,79723,14,15,12,10,8,9,11],"class_list":{"0":"post-639015","1":"post","2":"type-post","3":"status-publish","4":"format-standard","5":"has-post-thumbnail","7":"category-nachrichten","8":"tag-finanzwende","9":"tag-headlines","10":"tag-kevin-kuehnert","11":"tag-nachrichten","12":"tag-news","13":"tag-schlagzeilen","14":"tag-top-news","15":"tag-top-meldungen","16":"tag-topmeldungen","17":"tag-topnews"},"share_on_mastodon":{"url":"https:\/\/pubeurope.com\/@de\/115700691405522434","error":""},"_links":{"self":[{"href":"https:\/\/www.europesays.com\/de\/wp-json\/wp\/v2\/posts\/639015","targetHints":{"allow":["GET"]}}],"collection":[{"href":"https:\/\/www.europesays.com\/de\/wp-json\/wp\/v2\/posts"}],"about":[{"href":"https:\/\/www.europesays.com\/de\/wp-json\/wp\/v2\/types\/post"}],"author":[{"embeddable":true,"href":"https:\/\/www.europesays.com\/de\/wp-json\/wp\/v2\/users\/2"}],"replies":[{"embeddable":true,"href":"https:\/\/www.europesays.com\/de\/wp-json\/wp\/v2\/comments?post=639015"}],"version-history":[{"count":0,"href":"https:\/\/www.europesays.com\/de\/wp-json\/wp\/v2\/posts\/639015\/revisions"}],"wp:featuredmedia":[{"embeddable":true,"href":"https:\/\/www.europesays.com\/de\/wp-json\/wp\/v2\/media\/639016"}],"wp:attachment":[{"href":"https:\/\/www.europesays.com\/de\/wp-json\/wp\/v2\/media?parent=639015"}],"wp:term":[{"taxonomy":"category","embeddable":true,"href":"https:\/\/www.europesays.com\/de\/wp-json\/wp\/v2\/categories?post=639015"},{"taxonomy":"post_tag","embeddable":true,"href":"https:\/\/www.europesays.com\/de\/wp-json\/wp\/v2\/tags?post=639015"}],"curies":[{"name":"wp","href":"https:\/\/api.w.org\/{rel}","templated":true}]}}