{"id":639021,"date":"2025-12-11T11:28:17","date_gmt":"2025-12-11T11:28:17","guid":{"rendered":"https:\/\/www.europesays.com\/de\/639021\/"},"modified":"2025-12-11T11:28:17","modified_gmt":"2025-12-11T11:28:17","slug":"exklusiv-sperrung-b76-und-bahnstrecke-kiel-ploen-zeitraum-steht-fest-erschreckende-befunde","status":"publish","type":"post","link":"https:\/\/www.europesays.com\/de\/639021\/","title":{"rendered":"Exklusiv: Sperrung B76 und Bahnstrecke Kiel\u2013Pl\u00f6n, Zeitraum steht fest: \u201eErschreckende Befunde\u201c"},"content":{"rendered":"<p class=\"Textstyled__Text-sc-1cqv9mi-0 cLyiiX\">Pl\u00f6n\/Preetz. Die Sperrung der Bundesstra\u00dfe 76 zwischen Preetz und Pl\u00f6n steht kurz bevor. Im ersten Bauabschnitt soll die Fahrbahn zwischen Pl\u00f6n und Neutramm saniert werden. Parallel will auch die Bahn ihre Strecke zwischen Kiel und Pl\u00f6n sanieren und sperren. Nun stehen die Zeiten fest.<\/p>\n<p>Weiterlesen nach der Anzeige<\/p>\n<p>Weiterlesen nach der Anzeige<\/p>\n<p class=\"Textstyled__Text-sc-1cqv9mi-0 cLyiiX\">Warum m\u00fcssen die Sanierung der <a href=\"https:\/\/www.kn-online.de\/themen\/b76\/\" target=\"_blank\" rel=\"noopener\" title=\"https:\/\/www.kn-online.de\/themen\/b76\/\" data-vars-event-category=\"intext_link\" data-vars-event-action=\"click\" data-vars-event-label=\"https:\/\/www.kn-online.de\/themen\/b76\/\">Bundesstra\u00dfe 76<\/a> zwischen Trent und <a href=\"https:\/\/www.kn-online.de\/lokales\/ploen\/\" target=\"_blank\" rel=\"noopener\" title=\"https:\/\/www.kn-online.de\/lokales\/ploen\/\" data-vars-event-category=\"intext_link\" data-vars-event-action=\"click\" data-vars-event-label=\"https:\/\/www.kn-online.de\/lokales\/ploen\/\">Pl\u00f6n<\/a> sowie die Instandsetzung der Bahnstrecke zwischen Kiel und Pl\u00f6n im gleichen Zeitraum ablaufen? Und wie lange soll die Bahnstrecke voraussichtlich gesperrt werden? Diese Fragen hatte der Landtagsabgeordnete Niclas D\u00fcrbrook (SPD) in einer kleinen Anfrage an die Landesregierung formuliert. Die Antworten darauf liegen jetzt vor. Die wichtigsten Punkte:<\/p>\n<p>Warum werden B76 und Bahnstrecke Kiel\u2013Pl\u00f6n gleichzeitig gesperrt?<\/p>\n<p class=\"Textstyled__Text-sc-1cqv9mi-0 cLyiiX\">Die beiden gro\u00dfen Projekte \u2013 Fahrbahnsanierung der Bundesstra\u00dfe 76 bei Pl\u00f6n sowie Streckenausbau und Instandhaltung der Bahnstrecke von Kiel nach <a href=\"https:\/\/www.kn-online.de\/themen\/preetz\/\" target=\"_blank\" rel=\"noopener\" title=\"https:\/\/www.kn-online.de\/themen\/preetz\/\" data-vars-event-category=\"intext_link\" data-vars-event-action=\"click\" data-vars-event-label=\"https:\/\/www.kn-online.de\/themen\/preetz\/\">Preetz<\/a> \u2013 waren eigentlich f\u00fcr 2025 geplant, wurden aber verschoben. Seit 2024 laufen Gespr\u00e4che zwischen dem Landesbetrieb Stra\u00dfenbau und Verkehr (LBV) und der <a href=\"https:\/\/www.kn-online.de\/themen\/deutsche-bahn\/\" target=\"_blank\" rel=\"noopener\" title=\"https:\/\/www.kn-online.de\/themen\/deutsche-bahn\/\" data-vars-event-category=\"intext_link\" data-vars-event-action=\"click\" data-vars-event-label=\"https:\/\/www.kn-online.de\/themen\/deutsche-bahn\/\">Deutschen Bahn<\/a> AG, beziehungsweise Nah.SH. Der LBV beteiligte die DB Infra Go im Rahmen des Genehmigungsverfahrens zur B76. Weil zu der Zeit kein verbindlicher Zeitplan f\u00fcr den Ausbau der Bahnstrecke Kiel\u2013Preetz vorlag, hatte die Bahn zu dem Zeitpunkt keine Bedenken angemeldet.<\/p>\n<p>Weiterlesen nach der Anzeige<\/p>\n<p>Weiterlesen nach der Anzeige<\/p>\n<p class=\"Textstyled__Text-sc-1cqv9mi-0 cLyiiX\">Der technische Zustand der Bahnstrecke sei \u2013 wie auch der Zustand der B76 \u2013 inzwischen jedoch so schlecht, dass dringende \u201eInstandhaltungsarbeiten so schnell wie m\u00f6glich\u201c umgesetzt werden m\u00fcssten. Das Zeitfenster f\u00fcr den Bahnstreckenausbau Kiel\u2013Preetz sei begrenzt, um \u00dcberschneidungen mit anderen Gro\u00dfprojekten wie die Hinterlandanbindung Bad Schwartau und die Generalsanierung der Strecke Hamburg\u2013L\u00fcbeck zu vermeiden. <\/p>\n<p>Wie lange wird die Bahnstrecke gesperrt?<\/p>\n<p class=\"Textstyled__Text-sc-1cqv9mi-0 cLyiiX\">Mindestens ein halbes Jahr lang wird die Bahnstrecke zwischen Kiel und Preetz gesperrt. Das teilte das Verkehrsministerium mit. \u201eNach Kenntnis der Landesregierung ist der Ausbau der Bahnstrecke Kiel\u2013Preetz f\u00fcr den Zeitraum Juli bis Dezember 2027 geplant\u201c, hei\u00dft es in der Antwort auf die kleine Anfrage. Zudem werde es voraussichtlich Anfang Juni 2026 und im Februar 2027 jeweils eine Sperrung von einer Woche geben, um Bauarbeiten auf der Strecke zu erledigen, hei\u00dft es weiter. <\/p>\n<p>Wie fahren die Z\u00fcge von Kiel nach L\u00fcbeck?<\/p>\n<p class=\"Textstyled__Text-sc-1cqv9mi-0 cLyiiX\">In dem Zeitraum werden nicht nur die Z\u00fcge zwischen Kiel und Preetz ausfallen. Weil die Bauarbeiten an der Bahnstrecke im Jahr 2027 auch den Bahnhof Preetz betreffen, wird in dem halben Jahr aus Preetz kein Zug abfahren oder am Bahnhof Preetz ankommen. Die Regionalbahnen RE83 und RB84 verkehren in der Zeit ausschlie\u00dflich zwischen <a href=\"https:\/\/www.kn-online.de\/themen\/ascheberg\/\" target=\"_blank\" rel=\"noopener\" title=\"https:\/\/www.kn-online.de\/themen\/ascheberg\/\" data-vars-event-category=\"intext_link\" data-vars-event-action=\"click\" data-vars-event-label=\"https:\/\/www.kn-online.de\/themen\/ascheberg\/\">Ascheberg<\/a> und L\u00fcbeck. <\/p>\n<p>Weiterlesen nach der Anzeige<\/p>\n<p>Weiterlesen nach der Anzeige<\/p>\n<p>Gibt es einen Schienenersatzverkehr?<\/p>\n<p class=\"Textstyled__Text-sc-1cqv9mi-0 cLyiiX\">Ja, w\u00e4hrend der Sperrung der Bahnstrecke zwischen Kiel und dem Bahnhof Preetz im Jahr 2027 soll ein Schienenersatzverkehr mit Bussen eingerichtet werden. Weil parallel jedoch die B76 gesperrt ist, wird es keinen <a href=\"https:\/\/www.kn-online.de\/themen\/verkehr\/\" target=\"_blank\" rel=\"noopener\" title=\"https:\/\/www.kn-online.de\/themen\/verkehr\/\" data-vars-event-category=\"intext_link\" data-vars-event-action=\"click\" data-vars-event-label=\"https:\/\/www.kn-online.de\/themen\/verkehr\/\">Verkehr<\/a> mit Bussen zwischen Pl\u00f6n und Kiel geben. Eine Ausnahme ist der Shuttle f\u00fcr mobilit\u00e4tseingeschr\u00e4nkte Reisende.<\/p>\n<blockquote><p>Kleine Anfrage hat erschreckende Befunde zutage gef\u00f6rdert.<\/p><\/blockquote>\n<p class=\"Quotestyled__Author-sc-q277fq-1 iQZobn\">Niclas D\u00fcrbrook (SPD)<\/p>\n<p class=\"Quotestyled__AuthorDescription-sc-q277fq-2 hQAqgn\">Landtagsabgeordneter<\/p>\n<p>Auf welcher Strecke fahren die Busse?<\/p>\n<p class=\"Textstyled__Text-sc-1cqv9mi-0 cLyiiX\">Der Ersatzverkehr soll auf der Strecke zwischen Kiel und Ascheberg verkehren. Auch die Haltestellen in Preetz sollen mit dem Bus angefahren werden. Zum einen sollen Expressbusse eingesetzt werden. Diese sollen ohne Zwischenhalt \u00fcber die Landesstra\u00dfe 67 und weiter \u00fcber die zur A21 ausgebauten B404 fahren. <\/p>\n<p><img decoding=\"async\" alt=\"\u201eDie lange Sperrung der B76 ist eine enorme Belastung f\u00fcr die gesamte Region\u201c, erkl\u00e4rt der SPD-Landtagsabgeordnete Niclas D\u00fcrbrook.\" loading=\"lazy\"  src=\"https:\/\/www.europesays.com\/de\/wp-content\/uploads\/2025\/12\/5O7FVGXTKBGZZBDNPQQ6PEB5TY.jpg\" \/><\/p>\n<p>Weiterlesen nach der Anzeige<\/p>\n<p>Weiterlesen nach der Anzeige<\/p>\n<p class=\"Textstyled__Text-sc-1cqv9mi-0 cLyiiX\">Diese Expressbusse sollen durch Busse erg\u00e4nzt werden, die auf der Strecke von Aschberg nach Kiel s\u00e4mtliche Orte und Haltestellen bis nach Preetz anfahren. Die Route ist ebenfalls so gew\u00e4hlt, dass der Ersatzverkehr nicht durch die Sperrung der B76 beeintr\u00e4chtigt werden soll. Fahrg\u00e4ste m\u00fcssen sich dennoch auf eine l\u00e4ngere Fahrzeit als mit dem Zug einstellen. <\/p>\n<p>\u201eProblematik der parallelen Sperrung war fr\u00fchzeitig bekannt\u201c<\/p>\n<p class=\"Textstyled__Text-sc-1cqv9mi-0 cLyiiX\">Seine kleine Anfrage habe \u201emehrere interessante, teilweise aber auch wirklich erschreckende Befunde zutage gef\u00f6rdert\u201c, kommentiert der Landtagsabgeordnete D\u00fcrbrook die Antworten der Landesregierung. Besonders irritierend sei f\u00fcr ihn: \u201eDie Problematik der parallelen Sperrung war sowohl der Landesregierung als auch der Deutschen Bahn fr\u00fchzeitig bekannt. Beide Ma\u00dfnahmen wurden sogar bereits nach hinten verschoben \u2013 und dennoch wird eine Entzerrung weiterhin als unm\u00f6glich eingestuft\u201c, erkl\u00e4rt der Abgeordnete aus Ostholstein. <\/p>\n<p class=\"Textstyled__Text-sc-1cqv9mi-0 cLyiiX\">\u201eOffenbar wurden die Sanierungen sowohl an der Bahnstrecke als auch an der B76 so lange aufgeschoben, dass der Zustand inzwischen so marode ist, dass weitere Verz\u00f6gerungen aus Sicht der Landesregierung nicht mehr vertretbar seien. Das ist f\u00fcr die Betroffenen extrem \u00e4rgerlich.\u201c Denn die \u201elange Sperrung der B 76 ist eine enorme Belastung f\u00fcr die gesamte Region.\u201c<\/p>\n<p class=\"Editorialstyled__Editorial-sc-1bfvh9l-0 cSmjnJ\">KN<\/p>\n","protected":false},"excerpt":{"rendered":"Pl\u00f6n\/Preetz. Die Sperrung der Bundesstra\u00dfe 76 zwischen Preetz und Pl\u00f6n steht kurz bevor. Im ersten Bauabschnitt soll die&hellip;\n","protected":false},"author":2,"featured_media":639022,"comment_status":"","ping_status":"","sticky":false,"template":"","format":"standard","meta":{"footnotes":""},"categories":[1852],"tags":[3364,29,548,663,3934,30,13,4949,14,15,12,1971],"class_list":{"0":"post-639021","1":"post","2":"type-post","3":"status-publish","4":"format-standard","5":"has-post-thumbnail","7":"category-kiel","8":"tag-de","9":"tag-deutschland","10":"tag-eu","11":"tag-europa","12":"tag-europe","13":"tag-germany","14":"tag-headlines","15":"tag-kiel","16":"tag-nachrichten","17":"tag-news","18":"tag-schlagzeilen","19":"tag-schleswig-holstein"},"share_on_mastodon":{"url":"https:\/\/pubeurope.com\/@de\/115700702708893346","error":""},"_links":{"self":[{"href":"https:\/\/www.europesays.com\/de\/wp-json\/wp\/v2\/posts\/639021","targetHints":{"allow":["GET"]}}],"collection":[{"href":"https:\/\/www.europesays.com\/de\/wp-json\/wp\/v2\/posts"}],"about":[{"href":"https:\/\/www.europesays.com\/de\/wp-json\/wp\/v2\/types\/post"}],"author":[{"embeddable":true,"href":"https:\/\/www.europesays.com\/de\/wp-json\/wp\/v2\/users\/2"}],"replies":[{"embeddable":true,"href":"https:\/\/www.europesays.com\/de\/wp-json\/wp\/v2\/comments?post=639021"}],"version-history":[{"count":0,"href":"https:\/\/www.europesays.com\/de\/wp-json\/wp\/v2\/posts\/639021\/revisions"}],"wp:featuredmedia":[{"embeddable":true,"href":"https:\/\/www.europesays.com\/de\/wp-json\/wp\/v2\/media\/639022"}],"wp:attachment":[{"href":"https:\/\/www.europesays.com\/de\/wp-json\/wp\/v2\/media?parent=639021"}],"wp:term":[{"taxonomy":"category","embeddable":true,"href":"https:\/\/www.europesays.com\/de\/wp-json\/wp\/v2\/categories?post=639021"},{"taxonomy":"post_tag","embeddable":true,"href":"https:\/\/www.europesays.com\/de\/wp-json\/wp\/v2\/tags?post=639021"}],"curies":[{"name":"wp","href":"https:\/\/api.w.org\/{rel}","templated":true}]}}