{"id":639031,"date":"2025-12-11T11:34:19","date_gmt":"2025-12-11T11:34:19","guid":{"rendered":"https:\/\/www.europesays.com\/de\/639031\/"},"modified":"2025-12-11T11:34:19","modified_gmt":"2025-12-11T11:34:19","slug":"salzbachtalbruecke-offen-aber-weiter-stau-in-wiesbaden","status":"publish","type":"post","link":"https:\/\/www.europesays.com\/de\/639031\/","title":{"rendered":"Salzbachtalbr\u00fccke offen, aber weiter Stau in Wiesbaden"},"content":{"rendered":"<p>Wer in Wiesbaden mit dem Auto unterwegs ist, muss sich in der Regel auf stockenden Verkehr oder Stau einstellen. Wie die Stadtverwaltung gegen\u00fcber Merkurist im Sommer dieses Jahres angab, sei das Verkehrsaufkommen in Wiesbaden generell sehr hoch. Mit den aktuell vielen gleichzeitig stattfindenden Baustellen habe die Stadt die \u201emaximale Belastungsgrenze\u201c erreicht, hie\u00df es aus der st\u00e4dtischen Pressestelle (<a href=\"https:\/\/merkurist.de\/wiesbaden\/verkehrschaos-baustellen-flut-in-wiesbaden-stillstand-auf-strassen_WsJU\" title=\"\" target=\"_blank\" rel=\"noopener\">wir berichteten<\/a>). Zum Stichtag 15. Juli 2025 gab es nach Angaben der Stadt rund 150 Baustellen in Wiesbaden. <\/p>\n<p>Unabh\u00e4ngig davon wurde die Verkehrssituation in den letzten Jahren auch aufgrund des Neubaus der Salzbachtalbr\u00fccke versch\u00e4rft. Dadurch, dass eine wichtige Verkehrsachse pl\u00f6tzlich wegbrach, bahnte sich der Verkehr mitunter mitten durch Wiesbaden seinen Weg. Die Hoffnung bestand nun darin, dass sich der Verkehrsfluss nach der <a href=\"https:\/\/merkurist.de\/wiesbaden\/a66-salzbachtalbruecke-in-wiesbaden-wird-freigegeben-mit-tempolimit_n7tU\" title=\"\" target=\"_blank\" rel=\"noopener\">vollst\u00e4ndigen Freigabe der Br\u00fccke<\/a> wieder normalisieren w\u00fcrde.<\/p>\n<p>Einige bezweifeln jedoch inzwischen, dass tats\u00e4chlich eine Verbesserung eingetreten ist. So stellt Leser Denis die Frage: \u201eWo bleibt die erhoffte Entlastung des Verkehrs in Wiesbaden? Die Innenstadt ist t\u00e4glich von Staus betroffen, und insbesondere stellt sich die Frage, ob die Er\u00f6ffnung der Salzbachtalbr\u00fccke eine signifikante Verbesserung bewirkt hat.\u201c <\/p>\n<p>Bringt Br\u00fccken-\u00d6ffnung Entlastung?<\/p>\n<p>W\u00e4hernd andere Leser kontrovers diskutieren, liefert die Stadt Wiesbaden eine erste, zumindest vorl\u00e4ufige Einsch\u00e4tzung zu dem Thema: \u201eDurch die vollst\u00e4ndige \u00d6ffnung der Salzbachtalbr\u00fccke in diesem Sommer steht Autofahrern eine komfortable Umfahrung der Wiesbadener Innenstadt zur Verf\u00fcgung. Die Entlastungseffekte f\u00fcr die Innenstadt wurden jedoch durch gegenl\u00e4ufige Entwicklungen teilweise ged\u00e4mpft.\u201c Gr\u00fcnde daf\u00fcr seien die anschlie\u00dfenden Baustellen und Sperrungen auf der Autobahn rund um Mainz-Mombach, die sich insbesondere auf das Schiersteiner Kreuz negativ auswirken. <\/p>\n<p>Auch der Wasserrohrbruch auf dem Gustav-Stresemann-Ring habe daf\u00fcr gesorgt, dass der optimale Verkehrsfluss in der Innenstadt nicht erreicht werden konnte. Noch gibt es aber keine verl\u00e4sslichen Zahlen, weshalb man keine weiteren Ausk\u00fcnfte geben k\u00f6nne, teilt die Verwaltung mit.<\/p>\n","protected":false},"excerpt":{"rendered":"Wer in Wiesbaden mit dem Auto unterwegs ist, muss sich in der Regel auf stockenden Verkehr oder Stau&hellip;\n","protected":false},"author":2,"featured_media":639032,"comment_status":"","ping_status":"","sticky":false,"template":"","format":"standard","meta":{"footnotes":""},"categories":[1847],"tags":[3364,29,548,663,3934,30,13,2052,14,15,12,4544],"class_list":{"0":"post-639031","1":"post","2":"type-post","3":"status-publish","4":"format-standard","5":"has-post-thumbnail","7":"category-wiesbaden","8":"tag-de","9":"tag-deutschland","10":"tag-eu","11":"tag-europa","12":"tag-europe","13":"tag-germany","14":"tag-headlines","15":"tag-hessen","16":"tag-nachrichten","17":"tag-news","18":"tag-schlagzeilen","19":"tag-wiesbaden"},"share_on_mastodon":{"url":"https:\/\/pubeurope.com\/@de\/115700725580873481","error":""},"_links":{"self":[{"href":"https:\/\/www.europesays.com\/de\/wp-json\/wp\/v2\/posts\/639031","targetHints":{"allow":["GET"]}}],"collection":[{"href":"https:\/\/www.europesays.com\/de\/wp-json\/wp\/v2\/posts"}],"about":[{"href":"https:\/\/www.europesays.com\/de\/wp-json\/wp\/v2\/types\/post"}],"author":[{"embeddable":true,"href":"https:\/\/www.europesays.com\/de\/wp-json\/wp\/v2\/users\/2"}],"replies":[{"embeddable":true,"href":"https:\/\/www.europesays.com\/de\/wp-json\/wp\/v2\/comments?post=639031"}],"version-history":[{"count":0,"href":"https:\/\/www.europesays.com\/de\/wp-json\/wp\/v2\/posts\/639031\/revisions"}],"wp:featuredmedia":[{"embeddable":true,"href":"https:\/\/www.europesays.com\/de\/wp-json\/wp\/v2\/media\/639032"}],"wp:attachment":[{"href":"https:\/\/www.europesays.com\/de\/wp-json\/wp\/v2\/media?parent=639031"}],"wp:term":[{"taxonomy":"category","embeddable":true,"href":"https:\/\/www.europesays.com\/de\/wp-json\/wp\/v2\/categories?post=639031"},{"taxonomy":"post_tag","embeddable":true,"href":"https:\/\/www.europesays.com\/de\/wp-json\/wp\/v2\/tags?post=639031"}],"curies":[{"name":"wp","href":"https:\/\/api.w.org\/{rel}","templated":true}]}}