{"id":639042,"date":"2025-12-11T11:40:16","date_gmt":"2025-12-11T11:40:16","guid":{"rendered":"https:\/\/www.europesays.com\/de\/639042\/"},"modified":"2025-12-11T11:40:16","modified_gmt":"2025-12-11T11:40:16","slug":"mit-messer-bewaffnet-mann-ueberfaellt-bank-in-muenster","status":"publish","type":"post","link":"https:\/\/www.europesays.com\/de\/639042\/","title":{"rendered":"Mit Messer bewaffnet: Mann \u00fcberf\u00e4llt Bank in M\u00fcnster"},"content":{"rendered":"<p>Keine Beute und jetzt in Untersuchungshaft: In M\u00fcnster ist der Plan eines Kriminellen nicht aufgegangen.\u00a0<\/p>\n<p>M\u00fcnster (gl) &#8211; Ein 32-j\u00e4hriger Mann hat am Dienstagvormittag versucht, eine Bankfiliale in der K\u00f6nigsstra\u00dfe in M\u00fcnster zu \u00fcberfallen. Wie die Polizei mitteilte, betrat der Mann gegen 11.09 Uhr die Bank und forderte unter Vorhalt eines langen K\u00fcchenmessers von einer Mitarbeiterin Bargeld. Die Angestellte holte sich Unterst\u00fctzung bei Kollegen, w\u00e4hrend weitere Zeugen sofort die Polizei verst\u00e4ndigten.<\/p>\n<p class=\"contextmenu caption\">Haftbefehl erlassen<\/p>\n<p>Da der T\u00e4ter kein Geld erhielt, fl\u00fcchtete er zu Fu\u00df aus der Filiale. Dank der schnellen Hinweise der Bankmitarbeitenden konnten Polizisten den Tatverd\u00e4chtigen noch in der N\u00e4he des Tatortes festnehmen. Bei dem versuchten Raub wurde niemand verletzt.<\/p>\n<p>Am folgenden Tag erlie\u00df ein Richter auf Antrag der Staatsanwaltschaft Haftbefehl gegen den 32-j\u00e4hrigen deutschen Staatsb\u00fcrger.<\/p>\n<p>Texte und Fotos von die-glocke.de sind urheberrechtlich gesch\u00fctzt.<br \/>\n            Weiterverwendung nur mit Genehmigung der Chefredaktion.<\/p>\n","protected":false},"excerpt":{"rendered":"Keine Beute und jetzt in Untersuchungshaft: In M\u00fcnster ist der Plan eines Kriminellen nicht aufgegangen.\u00a0 M\u00fcnster (gl) &#8211;&hellip;\n","protected":false},"author":2,"featured_media":639043,"comment_status":"","ping_status":"","sticky":false,"template":"","format":"standard","meta":{"footnotes":""},"categories":[1843],"tags":[150663,3364,29,30,46752,1980,8970,1209],"class_list":{"0":"post-639042","1":"post","2":"type-post","3":"status-publish","4":"format-standard","5":"has-post-thumbnail","7":"category-muenster","8":"tag-bankraub","9":"tag-de","10":"tag-deutschland","11":"tag-germany","12":"tag-kuechenmesser","13":"tag-mann","14":"tag-muenster","15":"tag-nordrhein-westfalen"},"share_on_mastodon":{"url":"","error":""},"_links":{"self":[{"href":"https:\/\/www.europesays.com\/de\/wp-json\/wp\/v2\/posts\/639042","targetHints":{"allow":["GET"]}}],"collection":[{"href":"https:\/\/www.europesays.com\/de\/wp-json\/wp\/v2\/posts"}],"about":[{"href":"https:\/\/www.europesays.com\/de\/wp-json\/wp\/v2\/types\/post"}],"author":[{"embeddable":true,"href":"https:\/\/www.europesays.com\/de\/wp-json\/wp\/v2\/users\/2"}],"replies":[{"embeddable":true,"href":"https:\/\/www.europesays.com\/de\/wp-json\/wp\/v2\/comments?post=639042"}],"version-history":[{"count":0,"href":"https:\/\/www.europesays.com\/de\/wp-json\/wp\/v2\/posts\/639042\/revisions"}],"wp:featuredmedia":[{"embeddable":true,"href":"https:\/\/www.europesays.com\/de\/wp-json\/wp\/v2\/media\/639043"}],"wp:attachment":[{"href":"https:\/\/www.europesays.com\/de\/wp-json\/wp\/v2\/media?parent=639042"}],"wp:term":[{"taxonomy":"category","embeddable":true,"href":"https:\/\/www.europesays.com\/de\/wp-json\/wp\/v2\/categories?post=639042"},{"taxonomy":"post_tag","embeddable":true,"href":"https:\/\/www.europesays.com\/de\/wp-json\/wp\/v2\/tags?post=639042"}],"curies":[{"name":"wp","href":"https:\/\/api.w.org\/{rel}","templated":true}]}}