{"id":639059,"date":"2025-12-11T11:50:20","date_gmt":"2025-12-11T11:50:20","guid":{"rendered":"https:\/\/www.europesays.com\/de\/639059\/"},"modified":"2025-12-11T11:50:20","modified_gmt":"2025-12-11T11:50:20","slug":"usa-richter-trump-muss-einsatz-der-nationalgarde-in-l-a-beenden-politik","status":"publish","type":"post","link":"https:\/\/www.europesays.com\/de\/639059\/","title":{"rendered":"USA &#8211; Richter: Trump muss Einsatz der Nationalgarde in L. A. beenden &#8211; Politik"},"content":{"rendered":"<p>Hegseth unterst\u00fctzt t\u00f6dlichen Angriff auf wehrlose mutma\u00dfliche Drogenschmuggler \u201evoll und ganz\u201cVerteidigungsminister Pete Hegseth hat seine Haltung zur T\u00f6tung von zwei wehr- und hilflosen mutma\u00dflicher Drogenschmugglern durch Luftangriffe auf ein Boot vor der venezolanischen K\u00fcste im September klargestellt. \u201eNach meinem damaligen und heutigen Verst\u00e4ndnis unterst\u00fctze ich diesen Angriff voll und ganz\u201c, sagte Hegseth am Samstag. \u201eIch h\u00e4tte genauso gehandelt.\u201c Es geht um die Vernichtung eines bereits durch einen ersten Luftangriff zerst\u00f6rten Bootes, an dessen Wrackteile sich zwei \u00dcberlebende festgehalten hatten. Auf Kritik daran hatte Hegseth zuvor erkl\u00e4rt, er h\u00e4tte entsprechende Befehle nicht selbst gegeben, sondern Admiral Frank Bradley. Mit seinen \u00c4u\u00dferungen auf dem Reagan Defense Forum in Simi Valley, Kalifornien, hat er sich jetzt eindeutig hinter den Admiral gestellt.\u00a0Die T\u00f6tung der beiden \u00dcberlebenden eines ersten Angriffs hatte zu Vorw\u00fcrfen m\u00f6glicher Kriegsverbrechen gef\u00fchrt. Die US-Armee hat inzwischen fast zwei Dutzend Angriffe auf Boote in der Karibik und im Pazifik ausgef\u00fchrt. Die Ma\u00dfnahmen haben Kritik durch die Demokraten, aber auch durch republikanische Politiker ausgel\u00f6st. Senator Thom Tillis, ein Republikaner, dessen Stimme im Januar f\u00fcr Hegseths knappe Best\u00e4tigung ausschlaggebend war und der aus dem Kongress ausscheidet, nannte Bloomberg zufolge den zweiten Angriff \u201eeinen Versto\u00df gegen ethische, moralische und rechtliche Grunds\u00e4tze\u201c.\u00a0<\/p>\n<p>Hegseth erkl\u00e4rte: \u201eDie Zeiten, in denen diese Narco-Terroristen, die als Terrororganisationen eingestuft sind, in unserer Hemisph\u00e4re ungehindert operieren konnten, sind vorbei.\u201c Er verglich die Drogenschmuggler mit dem Terrornetzwerk al-Qaida. \u201eWir jagen sie mit derselben Raffinesse und Pr\u00e4zision, mit der wir al-Qaida gejagt haben.\u201c Die USA w\u00fcrden die Drogenschmuggler so lange t\u00f6ten, wie diese Amerikaner mit Drogen vergifteten, die so t\u00f6dlich w\u00e4ren, dass sie chemischen Waffen gleichk\u00e4men. Demokratische Abgeordnete, die das Video des Angriffs auf die \u00dcberlebenden des Luftangriffs gesehen haben, fordern dessen vollst\u00e4ndige Ver\u00f6ffentlichung. Pr\u00e4sident Donald Trump will damit warten, bis es den Kongressabgeordneten gezeigt worden ist, berichtet dpa.\u00a0<\/p>\n","protected":false},"excerpt":{"rendered":"Hegseth unterst\u00fctzt t\u00f6dlichen Angriff auf wehrlose mutma\u00dfliche Drogenschmuggler \u201evoll und ganz\u201cVerteidigungsminister Pete Hegseth hat seine Haltung zur T\u00f6tung&hellip;\n","protected":false},"author":2,"featured_media":9585,"comment_status":"","ping_status":"","sticky":false,"template":"","format":"standard","meta":{"footnotes":""},"categories":[3977],"tags":[331,332,147,13,148,14,15,16,12,149,4017,4018,4016,64,4019,4020],"class_list":{"0":"post-639059","1":"post","2":"type-post","3":"status-publish","4":"format-standard","5":"has-post-thumbnail","7":"category-usa","8":"tag-aktuelle-nachrichten","9":"tag-aktuelle-news","10":"tag-ausland","11":"tag-headlines","12":"tag-leserdiskussion","13":"tag-nachrichten","14":"tag-news","15":"tag-politik","16":"tag-schlagzeilen","17":"tag-sueddeutsche-zeitung","18":"tag-united-states","19":"tag-united-states-of-america","20":"tag-us","21":"tag-usa","22":"tag-vereinigte-staaten","23":"tag-vereinigte-staaten-von-amerika"},"share_on_mastodon":{"url":"https:\/\/pubeurope.com\/@de\/115700788551523396","error":""},"_links":{"self":[{"href":"https:\/\/www.europesays.com\/de\/wp-json\/wp\/v2\/posts\/639059","targetHints":{"allow":["GET"]}}],"collection":[{"href":"https:\/\/www.europesays.com\/de\/wp-json\/wp\/v2\/posts"}],"about":[{"href":"https:\/\/www.europesays.com\/de\/wp-json\/wp\/v2\/types\/post"}],"author":[{"embeddable":true,"href":"https:\/\/www.europesays.com\/de\/wp-json\/wp\/v2\/users\/2"}],"replies":[{"embeddable":true,"href":"https:\/\/www.europesays.com\/de\/wp-json\/wp\/v2\/comments?post=639059"}],"version-history":[{"count":0,"href":"https:\/\/www.europesays.com\/de\/wp-json\/wp\/v2\/posts\/639059\/revisions"}],"wp:featuredmedia":[{"embeddable":true,"href":"https:\/\/www.europesays.com\/de\/wp-json\/wp\/v2\/media\/9585"}],"wp:attachment":[{"href":"https:\/\/www.europesays.com\/de\/wp-json\/wp\/v2\/media?parent=639059"}],"wp:term":[{"taxonomy":"category","embeddable":true,"href":"https:\/\/www.europesays.com\/de\/wp-json\/wp\/v2\/categories?post=639059"},{"taxonomy":"post_tag","embeddable":true,"href":"https:\/\/www.europesays.com\/de\/wp-json\/wp\/v2\/tags?post=639059"}],"curies":[{"name":"wp","href":"https:\/\/api.w.org\/{rel}","templated":true}]}}