{"id":63906,"date":"2025-04-26T22:45:34","date_gmt":"2025-04-26T22:45:34","guid":{"rendered":"https:\/\/www.europesays.com\/de\/63906\/"},"modified":"2025-04-26T22:45:34","modified_gmt":"2025-04-26T22:45:34","slug":"70-000-euro-sachschaden-bei-unfall-in-bottrop","status":"publish","type":"post","link":"https:\/\/www.europesays.com\/de\/63906\/","title":{"rendered":"70.000 Euro Sachschaden bei Unfall in Bottrop"},"content":{"rendered":"<p>\t\tUnfall hinterl\u00e4sst Tr\u00fcmmerfeld in Bottrop<br \/>\n\t\t\t\t\t18-J\u00e4hriger fliegt mit vollbesetztem Pkw aus Kurve<\/p>\n<p>\t25.04.2025 07:00 Uhr<\/p>\n<p>\t\tTeilen<\/p>\n<p>\n\tIn Merkliste \u00fcbernehmen\n<\/p>\n<p>    <a href=\"https:\/\/www.recklinghaeuser-zeitung.de\/wp-content\/uploads\/2025\/04\/24\/16\/630_0900_4663353_urn_newsml_dpa_com_20090101_250422_935_-1648x824.jpg\" rel=\"nofollow noopener\" target=\"_blank\"><\/p>\n<p>            <img decoding=\"async\" fetchpriority=\"high\" src=\"https:\/\/www.europesays.com\/de\/wp-content\/uploads\/2025\/04\/630_0900_4663352_urn_newsml_dpa_com_20090101_250422_935_-640x428.jpg\" width=\"640\" height=\"428\"  alt=\"Auf einem Polizeifahrzeug warnt eine Leuchtschrift vor einer Unfallstelle.\"\/><\/p>\n<p>    <\/a><br \/>\n    Ein 18-J\u00e4hriger hat in Bottrop bei einem Unfall eine Schneise der Verw\u00fcstung hinterlassen. (Symbolbild) \u00a9 Stefan Puchner\/dpa<\/p>\n<p class=\"article__teaser-text\">Ein junger Autofahrer hat in Bottrop einen Unfall mit hohem Schaden verursacht. Mit sechs Fahrzeuginsassen verlor er in einer Kurve die Kontrolle \u00fcber das Auto.<\/p>\n<p>1 Min Lesezeit<\/p>\n<p>Ein Fahranf\u00e4nger hat am Mittwochabend (23.4.) in Bottrop einen folgenreichen Unfall verursacht. Wie die <a target=\"_blank\" href=\"https:\/\/www.recklinghaeuser-zeitung.de\/blaulicht-recklinghausen\/\" data-imported=\"1\" rel=\"nofollow noopener\">Kreispolizei Recklinghausen<\/a> mitteilt, war der 18-J\u00e4hrige gegen 19.40 Uhr mit seinem Auto und sechs weiteren Fahrzeuginsassen auf der Wilhelm-Tenhagen-Stra\u00dfe unterwegs.<\/p>\n<p>In einer Kurve soll der junge Fahrer die Kontrolle \u00fcber sein Fahrzeug verloren haben. Das Auto prallte zun\u00e4chst gegen den Bordstein, dann gegen gr\u00f6\u00dfere Steine am Fahrbahnrand und schlie\u00dflich gegen das Zufahrtstor zu einem Firmengel\u00e4nde.<\/p>\n<p>\t\t<a href=\"https:\/\/www.recklinghaeuser-zeitung.de\/kreis-re\/kreis-recklinghausen-polizei-sondereinsatz-raser-und-illegale-tuner-verfolgung-w1023299-6000961576\/\" rel=\"nofollow noopener\" aria-hidden=\"true\" tabindex=\"-1\" target=\"_blank\"><\/p>\n<p>                <img decoding=\"async\" src=\"https:\/\/www.europesays.com\/de\/wp-content\/uploads\/2025\/04\/630_0900_4200827_rzl_polizeiautokontrollen-160x160.jpg\"  width=\"160\" height=\"160\" alt=\"\" loading=\"lazy\"\/><\/p>\n<p>\t\t<\/a><\/p>\n<p>Gl\u00fccklicherweise blieben alle Fahrzeuginsassen unverletzt. Der Unfall hinterlie\u00df jedoch nach Angaben der Polizei ein gr\u00f6\u00dferes Tr\u00fcmmerfeld entlang der Stra\u00dfe. Und auch der entstandene Schaden ist enorm: Der Sachschaden bel\u00e4uft sich nach Sch\u00e4tzungen der Polizei auf rund 70.000 Euro.<\/p>\n<p>Das Unfallfahrzeug wurde von den Beamten sichergestellt, um den genauen Unfallhergang weiter zu untersuchen.<\/p>\n<p>\n\t<a href=\"https:\/\/www.recklinghaeuser-zeitung.de\" class=\"button button--brand button--link home-button\" rel=\"nofollow noopener\" target=\"_blank\">Zur Startseite<\/a><\/p>\n","protected":false},"excerpt":{"rendered":"Unfall hinterl\u00e4sst Tr\u00fcmmerfeld in Bottrop 18-J\u00e4hriger fliegt mit vollbesetztem Pkw aus Kurve 25.04.2025 07:00 Uhr Teilen In Merkliste&hellip;\n","protected":false},"author":2,"featured_media":63907,"comment_status":"","ping_status":"","sticky":false,"template":"","format":"standard","meta":{"footnotes":""},"categories":[1834],"tags":[1950,3364,29,3688,30,1209,1284],"class_list":{"0":"post-63906","1":"post","2":"type-post","3":"status-publish","4":"format-standard","5":"has-post-thumbnail","7":"category-essen","8":"tag-blaulicht","9":"tag-de","10":"tag-deutschland","11":"tag-essen","12":"tag-germany","13":"tag-nordrhein-westfalen","14":"tag-unfall"},"share_on_mastodon":{"url":"https:\/\/pubeurope.com\/@de\/114406695146998980","error":""},"_links":{"self":[{"href":"https:\/\/www.europesays.com\/de\/wp-json\/wp\/v2\/posts\/63906","targetHints":{"allow":["GET"]}}],"collection":[{"href":"https:\/\/www.europesays.com\/de\/wp-json\/wp\/v2\/posts"}],"about":[{"href":"https:\/\/www.europesays.com\/de\/wp-json\/wp\/v2\/types\/post"}],"author":[{"embeddable":true,"href":"https:\/\/www.europesays.com\/de\/wp-json\/wp\/v2\/users\/2"}],"replies":[{"embeddable":true,"href":"https:\/\/www.europesays.com\/de\/wp-json\/wp\/v2\/comments?post=63906"}],"version-history":[{"count":0,"href":"https:\/\/www.europesays.com\/de\/wp-json\/wp\/v2\/posts\/63906\/revisions"}],"wp:featuredmedia":[{"embeddable":true,"href":"https:\/\/www.europesays.com\/de\/wp-json\/wp\/v2\/media\/63907"}],"wp:attachment":[{"href":"https:\/\/www.europesays.com\/de\/wp-json\/wp\/v2\/media?parent=63906"}],"wp:term":[{"taxonomy":"category","embeddable":true,"href":"https:\/\/www.europesays.com\/de\/wp-json\/wp\/v2\/categories?post=63906"},{"taxonomy":"post_tag","embeddable":true,"href":"https:\/\/www.europesays.com\/de\/wp-json\/wp\/v2\/tags?post=63906"}],"curies":[{"name":"wp","href":"https:\/\/api.w.org\/{rel}","templated":true}]}}