{"id":639062,"date":"2025-12-11T11:52:21","date_gmt":"2025-12-11T11:52:21","guid":{"rendered":"https:\/\/www.europesays.com\/de\/639062\/"},"modified":"2025-12-11T11:52:21","modified_gmt":"2025-12-11T11:52:21","slug":"yb-kann-gegen-lille-nicht-im-franzoesischen-tv-gezeigt-werden","status":"publish","type":"post","link":"https:\/\/www.europesays.com\/de\/639062\/","title":{"rendered":"YB kann gegen Lille nicht im franz\u00f6sischen TV gezeigt werden"},"content":{"rendered":"<ul style=\"padding-left:1em\">\n<li>Das Europa-League-Spiel YB gegen Lille wird in Frankreich nicht im TV gezeigt.<\/li>\n<li>Grund daf\u00fcr ist YBs Trikotsponsor Plus500.<\/li>\n<li>Franz\u00f6sische Gesetze verbieten Werbung f\u00fcr risikoreiche Finanzprodukte.<\/li>\n<li>Der Sender Canal+ riskiert eine hohe Geldstrafe bei einer \u00dcbertragung.<\/li>\n<\/ul>\n<p type=\"textBlockArray\" class=\"sc-e17c7982-2 hoDElN\">Am Donnerstagabend (ab 18.45 live im Ticker bei uns) geht die <a href=\"https:\/\/www.20min.ch\/story\/petition-yb-schlaeger-ist-lehrer-jetzt-setzen-schueler-sich-ein-fuer-ihn-103464178\" rel=\"nofollow noopener\" target=\"_blank\">internationale Kampagne der Young Boys<\/a> mit dem Heimspiel gegen die OSC Lille weiter. Das Kr\u00e4ftemessen der Berner mit dem franz\u00f6sischen Top-Club in der Europa League wird in Frankreich allerdings nicht im Live-TV zu sehen sein.<\/p>\n<p type=\"textBlockArray\" class=\"sc-e17c7982-2 hoDElN\">Der Sender Canal+ besitzt im Schweizer Nachbarland zwar eigentlich die \u00dcbertragungsrechte f\u00fcr die europ\u00e4ischen Pokalwettbewerbe, soll aber Lille mitgeteilt haben, die Partie gegen YB nicht \u00fcbertragen zu d\u00fcrfen. Grund daf\u00fcr ist der Trikotsponsor der Berner.<\/p>\n<p>YB gegen Lille: Mattscheibe in Frankreich<\/p>\n<p type=\"textBlockArray\" class=\"sc-e17c7982-2 hoDElN\">Plus500 ziert seit 2020 die Brust von YB. Dabei handelt es sich um ein Unternehmen, das Investmentdienstleistungen anbietet, insbesondere Finanzprodukte, die teilweise als hoch riskant eingestuft werden.\u00a0\u00dcber die Handelsplattform k\u00f6nnen Finanzinstrumente wie Kryptow\u00e4hrungen, Aktien und ETFs gehandelt werden.<\/p>\n<p type=\"textBlockArray\" class=\"sc-e17c7982-2 hoDElN\">Die franz\u00f6sische Gesetzgebung verbietet seit 2016 jegliche direkte oder indirekte Werbung f\u00fcr jene Art von Sponsoren, wenn sie f\u00fcr die \u00d6ffentlichkeit sichtbar sind. Dies gilt auch f\u00fcr Sportwettbewerbe wie die Europa League.<\/p>\n<p><img loading=\"lazy\" decoding=\"async\" src=\"https:\/\/www.europesays.com\/de\/wp-content\/uploads\/2025\/12\/fca4c9ac-eaef-406f-baaa-281e5896a9c9.jpg\" alt=\"Der Sponsor auf dem Berner Leibchen d\u00fcrfte die Ausstrahlung von Lille gegen YB in Frankreich verhindern.\" title=\"Der Sponsor auf dem Berner Leibchen d\u00fcrfte die Ausstrahlung von Lille gegen YB in Frankreich verhindern.\"  width=\"1200\" height=\"800\"\/>Der Sponsor auf dem Berner Leibchen d\u00fcrfte die Ausstrahlung von Lille gegen YB in Frankreich verhindern.Claudio De Capitani\/freshfocus<\/p>\n<p type=\"textBlockArray\" class=\"sc-e17c7982-2 hoDElN\">Die \u00dcbertragung eines Spiels mit dem Logo \u00abPlus500\u00bb auf den Trikots w\u00fcrde daher einer verbotenen Werbung gleichkommen: ein Verstoss, den sich Canal+ nicht leisten kann, da ihm sonst eine Geldstrafe in H\u00f6he von bis zu 100.000 \u20ac drohen soll.<\/p>\n<p>Auch gegen Lyon droht das Gleiche<\/p>\n<p type=\"textBlockArray\" class=\"sc-e17c7982-2 hoDElN\">Seit der Auslosung der Ligaphase habe der Sender erfolglos nach einer M\u00f6glichkeit gesucht, das Trikotsponsor-Hindernis zu umgehen. Auch eine phasenweise Zensur des Sponsors im Live-TV sei technisch nicht umsetzbar. Weil im Januar auch Olympique Lyon eine Partie in der Europa League in Bern gegen YB bestreiten wird, d\u00fcrften die franz\u00f6sischen Fussballfans auch dann in die R\u00f6hre schauen.<\/p>\n<p type=\"textBlockArray\" class=\"sc-e17c7982-2 hoDElN\">Gegen\u00fcber 20 Minuten l\u00e4sst YB mitteilen: \u00abWir wissen, dass diesbez\u00fcglich die gesetzlichen Vorgaben in der Schweiz und in Frankreich unterschiedlich sind. Gem\u00e4ss unserer Vereinbarung hat Plus500 am Donnerstag das Recht auf Pr\u00e4senz auf den YB-Trikots.\u00bb<\/p>\n<p>Wie stehst du dazu, wenn risikoreiche Finanzprodukte auf Sporttrikots beworben werden?<\/p>\n<p><a href=\"https:\/\/www.20min.ch\/autoren\/26970202\/florian-gnagi\" class=\"sc-b1f21c84-2 egfiIF\" rel=\"nofollow noopener\" target=\"_blank\"><img decoding=\"async\" alt=\"Florian Gn\u00e4gi\" src=\"https:\/\/www.europesays.com\/de\/wp-content\/uploads\/2025\/12\/3e03d3a7-377f-414c-8b32-e2e093b00a87.jpeg\" class=\"sc-b1f21c84-1 iTOvpR\"\/><\/a><\/p>\n<p class=\"sc-f19a47c0-1 jKqFcj\">Florian Gn\u00e4gi (flo) arbeitet seit 2021 f\u00fcr 20 Minuten im Ressort Sport. Seine gr\u00f6sste Expertise hat er auf den Themengebieten Fussball und Tennis.<\/p>\n","protected":false},"excerpt":{"rendered":"Das Europa-League-Spiel YB gegen Lille wird in Frankreich nicht im TV gezeigt. Grund daf\u00fcr ist YBs Trikotsponsor Plus500.&hellip;\n","protected":false},"author":2,"featured_media":639063,"comment_status":"","ping_status":"","sticky":false,"template":"","format":"standard","meta":{"footnotes":""},"categories":[3974],"tags":[331,332,548,663,3934,3980,156,13,14,15,12],"class_list":{"0":"post-639062","1":"post","2":"type-post","3":"status-publish","4":"format-standard","5":"has-post-thumbnail","7":"category-frankreich","8":"tag-aktuelle-nachrichten","9":"tag-aktuelle-news","10":"tag-eu","11":"tag-europa","12":"tag-europe","13":"tag-france","14":"tag-frankreich","15":"tag-headlines","16":"tag-nachrichten","17":"tag-news","18":"tag-schlagzeilen"},"share_on_mastodon":{"url":"https:\/\/pubeurope.com\/@de\/115700796661795044","error":""},"_links":{"self":[{"href":"https:\/\/www.europesays.com\/de\/wp-json\/wp\/v2\/posts\/639062","targetHints":{"allow":["GET"]}}],"collection":[{"href":"https:\/\/www.europesays.com\/de\/wp-json\/wp\/v2\/posts"}],"about":[{"href":"https:\/\/www.europesays.com\/de\/wp-json\/wp\/v2\/types\/post"}],"author":[{"embeddable":true,"href":"https:\/\/www.europesays.com\/de\/wp-json\/wp\/v2\/users\/2"}],"replies":[{"embeddable":true,"href":"https:\/\/www.europesays.com\/de\/wp-json\/wp\/v2\/comments?post=639062"}],"version-history":[{"count":0,"href":"https:\/\/www.europesays.com\/de\/wp-json\/wp\/v2\/posts\/639062\/revisions"}],"wp:featuredmedia":[{"embeddable":true,"href":"https:\/\/www.europesays.com\/de\/wp-json\/wp\/v2\/media\/639063"}],"wp:attachment":[{"href":"https:\/\/www.europesays.com\/de\/wp-json\/wp\/v2\/media?parent=639062"}],"wp:term":[{"taxonomy":"category","embeddable":true,"href":"https:\/\/www.europesays.com\/de\/wp-json\/wp\/v2\/categories?post=639062"},{"taxonomy":"post_tag","embeddable":true,"href":"https:\/\/www.europesays.com\/de\/wp-json\/wp\/v2\/tags?post=639062"}],"curies":[{"name":"wp","href":"https:\/\/api.w.org\/{rel}","templated":true}]}}