{"id":639083,"date":"2025-12-11T12:07:18","date_gmt":"2025-12-11T12:07:18","guid":{"rendered":"https:\/\/www.europesays.com\/de\/639083\/"},"modified":"2025-12-11T12:07:18","modified_gmt":"2025-12-11T12:07:18","slug":"neues-jahr-alte-probleme-warum-viele-handwerksbetriebe-genau-jetzt-ihre-organisation","status":"publish","type":"post","link":"https:\/\/www.europesays.com\/de\/639083\/","title":{"rendered":"Neues Jahr, alte Probleme: Warum viele Handwerksbetriebe genau jetzt ihre Organisation &#8230;"},"content":{"rendered":"<p class=\"date\">11.12.2025 \u2013 13:00<\/p>\n<p class=\"customer\">\n                        <a class=\"story-customer\" title=\"weiter zum newsroom von A&amp;M Unternehmerberatung GmbH\" href=\"https:\/\/www.presseportal.de\/nr\/157452\" rel=\"nofollow noopener\" target=\"_blank\">A&amp;M Unternehmerberatung GmbH<\/a>\n                    <\/p>\n<p><a class=\"glightbox event-trigger\" href=\"https:\/\/cache.pressmailing.net\/thumbnail\/story_hires\/0b03f0ba-01c9-4397-b375-fc9feb7f0066\/Alexander-Thieme-4%20(1).jpg.jpg\" data-description=\"Alexander Thieme \/ Weiterer Text \u00fcber ots und www.presseportal.de\/nr\/157452 \/ Die Verwendung dieses Bildes f\u00fcr redaktionelle Zwecke ist unter Beachtung aller mitgeteilten Nutzungsbedingungen zul\u00e4ssig und dann auch honorarfrei. Ver\u00f6ffentlichung ausschlie\u00dflich mit Bildrechte-Hinweis.\" data-category=\"medialightbox\" data-action=\"click\" data-label=\"single\" data-value=\"69317c15270000fd2c280944\" rel=\"nofollow noopener\" target=\"_blank\"><img decoding=\"async\" height=\"540\" with=\"720\" src=\"https:\/\/www.europesays.com\/de\/wp-content\/uploads\/2025\/12\/neues-jahr-alte-probleme-warum-viele-handwerksbetriebe-genau-jetzt-ihre-organisation-umstellen-sollt.jpeg\"   alt=\"Neues Jahr, alte Probleme: Warum viele Handwerksbetriebe genau jetzt ihre Organisation umstellen sollten\" class=\"single\"\/><\/a><\/p>\n<p><a data-category=\"citylink-story-view\" data-action=\"click\" data-label=\"Citylink in Meldungsansicht\" class=\"story-city event-trigger\" href=\"https:\/\/www.presseportal.de\/regional\/Hannover\" title=\"News aus Hannover \" rel=\"nofollow noopener\" target=\"_blank\">Hannover<\/a> (ots)<\/p>\n<p> Neues Jahr, alte Probleme: chaotische Abl\u00e4ufe, Termin\u00fcberlastung, fehlende Digitalisierung und ein st\u00e4ndig wachsender Papierberg. W\u00e4hrend die Auftragsb\u00fccher voll sind, bremsen interne Strukturen den ganzen Betrieb aus. Viele Inhaber merken: So l\u00e4sst sich der Alltag kaum noch stemmen. Genau jetzt ist der Moment, die Organisation neu aufzustellen, bevor der Druck endg\u00fcltig \u00fcberrollt. <\/p>\n<p> Viele Betriebe stecken in einer Endlos-Schleife aus Stress und Improvisation. Wer jetzt mutig umstellt, Prozesse digitalisiert und klare Strukturen schafft, arbeitet 2026 nicht nur entspannter, sondern auch profitabler. Ohne Struktur geht es heute einfach nicht mehr. Dieser Beitrag zeigt, warum Handwerksbetriebe den Jahreswechsel nutzen sollten. <\/p>\n<p><b>Der \u201erichtige Zeitpunkt\u201c entsteht nie von selbst<\/b><\/p>\n<p> Im Handwerk h\u00f6rt man h\u00e4ufig die gleiche Antwort, wenn es um die eigene Organisation geht: \u201eGerade habe ich keine Zeit daf\u00fcr.\u201c Dieser Satz f\u00e4llt fast automatisch, denn der Alltag ist gepr\u00e4gt von Termindruck, Kundenanfragen und einer vollen Auftragslage. Doch genau diese Reaktion zeigt das Grundproblem. Weil das Tagesgesch\u00e4ft immer Priorit\u00e4t hat, entsteht nie der Moment, an dem man in Ruhe Strukturen \u00fcberdenken k\u00f6nnte. Solange noch alles irgendwie funktioniert, wirkt das Thema nicht dringend, obwohl die Belastung stetig steigt. <\/p>\n<p> Gleichzeitig ver\u00e4ndert sich das Umfeld deutlich. Betriebe m\u00fcssen sich zunehmend gegen\u00fcber gro\u00dfen Unternehmen oder sehr professionell gef\u00fchrten Konkurrenten behaupten. Dort sind Abl\u00e4ufe klar definiert, digital unterst\u00fctzt und deutlich weniger fehleranf\u00e4llig. Teams arbeiten dadurch wesentlich produktiver, was langfristig einen Wettbewerbsvorteil schafft. Der Abstand w\u00e4chst, je l\u00e4nger kleinere Betriebe an improvisierten Strukturen festhalten. <\/p>\n<p><b>Kommunikation als untersch\u00e4tzter Engpass<\/b><\/p>\n<p> Besonders sichtbar wird dieser R\u00fcckstand bei der internen Kommunikation. Informationen erreichen oft nicht die Personen, die sie ben\u00f6tigen, oder kommen versp\u00e4tet an. Dadurch entstehen Fehler, unn\u00f6tige Fahrten und R\u00fcckfragen, die Zeit kosten und die Abl\u00e4ufe belasten. Wenn man diese St\u00f6rungen einmal vollst\u00e4ndig eliminieren k\u00f6nnte, h\u00e4tte das sofort sp\u00fcrbare Auswirkungen auf Qualit\u00e4t und Arbeitsbelastung. Digitale Werkzeuge und klare Prozesse sorgen daf\u00fcr, dass Informationen verl\u00e4sslich zur Verf\u00fcgung stehen und Missverst\u00e4ndnisse seltener auftreten. <\/p>\n<p> Viele Betriebe untersch\u00e4tzen, wie sehr diese organisatorischen Details die Zufriedenheit der Mitarbeitenden beeinflussen. Je strukturierter ein Betrieb arbeitet, desto angenehmer wird der Alltag. Fehlende Ordnung hingegen f\u00fchrt schnell zu Frust, weil Aufgaben doppelt erledigt werden m\u00fcssen oder wichtige Hinweise nicht vorliegen. Mitarbeitende orientieren sich zunehmend an Betrieben, in denen solche Probleme nicht auftreten. <\/p>\n<p><b>Warum der Jahreswechsel eine einmalige Chance bietet<\/b><\/p>\n<p> Trotz der Vorteile f\u00e4llt es vielen schwer, Ver\u00e4nderungen anzugehen. Das liegt vor allem daran, dass der Betriebsalltag kaum Raum f\u00fcr grundlegende Entscheidungen l\u00e4sst. Rund um Weihnachten und den Jahreswechsel entspannt sich die Lage hingegen sp\u00fcrbar. Termine nehmen ab, Baustellen ruhen teilweise, und von au\u00dfen kommt weniger Druck. Dadurch entsteht eine seltene Gelegenheit, innezuhalten, Prozesse zu \u00fcberdenken und neue Strukturen anzusto\u00dfen. <\/p>\n<p> Wer diese Phase nutzt, schafft eine Grundlage, auf der sich das kommende Jahr deutlich stabiler gestalten l\u00e4sst. Gleichzeitig f\u00e4llt der Einstieg leichter, weil moderne digitale Werkzeuge und KI viele Schritte vereinfachen. Wer jedoch weiterhin z\u00f6gert, macht es sich sp\u00e4ter unn\u00f6tig schwer. Je komplexer der Betrieb wird, desto anspruchsvoller wird eine sp\u00e4tere Umstellung \u2013 und desto h\u00f6her das Risiko, Mitarbeitende zu verlieren, die sich ein moderneres Arbeitsumfeld w\u00fcnschen. <\/p>\n<p><b>\u00dcber die A&amp;M:<\/b><\/p>\n<p> Marvin Flenche und Alexander Thieme sind die Gr\u00fcnder der A&amp;M Unternehmerberatung GmbH. Die Agentur hat sich auf Fachfirmen rund ums Haus spezialisiert und erm\u00f6glicht Unternehmen mit Hilfe von Onlinemarketing, Planbarkeit und Wachstum durch mehr Kundenanfragen und qualifizierte Mitarbeiter. Weiter Informationen \u00fcber:  <a target=\"_blank\" class=\"uri-ext outbound\" rel=\"noopener nofollow\" href=\"https:\/\/www.am-beratung.de\">https:\/\/www.am-beratung.de<\/a><\/p>\n<p class=\"contact-headline\">Pressekontakt:<\/p>\n<p class=\"contact-text\">A&amp;M Unternehmerberatung GmbH<br \/><a target=\"_blank\" class=\"uri-ext outbound\" rel=\"noopener nofollow\" href=\"https:\/\/www.am-beratung.de\">https:\/\/www.am-beratung.de<\/a><br \/>Alexander Thieme &amp; Marvin Flenche<br \/>E-Mail: <a href=\"https:\/\/www.presseportal.de\/pm\/157452\/mailto: kontakt@am-beratung.de\" class=\"uri-mailto\" rel=\"nofollow noopener\" target=\"_blank\"> kontakt@am-beratung.de<\/a><\/p>\n<p>Ruben Sch\u00e4fer<br \/><a href=\"https:\/\/www.presseportal.de\/pm\/157452\/mailto: redaktion@dcfverlag.de\" class=\"uri-mailto\" rel=\"nofollow noopener\" target=\"_blank\"> redaktion@dcfverlag.de<\/a><\/p>\n<p class=\"originator\">Original-Content von: A&amp;M Unternehmerberatung GmbH, \u00fcbermittelt durch news aktuell<\/p>\n","protected":false},"excerpt":{"rendered":"11.12.2025 \u2013 13:00 A&amp;M Unternehmerberatung GmbH Hannover (ots) Neues Jahr, alte Probleme: chaotische Abl\u00e4ufe, Termin\u00fcberlastung, fehlende Digitalisierung und&hellip;\n","protected":false},"author":2,"featured_media":639084,"comment_status":"","ping_status":"","sticky":false,"template":"","format":"standard","meta":{"footnotes":""},"categories":[1836],"tags":[1140,3477,3364,29,30,617,46,1411,178,180,179,181,6742],"class_list":{"0":"post-639083","1":"post","2":"type-post","3":"status-publish","4":"format-standard","5":"has-post-thumbnail","7":"category-hannover","8":"tag-arbeit","9":"tag-bild","10":"tag-de","11":"tag-deutschland","12":"tag-germany","13":"tag-handwerk","14":"tag-hannover","15":"tag-niedersachsen","16":"tag-presse","17":"tag-pressemeldung","18":"tag-pressemitteilung","19":"tag-pressemitteilungen","20":"tag-unternehmensberatung"},"share_on_mastodon":{"url":"https:\/\/pubeurope.com\/@de\/115700856049457824","error":""},"_links":{"self":[{"href":"https:\/\/www.europesays.com\/de\/wp-json\/wp\/v2\/posts\/639083","targetHints":{"allow":["GET"]}}],"collection":[{"href":"https:\/\/www.europesays.com\/de\/wp-json\/wp\/v2\/posts"}],"about":[{"href":"https:\/\/www.europesays.com\/de\/wp-json\/wp\/v2\/types\/post"}],"author":[{"embeddable":true,"href":"https:\/\/www.europesays.com\/de\/wp-json\/wp\/v2\/users\/2"}],"replies":[{"embeddable":true,"href":"https:\/\/www.europesays.com\/de\/wp-json\/wp\/v2\/comments?post=639083"}],"version-history":[{"count":0,"href":"https:\/\/www.europesays.com\/de\/wp-json\/wp\/v2\/posts\/639083\/revisions"}],"wp:featuredmedia":[{"embeddable":true,"href":"https:\/\/www.europesays.com\/de\/wp-json\/wp\/v2\/media\/639084"}],"wp:attachment":[{"href":"https:\/\/www.europesays.com\/de\/wp-json\/wp\/v2\/media?parent=639083"}],"wp:term":[{"taxonomy":"category","embeddable":true,"href":"https:\/\/www.europesays.com\/de\/wp-json\/wp\/v2\/categories?post=639083"},{"taxonomy":"post_tag","embeddable":true,"href":"https:\/\/www.europesays.com\/de\/wp-json\/wp\/v2\/tags?post=639083"}],"curies":[{"name":"wp","href":"https:\/\/api.w.org\/{rel}","templated":true}]}}