{"id":639087,"date":"2025-12-11T12:09:21","date_gmt":"2025-12-11T12:09:21","guid":{"rendered":"https:\/\/www.europesays.com\/de\/639087\/"},"modified":"2025-12-11T12:09:21","modified_gmt":"2025-12-11T12:09:21","slug":"droht-dvb-der-kahlschlag-stadtrat-dresden-entscheidet-ueber-buergerbegehren","status":"publish","type":"post","link":"https:\/\/www.europesays.com\/de\/639087\/","title":{"rendered":"Droht DVB der Kahlschlag? Stadtrat Dresden entscheidet \u00fcber B\u00fcrgerbegehren"},"content":{"rendered":"<p class=\"text\">\nDer Stadtrat in Dresden soll am Nachmittag \u00fcber das <a href=\"https:\/\/www.mdr.de\/nachrichten\/sachsen\/dresden\/dresden-radebeul\/dvb-nahverkehr-buergerbegehren-kuerzungen-unterschriften-100.html\" title=\"Mehr als 34.000 Unterschriften \u00fcbergeben: Dresdner wollen mit B\u00fcrgerbegehren \u00d6PNV erhalten\" target=\"_blank\" rel=\"noopener\">B\u00fcrgerbegehren zum Erhalt des Angebots<\/a> der Dresdner Verkehrsbetriebe (DVB) entscheiden. Der Antrag daf\u00fcr wurde von der Links-Fraktion eingebracht. Sie wollen das Angebot der Verkehrsbetriebe auf dem Stand von 2024 erhalten. Rund 40.000 Menschen hatten daf\u00fcr unterschrieben.\n<\/p>\n<p>Streit um Gutachten<\/p>\n<p class=\"text\">\nEin Gutachten im Auftrag der Stadtverwaltung wertet das <a href=\"https:\/\/www.mdr.de\/nachrichten\/sachsen\/dresden\/dresden-radebeul\/dvb-einsparungen-buergerbegehren-ob-hilbert-100.html\" title=\"Dresden: Stadt erkl\u00e4rt \u00d6PNV-B\u00fcrgerbegehren f\u00fcr unzul\u00e4ssig\" target=\"_blank\" rel=\"noopener\">Begehren als zu unkonkret.<\/a> Besonders die Vorschl\u00e4ge zur Finanzierung des \u00d6PNV seien unrealistisch. Jetzt soll der Stadtrat dar\u00fcber abstimmen, ob das B\u00fcrgerbegehren in dieser Form zul\u00e4ssig ist &#8211; oder nicht. Oberb\u00fcrgermeister Dirk Hilbert (FDP) will dem Stadtrat vorschlagen, das B\u00fcrgerbegehren f\u00fcr unzul\u00e4ssig zu erkl\u00e4ren.\n<\/p>\n<p>Neue Sparpl\u00e4ne: Offenbar massive Streichungen im DVB-Netz<\/p>\n<p class=\"text\">\nHintergrund: Weil Geld fehlt, will die Stadt auch beim Angebot des \u00f6ffentlichen Nahverkehrs sparen. Die DVB haben bereits im Sommer <a href=\"https:\/\/www.mdr.de\/nachrichten\/sachsen\/dresden\/dresden-radebeul\/dvb-nahverkehr-angebot-einsparung-fahrplan-kuerzung-100.html\" title=\"Dresden: Verkehrsbetriebe setzen erste K\u00fcrzungen um\" target=\"_blank\" rel=\"noopener\">einzelne Fahrpl\u00e4ne ausged\u00fcnnt<\/a> und Linien gek\u00fcrzt. So f\u00e4hrt die Linie 7 seltener bis Pennrich. Kurz vor der Stadtratssitzung wurden noch mehr Sparpl\u00e4ne aus dem DVB-Aufsichtsrat bekannt.\n<\/p>\n<blockquote>\n<p class=\"text\">Das ist ein Kahlschlag.<\/p>\n<p>Stefan Engel<br \/>\nStadtrat f\u00fcr die SPD<\/p>\n<\/blockquote>\n<p class=\"text\">\nDie sehen laut SPD-Stadtrat Stefan Engel massive Streichungen im Liniennetz vor, was bedeuten w\u00fcrden, dass entweder fast alle Buslinien ausged\u00fcnnt werden oder die Stra\u00dfenbahnen nur noch im 15-Minuten-Takt fahren. &#8222;Folge dieser Vorschl\u00e4ge w\u00e4re der Verlust von 10 Millionen Fahrg\u00e4sten j\u00e4hrlich \u2013 das sind 32.000 pro Tag \u2013 und die Streichung von mehr 140 Arbeitspl\u00e4tzen bei den DVB&#8220;, so Engel. Ziel der Stadt sei, so den j\u00e4hrlichen Zuschuss an die DVB auf h\u00f6chstens 80 Millionen Euro zu deckeln. &#8222;Das ist keine Optimierung. Das ist ein Kahlschlag&#8220;, so Engel.<\/p>\n","protected":false},"excerpt":{"rendered":"Der Stadtrat in Dresden soll am Nachmittag \u00fcber das B\u00fcrgerbegehren zum Erhalt des Angebots der Dresdner Verkehrsbetriebe (DVB)&hellip;\n","protected":false},"author":2,"featured_media":639088,"comment_status":"","ping_status":"","sticky":false,"template":"","format":"standard","meta":{"footnotes":""},"categories":[1835],"tags":[3364,146,29,2386,30,81,14,4186,5112,16,859,1108],"class_list":{"0":"post-639087","1":"post","2":"type-post","3":"status-publish","4":"format-standard","5":"has-post-thumbnail","7":"category-dresden","8":"tag-de","9":"tag-demokratie","10":"tag-deutschland","11":"tag-dresden","12":"tag-germany","13":"tag-mdr","14":"tag-nachrichten","15":"tag-nahverkehr","16":"tag-oepnv","17":"tag-politik","18":"tag-sachsen","19":"tag-stadtrat"},"share_on_mastodon":{"url":"https:\/\/pubeurope.com\/@de\/115700863111455183","error":""},"_links":{"self":[{"href":"https:\/\/www.europesays.com\/de\/wp-json\/wp\/v2\/posts\/639087","targetHints":{"allow":["GET"]}}],"collection":[{"href":"https:\/\/www.europesays.com\/de\/wp-json\/wp\/v2\/posts"}],"about":[{"href":"https:\/\/www.europesays.com\/de\/wp-json\/wp\/v2\/types\/post"}],"author":[{"embeddable":true,"href":"https:\/\/www.europesays.com\/de\/wp-json\/wp\/v2\/users\/2"}],"replies":[{"embeddable":true,"href":"https:\/\/www.europesays.com\/de\/wp-json\/wp\/v2\/comments?post=639087"}],"version-history":[{"count":0,"href":"https:\/\/www.europesays.com\/de\/wp-json\/wp\/v2\/posts\/639087\/revisions"}],"wp:featuredmedia":[{"embeddable":true,"href":"https:\/\/www.europesays.com\/de\/wp-json\/wp\/v2\/media\/639088"}],"wp:attachment":[{"href":"https:\/\/www.europesays.com\/de\/wp-json\/wp\/v2\/media?parent=639087"}],"wp:term":[{"taxonomy":"category","embeddable":true,"href":"https:\/\/www.europesays.com\/de\/wp-json\/wp\/v2\/categories?post=639087"},{"taxonomy":"post_tag","embeddable":true,"href":"https:\/\/www.europesays.com\/de\/wp-json\/wp\/v2\/tags?post=639087"}],"curies":[{"name":"wp","href":"https:\/\/api.w.org\/{rel}","templated":true}]}}