{"id":639096,"date":"2025-12-11T12:14:26","date_gmt":"2025-12-11T12:14:26","guid":{"rendered":"https:\/\/www.europesays.com\/de\/639096\/"},"modified":"2025-12-11T12:14:26","modified_gmt":"2025-12-11T12:14:26","slug":"guenstigeres-essen-steht-nicht-auf-der-speisekarte","status":"publish","type":"post","link":"https:\/\/www.europesays.com\/de\/639096\/","title":{"rendered":"G\u00fcnstigeres Essen steht nicht auf der Speisekarte"},"content":{"rendered":"<p class=\"tspCBne tspCBnf\">Die Weihnachtsgans im Restaurant, die w\u00e4rmende Suppe in der Kneipe, der Christstollen im Caf\u00e9 \u2013 all das haut nicht nur kalorienm\u00e4\u00dfig rein, sondern auch finanziell. Essen gehen ist so teuer wie nie. Aber die gute Nachricht naht mit dem neuen Jahr: F\u00fcr alle Speisen <a href=\"https:\/\/www.tagesspiegel.de\/politik\/koalition-flachgeklopft-so-viel-konnten-verbraucher-durch-soders-schnitzelsteuer-sparen-14299328.html?icid=in-text-link_15037636\" class=\"link link--internal\" data-gtm-class=\"article-text-link\" data-gtm-val=\"internal\" target=\"_blank\" rel=\"noopener\">sinkt die Mehrwertsteuer von 19 auf sieben Prozent<\/a>. Theoretisch wird\u2019s ab Januar billiger. Praktisch aber bleibt es kompliziert f\u00fcr die Gastronomie in Berlin. <\/p>\n<p class=\"tspCBne\">___<br \/>Der Kommentar von Robert Ide zum Nachh\u00f6ren:<\/p>\n<p class=\"tspUe2\">Empfohlener redaktioneller Inhalt<\/p>\n<p> An dieser Stelle finden Sie einen von unseren Redakteuren ausgew\u00e4hlten, externen Inhalt, der den Artikel f\u00fcr Sie mit zus\u00e4tzlichen Informationen anreichert. Sie k\u00f6nnen sich hier den externen Inhalt mit einem Klick anzeigen lassen oder wieder ausblenden. <\/p>\n<p> Externen Inhalt anzeigen <\/p>\n<p class=\"tspUe8\"> Ich bin damit einverstanden, dass mir der externe Inhalt angezeigt wird. Damit k\u00f6nnen personenbezogene Daten an Drittplattformen \u00fcbermittelt werden.  Mehr Informationen dazu erhalten Sie in den Datenschutz-Einstellungen. Diese finden Sie ganz unten auf unserer Seite im Footer, sodass Sie Ihre Einstellungen jederzeit verwalten oder widerrufen k\u00f6nnen. <\/p>\n<p class=\"tspCBne\">Dass Gastst\u00e4tten reihenweise die Preise senken, steht wohl nicht auf der Speisekarte f\u00fcr 2026. Wahrscheinlicher ist, dass stabile Preise die gestiegenen Kosten abfedern. Den angehobenen Mindestlohn, die teure Energie, die andauernd anziehenden Lebensmittelpreise, und in Berlin auch noch: die Mieten f\u00fcr Lokale. Der Gastst\u00e4ttenverband Dehoga sieht daher die Steuersenkung eher als Rettungsanker f\u00fcr viele Restaurants. Immerhin das ist sie.<\/p>\n<blockquote class=\"tspCJn6\">\n<p>Ein vern\u00fcnftig geregeltes Gewerbemietrecht ist Aufgabe f\u00fcr die Stadtpolitik, die sich sonst gern als Retter an die Theken bedrohter Kneipen stellt.<\/p>\n<\/blockquote>\n<p class=\"tspCJn7\">Tagesspiegel-Autor <strong>Robert Ide<\/strong><\/p>\n<p class=\"tspCBne\">Mit der Reform wird eine wichtige Neuerung serviert: Geliefertes Essen wird nicht mehr geringer besteuert als serviertes Essen. Nur Lieferdienste durften bisher sieben Prozent Mehrwertsteuer abliefern; dieser unfaire Vorteil wird jetzt abger\u00e4umt. <\/p>\n<p class=\"tspCBne\">Viele andere Kosten bleiben angesichts der Krisen der Welt weiterhin hoch. Aber bei den Mieten k\u00f6nnte aktiv gegengesteuert werden. Nach wie vor gibt es kein vern\u00fcnftig geregeltes Gewerbemietrecht, also keine lokalen Obergrenzen f\u00fcr Lokalmieten. Eine Aufgabe f\u00fcr die Stadtpolitik, die sich sonst gern als Retter an die Theken bedrohter Kneipen stellt. <\/p>\n<p><img decoding=\"async\" src=\"https:\/\/www.europesays.com\/de\/wp-content\/uploads\/2025\/06\/robert-ide-fotonassimrad.jpeg\"   alt=\"\" width=\"767\" height=\"767\" loading=\"lazy\" class=\"tspBKk2\"\/><\/p>\n<p class=\"tspCGnz\"><strong>Robert Ide<\/strong><br \/>\nRobert Ide schreibt unter anderem die Newsletter \u201eCheckpoint\u201c und \u201eIm Osten\u201c sowie Kolumnen \u00fcber Liebe (\u201eIns Herz\u201c) und die Internationalen Filmfestspiele, die Berlinale. Er war lange Chef der Sportredaktion und der Berlin-Brandenburg-Redaktion sowie Gesch\u00e4ftsf\u00fchrender Redakteur. Robert Ide ist Buchautor, Moderator und Experte zur deutschen Einheit.<\/p>\n<p class=\"tspCBne\">Nach wie vor schlie\u00dfen Institutionen wie das<a href=\"https:\/\/www.tagesspiegel.de\/berlin\/bezirke\/steglitz-zehlendorf\/berliner-biergarten-luise-macht-dicht-mit-einem-trick-will-die-spd-die-kneipe-an-der-ecke-erhalten-15022985.html?icid=in-text-link_15037636\" class=\"link link--internal\" data-gtm-class=\"article-text-link\" data-gtm-val=\"internal\" target=\"_blank\" rel=\"noopener\"> Biergarten-Restaurant \u201eLuise\u201c in Dahlem<\/a> oder <a href=\"https:\/\/www.tagesspiegel.de\/berlin\/bezirke\/treptow-koepenick\/gastro-aus-im-berliner-eierhauschen-beliebte-gaststatte-sucht-neue-betreiber-14997158.html?icid=in-text-link_15037636\" class=\"link link--internal\" data-gtm-class=\"article-text-link\" data-gtm-val=\"internal\" target=\"_blank\" rel=\"noopener\">das \u201eEierh\u00e4uschen\u201c in Treptow<\/a>. Viele Kundinnen und Kunden gehen nicht mehr so oft essen, wollen nicht 25 Euro f\u00fcr ein Kalbsschnitzel oder f\u00fcr Nudeln mit Gem\u00fcse bezahlen. Die Alternative ist jedoch: Es gibt hier bald gar kein Essen mehr \u2013 weil das Restaurant dichtmacht. Berlin verliert so neben Arbeitspl\u00e4tzen seine weltbekannte kulinarische Vielfalt. Und ein Kiez tr\u00e4gt Trauer, wenn wieder ein Lokal die Rolll\u00e4den runterzieht.<\/p>\n<p><a href=\"https:\/\/www.tagesspiegel.de\/gesellschaft\/genuss\/von-edel-diner-bis-italo-klassiker-in-diesen-neuen-berliner-restaurants-sollten-sie-sich-einen-tisch-besorgen-14557985.html?icid=single-topic_15037636___\" data-gtm-class=\"article-mzt-link\" class=\"tspCWpl\" target=\"_blank\" rel=\"noopener\">Von Edel-Diner bis Italo-Klassiker In diesen neuen Berliner Restaurants sollten Sie sich einen Tisch besorgen <\/a><\/p>\n<p class=\"tspCBne\">Die Senkung der Mehrwertsteuer gibt der Gastronomie mehr Zeit, kreativer um G\u00e4ste zu werben. Viele Restaurants k\u00f6nnten das Fr\u00fchjahr mit Rabattaktionen beleben. Kneipen und Bierg\u00e4rten sehnen einen besseren Sommer und die Fu\u00dfball-WM herbei. Schon jetzt gibt es in der Gastronomie einen Trend zu mehr Gem\u00fctlichkeit und Geselligkeit und zu <a href=\"https:\/\/checkpoint.tagesspiegel.de\/telegramm\/1uts4XcnJ4sNT8IEvVCPj7?icid=in-text-link_15037636\" class=\"link link--internal\" data-gtm-class=\"article-text-link\" data-gtm-val=\"internal\" target=\"_blank\" rel=\"noopener\">weniger ausgesuchter Sternek\u00fcche<\/a>. Viele Restaurants und Caf\u00e9s versuchen, sich wieder mehr als Ort der Gemeinschaft zu verstehen: mit Spieleabenden, Singleb\u00f6rsen, Karaoke \u2013 sowie Lesungen und Weinverkostungen in Restaurants. <\/p>\n<p> Mehr Radio-Kommentare von Robert Ide: <a href=\"https:\/\/www.tagesspiegel.de\/berlin\/stadtentwicklung-fur-altere-berlin-muss-wieder-cool-fur-alle-werden-15011852.html?icid=topic-list_15037636___\" data-gtm-class=\"article-mzt-link\" data-hydrate-fingerprint=\"09740a54944caac75fd2c0c63fd5c5df\" data-hydrate-props=\"{&amp;escapedquot;element&amp;escapedquot;:{&amp;escapedquot;type&amp;escapedquot;:&amp;escapedquot;relatedContent&amp;escapedquot;,&amp;escapedquot;fieldMap&amp;escapedquot;:{},&amp;escapedquot;relation&amp;escapedquot;:{&amp;escapedquot;fields&amp;escapedquot;:{&amp;escapedquot;isPaid&amp;escapedquot;:null},&amp;escapedquot;href&amp;escapedquot;:&amp;escapedquot;\/berlin\/stadtentwicklung-fur-altere-berlin-muss-wieder-cool-fur-alle-werden-15011852.html&amp;escapedquot;,&amp;escapedquot;teaserTitle&amp;escapedquot;:{&amp;escapedquot;kicker&amp;escapedquot;:&amp;escapedquot;Stadtentwicklung f\u00fcr \u00c4ltere&amp;escapedquot;,&amp;escapedquot;headline&amp;escapedquot;:&amp;escapedquot;Berlin muss wieder cool f\u00fcr alle werden&amp;escapedquot;},&amp;escapedquot;id&amp;escapedquot;:&amp;escapedquot;15011852&amp;escapedquot;,&amp;escapedquot;type&amp;escapedquot;:&amp;escapedquot;story&amp;escapedquot;},&amp;escapedquot;isPartOfList&amp;escapedquot;:true,&amp;escapedquot;topicListType&amp;escapedquot;:&amp;escapedquot;topic-list&amp;escapedquot;},&amp;escapedquot;showArrow&amp;escapedquot;:true}\" data-hydrate-slots=\"{&#039;default&#039;:[]}\" class=\"tspCWpl\" target=\"_blank\" rel=\"noopener\">Stadtentwicklung f\u00fcr \u00c4ltere Berlin muss wieder cool f\u00fcr alle werden <\/a><a href=\"https:\/\/www.tagesspiegel.de\/berlin\/macht-das-parken-in-berlin-endlich-teurer-der-platz-ist-zu-wertvoll-um-ihn-billig-zu-verschleudern-14817314.html?icid=topic-list_15037636___\" data-gtm-class=\"article-mzt-link\" data-hydrate-fingerprint=\"09740a54944caac75fd2c0c63fd5c5df\" data-hydrate-props=\"{&amp;escapedquot;element&amp;escapedquot;:{&amp;escapedquot;type&amp;escapedquot;:&amp;escapedquot;relatedContent&amp;escapedquot;,&amp;escapedquot;fieldMap&amp;escapedquot;:{},&amp;escapedquot;relation&amp;escapedquot;:{&amp;escapedquot;fields&amp;escapedquot;:{&amp;escapedquot;isPaid&amp;escapedquot;:null},&amp;escapedquot;href&amp;escapedquot;:&amp;escapedquot;\/berlin\/macht-das-parken-in-berlin-endlich-teurer-der-platz-ist-zu-wertvoll-um-ihn-billig-zu-verschleudern-14817314.html&amp;escapedquot;,&amp;escapedquot;teaserTitle&amp;escapedquot;:{&amp;escapedquot;kicker&amp;escapedquot;:&amp;escapedquot;Macht das Parken in Berlin endlich teurer!&amp;escapedquot;,&amp;escapedquot;headline&amp;escapedquot;:&amp;escapedquot;Der Platz ist zu wertvoll, um ihn billig zu verschleudern&amp;escapedquot;},&amp;escapedquot;id&amp;escapedquot;:&amp;escapedquot;14817314&amp;escapedquot;,&amp;escapedquot;type&amp;escapedquot;:&amp;escapedquot;story&amp;escapedquot;},&amp;escapedquot;isPartOfList&amp;escapedquot;:true,&amp;escapedquot;topicListType&amp;escapedquot;:&amp;escapedquot;topic-list&amp;escapedquot;},&amp;escapedquot;showArrow&amp;escapedquot;:true}\" data-hydrate-slots=\"{&#039;default&#039;:[]}\" class=\"tspCWpl\" target=\"_blank\" rel=\"noopener\">Macht das Parken in Berlin endlich teurer! Der Platz ist zu wertvoll, um ihn billig zu verschleudern <\/a><a href=\"https:\/\/www.tagesspiegel.de\/berlin\/landesbibliothek-am-alex-dieses-berliner-marchen-muss-wahr-werden-14342522.html?icid=topic-list_15037636___\" data-gtm-class=\"article-mzt-link\" data-hydrate-fingerprint=\"09740a54944caac75fd2c0c63fd5c5df\" data-hydrate-props=\"{&amp;escapedquot;element&amp;escapedquot;:{&amp;escapedquot;type&amp;escapedquot;:&amp;escapedquot;relatedContent&amp;escapedquot;,&amp;escapedquot;fieldMap&amp;escapedquot;:{},&amp;escapedquot;relation&amp;escapedquot;:{&amp;escapedquot;fields&amp;escapedquot;:{&amp;escapedquot;isPaid&amp;escapedquot;:null},&amp;escapedquot;href&amp;escapedquot;:&amp;escapedquot;\/berlin\/landesbibliothek-am-alex-dieses-berliner-marchen-muss-wahr-werden-14342522.html&amp;escapedquot;,&amp;escapedquot;teaserTitle&amp;escapedquot;:{&amp;escapedquot;kicker&amp;escapedquot;:&amp;escapedquot;Landesbibliothek am Alex&amp;escapedquot;,&amp;escapedquot;headline&amp;escapedquot;:&amp;escapedquot;Dieses Berliner M\u00e4rchen muss wahr werden&amp;escapedquot;},&amp;escapedquot;id&amp;escapedquot;:&amp;escapedquot;14342522&amp;escapedquot;,&amp;escapedquot;type&amp;escapedquot;:&amp;escapedquot;story&amp;escapedquot;},&amp;escapedquot;isPartOfList&amp;escapedquot;:true,&amp;escapedquot;topicListType&amp;escapedquot;:&amp;escapedquot;topic-list&amp;escapedquot;},&amp;escapedquot;showArrow&amp;escapedquot;:true}\" data-hydrate-slots=\"{&#039;default&#039;:[]}\" class=\"tspCWpl\" target=\"_blank\" rel=\"noopener\">Landesbibliothek am Alex Dieses Berliner M\u00e4rchen muss wahr werden <\/a><\/p>\n<p class=\"tspCBne\">Wenn die Menschen weiterhin viel Geld ausgeben f\u00fcrs Essen und Trinken, wollen sie zumindest andere Menschen erleben und treffen. Sonst k\u00f6nnte man ja auch allein zu Hause vor sich hinfuttern. Und daf\u00fcr wohnen wir ja nicht in Berlin, oder?<\/p>\n<p class=\"tspCBne\">Jeden Donnerstag ab 6 Uhr kommentiert Robert Ide stadtpolitische Themen bei Simone Panteleit und Team im <a href=\"https:\/\/www.berliner-rundfunk.de\/\" target=\"_blank\" rel=\"noopener\" class=\"link link--external\" data-gtm-class=\"article-text-link\" data-gtm-val=\"external\" aria-describedby=\"message-target-blank\">Berliner Rundfunk 91.4<\/a>. Im Tagesspiegel finden Sie den Kommentar zum Nachlesen und Nachh\u00f6ren.<\/p>\n","protected":false},"excerpt":{"rendered":"Die Weihnachtsgans im Restaurant, die w\u00e4rmende Suppe in der Kneipe, der Christstollen im Caf\u00e9 \u2013 all das haut&hellip;\n","protected":false},"author":2,"featured_media":639097,"comment_status":"","ping_status":"","sticky":false,"template":"","format":"standard","meta":{"footnotes":""},"categories":[1834],"tags":[3364,29,3688,30,10941,7134,378,24401,1209,85307,523,5917,625,12385],"class_list":{"0":"post-639096","1":"post","2":"type-post","3":"status-publish","4":"format-standard","5":"has-post-thumbnail","7":"category-essen","8":"tag-de","9":"tag-deutschland","10":"tag-essen","11":"tag-germany","12":"tag-hotel-und-gaststaetten","13":"tag-mieten","14":"tag-mindestlohn","15":"tag-nachtleben","16":"tag-nordrhein-westfalen","17":"tag-serie-berlin-kommentiert-koop-berliner-rundfunk","18":"tag-steglitz-zehlendorf","19":"tag-treptow-koepenick","20":"tag-verbraucher","21":"tag-wohnen-in-berlin"},"share_on_mastodon":{"url":"https:\/\/pubeurope.com\/@de\/115700884159097444","error":""},"_links":{"self":[{"href":"https:\/\/www.europesays.com\/de\/wp-json\/wp\/v2\/posts\/639096","targetHints":{"allow":["GET"]}}],"collection":[{"href":"https:\/\/www.europesays.com\/de\/wp-json\/wp\/v2\/posts"}],"about":[{"href":"https:\/\/www.europesays.com\/de\/wp-json\/wp\/v2\/types\/post"}],"author":[{"embeddable":true,"href":"https:\/\/www.europesays.com\/de\/wp-json\/wp\/v2\/users\/2"}],"replies":[{"embeddable":true,"href":"https:\/\/www.europesays.com\/de\/wp-json\/wp\/v2\/comments?post=639096"}],"version-history":[{"count":0,"href":"https:\/\/www.europesays.com\/de\/wp-json\/wp\/v2\/posts\/639096\/revisions"}],"wp:featuredmedia":[{"embeddable":true,"href":"https:\/\/www.europesays.com\/de\/wp-json\/wp\/v2\/media\/639097"}],"wp:attachment":[{"href":"https:\/\/www.europesays.com\/de\/wp-json\/wp\/v2\/media?parent=639096"}],"wp:term":[{"taxonomy":"category","embeddable":true,"href":"https:\/\/www.europesays.com\/de\/wp-json\/wp\/v2\/categories?post=639096"},{"taxonomy":"post_tag","embeddable":true,"href":"https:\/\/www.europesays.com\/de\/wp-json\/wp\/v2\/tags?post=639096"}],"curies":[{"name":"wp","href":"https:\/\/api.w.org\/{rel}","templated":true}]}}