{"id":639100,"date":"2025-12-11T12:16:23","date_gmt":"2025-12-11T12:16:23","guid":{"rendered":"https:\/\/www.europesays.com\/de\/639100\/"},"modified":"2025-12-11T12:16:23","modified_gmt":"2025-12-11T12:16:23","slug":"bvb-reagiert-auf-kritik-von-nico-schlotterbeck-sport","status":"publish","type":"post","link":"https:\/\/www.europesays.com\/de\/639100\/","title":{"rendered":"BVB reagiert auf Kritik von Nico Schlotterbeck! | Sport"},"content":{"rendered":"<p><b>Ein Tag nach dem 2:2 gegen Bod\u00f8\/Glimt in der Champions League ist der \u00f6ffentliche Wut-Auftritt von Nico Schlotterbeck (26) weiter das beherrschende Thema rund um Borussia Dortmund!<\/b><\/p>\n<p>Der DFB-Star hatte ungew\u00f6hnlich scharf \u00fcber \u201eextrem fahriges Spiel\u201c, \u201eunfassbar schlechte erste Kontakte\u201c und Mitspieler gewettert, die \u201ejeder so ein bisschen ihr eigenes Spiel\u201c machen w\u00fcrden. Besonders deutlich wurde er bei den Spielern, die eingewechselt wurden: \u201eWenn man in der 60. Minute reinkommt, erwarte ich 30 Minuten Volldampf. Die Spieler, die reinkommen, verlieren jeden Ball\u201c, sagte Schlotterbeck. Und auch die Bedeutung des Spiels sei \u201emanchen nicht bewusst\u201c gewesen.<\/p>\n<p>\u201eH\u00e4tte nicht sein m\u00fcssen\u201c: \u00dcberheblichkeits-Verdacht von Kehl!<a class=\"anchor video-teaser__anchor\" href=\"https:\/\/www.bild.de\/sport\/fussball\/haette-nicht-sein-muessen-ueberheblichkeits-verdacht-von-kehl-693a6afd11f914c89b859d08\" rel=\"nofollow noopener\" target=\"_blank\"><img decoding=\"async\" width=\"992\" height=\"558\" alt=\"\" src=\"https:\/\/www.europesays.com\/de\/wp-content\/uploads\/2025\/12\/89dfe4b6824cbbcde2ba728ddd57c12e-landscape,60f62aa0\"   class=\"landscape teaser__image\" loading=\"lazy\"\/><\/a><\/p>\n<p>Quelle: SID11.12.2025<\/p>\n<p><b>Wie reagiert der BVB?<\/b><\/p>\n<p>Sport-Direktor Sebastian Kehl (45) zeigte nach Abpfiff Verst\u00e4ndnis f\u00fcr die klaren Worte des von Schlotterbeck \u2013 war selbst sichtlich bedient. Kehl: \u201eZun\u00e4chst einmal hat jeder Spieler das Recht, am Ende auch kritisch nach dem Spiel den Ton anzuschlagen, wenn sie dann den Finger in die Wunde legen und mit sich selbst auch hart ins Gericht gehen. Dann ist es auch gut. Wir werden es auf jeden Fall tun, der Trainer hat es getan.\u201c<\/p>\n<p>Dann wurde Kehl deutlich: \u201eDie Jungs m\u00fcssen sich schon bewusst sein, welche Chance wir heute hier verspielt haben. Wir wollten dieses Spiel unbedingt gewinnen. Ich denke, wir hatten eine gro\u00dfe Chance heute in der Tabelle auf 13 Punkte zu kommen. Jeder, der die Tabelle lesen konnte, wusste, welche M\u00f6glichkeit sich heute hier geboten hat. Deshalb ist die Frustration richtig. Wir sind alles sehr entt\u00e4uscht, sehr ver\u00e4rgert.\u201c<\/p>\n<p>Mehr zum Thema<\/p>\n<p><b>Und was sagt Trainer Niko Kova\u010d (54)?<\/b><\/p>\n<p>Er wollte nach dem Spiel am Mittwochabend noch nichts zur Schlotterbeck-Kritik sagen. Einen Tag sp\u00e4ter, auf der Pressekonferenz vor dem Bundesliga-Spiel in Freiburg (So, 15.30 Uhr), wurde er von BILD erneut darauf angesprochen. Kova\u010d antwortete: \u201eIch verstehe schon die Frustration von Schlotti. Wir haben gestern eine Riesen-M\u00f6glichkeit liegen lassen \u2013 v\u00f6llig unn\u00f6tig, dass wir zwei Chancen zulassen, die in einem Gegentreffer enden, obwohl wir das Spiel kontrolliert haben. Dass er als F\u00fchrungsspieler ver\u00e4rgert ist \u00fcber das Verhalten, was wir an den Tag gelegt haben, ist v\u00f6llig normal.\u201c<\/p>\n<p><b>Er sagt weiter: \u201eEs geht immer um die Sach-Ebene. Es geht nicht um eine pers\u00f6nliche Ebene. Wir haben das heute Morgen aufgearbeitet. Als F\u00fchrungsspieler hat er das Recht, gewisse Sachen anzusprechen. Es geht immer darum, besser zu werden.\u201c<\/b><\/p>\n","protected":false},"excerpt":{"rendered":"Ein Tag nach dem 2:2 gegen Bod\u00f8\/Glimt in der Champions League ist der \u00f6ffentliche Wut-Auftritt von Nico Schlotterbeck&hellip;\n","protected":false},"author":2,"featured_media":639101,"comment_status":"","ping_status":"","sticky":false,"template":"","format":"standard","meta":{"footnotes":""},"categories":[1833],"tags":[888,3364,29,217,538,347,30,5131,1209,803,819,45,1261],"class_list":{"0":"post-639100","1":"post","2":"type-post","3":"status-publish","4":"format-standard","5":"has-post-thumbnail","7":"category-dortmund","8":"tag-borussia-dortmund","9":"tag-de","10":"tag-deutschland","11":"tag-dortmund","12":"tag-erste-bundesliga","13":"tag-fussball","14":"tag-germany","15":"tag-kovac-niko","16":"tag-nordrhein-westfalen","17":"tag-spielertransfer","18":"tag-sport-leuchtturm-essen","19":"tag-texttospeech","20":"tag-toralarm-top-news"},"share_on_mastodon":{"url":"https:\/\/pubeurope.com\/@de\/115700891533325492","error":""},"_links":{"self":[{"href":"https:\/\/www.europesays.com\/de\/wp-json\/wp\/v2\/posts\/639100","targetHints":{"allow":["GET"]}}],"collection":[{"href":"https:\/\/www.europesays.com\/de\/wp-json\/wp\/v2\/posts"}],"about":[{"href":"https:\/\/www.europesays.com\/de\/wp-json\/wp\/v2\/types\/post"}],"author":[{"embeddable":true,"href":"https:\/\/www.europesays.com\/de\/wp-json\/wp\/v2\/users\/2"}],"replies":[{"embeddable":true,"href":"https:\/\/www.europesays.com\/de\/wp-json\/wp\/v2\/comments?post=639100"}],"version-history":[{"count":0,"href":"https:\/\/www.europesays.com\/de\/wp-json\/wp\/v2\/posts\/639100\/revisions"}],"wp:featuredmedia":[{"embeddable":true,"href":"https:\/\/www.europesays.com\/de\/wp-json\/wp\/v2\/media\/639101"}],"wp:attachment":[{"href":"https:\/\/www.europesays.com\/de\/wp-json\/wp\/v2\/media?parent=639100"}],"wp:term":[{"taxonomy":"category","embeddable":true,"href":"https:\/\/www.europesays.com\/de\/wp-json\/wp\/v2\/categories?post=639100"},{"taxonomy":"post_tag","embeddable":true,"href":"https:\/\/www.europesays.com\/de\/wp-json\/wp\/v2\/tags?post=639100"}],"curies":[{"name":"wp","href":"https:\/\/api.w.org\/{rel}","templated":true}]}}