{"id":639108,"date":"2025-12-11T12:20:23","date_gmt":"2025-12-11T12:20:23","guid":{"rendered":"https:\/\/www.europesays.com\/de\/639108\/"},"modified":"2025-12-11T12:20:23","modified_gmt":"2025-12-11T12:20:23","slug":"geplanter-afd-auftritt-von-hoecke-sorgt-fuer-heftige-kritik","status":"publish","type":"post","link":"https:\/\/www.europesays.com\/de\/639108\/","title":{"rendered":"Geplanter AfD-Auftritt von H\u00f6cke sorgt f\u00fcr heftige Kritik"},"content":{"rendered":"<p>Kritik an Auftritt in Garath <\/p>\n<p>AfD plant Veranstaltung mit H\u00f6cke im B\u00fcrgerhaus<\/p>\n<p>11.12.2025 &#8211; 13:14 UhrLesedauer: 2 Min.<\/p>\n<p><a href=\"#focus-0\" class=\"transition-colors duration-200 block text-current relative\" data-sctrack=\"FocusGalleryImage.Reference\"><img fetchpriority=\"high\" data-testid=\"Opener.Image\" style=\"--lqipURL:url('https:\/\/images.t-online.de\/2025\/12\/xersMjZdctbp\/0x210:4000x2250\/fit-in\/150x0\/filters:blur(25)\/image.jpg')\"   loading=\"eager\" src=\"https:\/\/www.europesays.com\/de\/wp-content\/uploads\/2025\/12\/1765455623_955_image.jpg\" alt=\"imago images 0838665960\" title=\"imago images 0838665960\" width=\"4000\" height=\"2250\" class=\"bg-[url:var(--lqipURL)] bg-cover bg-center flex h-full w-full max-w-full\" decoding=\"async\"\/><img style=\"--width:32;--height:32\" loading=\"lazy\" src=\"https:\/\/duesseldorf.t-online.de\/s\/paper\/_next\/static\/media\/zoom-in.f7dae02f.svg\" alt=\"Vergr\u00f6\u00dfern des Bildes\" title=\"Vergr\u00f6\u00dfern des Bildes\" class=\"block h-[calc(var(--height)_\/_16_*_1rem)] w-[calc(var(--width)_\/_16_*_1rem)] max-w-none absolute bottom-8 right-8 rounded-4 bg-snow p-8\" decoding=\"async\"\/><\/a><\/p>\n<p>Bj\u00f6rn H\u00f6cke (Archivbild): Der rechtsextreme AfD-Politiker soll im Februar im B\u00fcrgerhaus in D\u00fcsseldorf-Garath auftreten. (Quelle: IMAGO\/Karina Hessland-Wissel)<\/p>\n<p>Vorlesen<\/p>\n<p>Aktuelle Zeit:0:00Gesamtdauer:0:00<\/p>\n<p>1x<a rel=\"nofollow noopener\" target=\"_blank\" class=\"transition-colors duration-200 cursor-pointer text-inherit no-underline group grid items-center rounded-8 bg-whitelilac text-black grid-cols-[min-content_34px] gap-8 px-8 py-[6px] text-12 hover:bg-magenta hover:text-whitelilac hover:dark:text-salemsfur\" href=\"https:\/\/news.google.com\/publications\/CAAqBwgKMNbAtwsw49vOAw\" aria-label=\"Auf Google News folgen\">News folgen<\/a><img style=\"--width:16;--height:16\" loading=\"lazy\" src=\"https:\/\/duesseldorf.t-online.de\/s\/paper\/_next\/static\/media\/sharing-menu-icon.1eb71368.svg\" alt=\"Teilen Menu auf machen\" title=\"Teilen Menu auf machen\" class=\"block h-[calc(var(--height)_\/_16_*_1rem)] w-[calc(var(--width)_\/_16_*_1rem)] max-w-none group-hover:contrast-200 group-hover:grayscale group-hover:invert max-md:mx-auto dark:group-hover:invert dark:contrast-200 dark:grayscale dark:invert\" decoding=\"async\"\/><\/p>\n<p>Artikel teilen<\/p>\n<p class=\"font-bold text-18 leading-17\">Der rechtsextreme AfD-Politiker Bj\u00f6rn H\u00f6cke soll im Februar 2026 im D\u00fcsseldorfer B\u00fcrgerhaus Garath auftreten. SPD und das B\u00fcndnis &#8222;D\u00fcsseldorf stellt sich quer&#8220; kritisieren die Veranstaltung und fordern die Stadt zum Handeln auf.<\/p>\n<p class=\"text-18 leading-17\">Der Vorstand des AfD-Kreisverbands D\u00fcsseldorf hat eine Veranstaltung mit dem rechtsextremen AfD-Politiker Bj\u00f6rn H\u00f6cke angek\u00fcndigt. Das B\u00fcrgerhaus in D\u00fcsseldorf-Garath soll als Veranstaltungsort dienen. Der Auftritt ist f\u00fcr den 23. Februar 2026 geplant.<\/p>\n<p class=\"text-18 leading-17\">Die Ank\u00fcndigung hat in D\u00fcsseldorf heftige Reaktionen ausgel\u00f6st. Maximilian Lykissas vom B\u00fcndnis &#8222;D\u00fcsseldorf stellt sich quer&#8220; sieht die Einladung H\u00f6ckes laut der &#8222;Rheinischen Post&#8220; als Provokation der Stadtgesellschaft an. H\u00f6cke gilt als Vertreter des rechtsextremen Fl\u00fcgels innerhalb der AfD. Seine Auftritte rufen regelm\u00e4\u00dfig Kontroversen und Proteste hervor.<\/p>\n<p class=\"text-18 leading-17\">Das B\u00fcndnis kritisiert die geplante Veranstaltung und fordert von der Stadt, den Auftritt zu verhindern. Zudem k\u00fcndigt das B\u00fcndnis eine Demonstration an.<\/p>\n<p class=\"text-18 leading-17\">Auch die SPD D\u00fcsseldorf kritisiert das Vorhaben, H\u00f6cke in Garath auftreten zu lassen, scharf. In einer Pressemitteilung vom Donnerstag k\u00fcndigt die Partei Gegenma\u00dfnahmen an.<\/p>\n<p class=\"text-18 leading-17\">Adis Selimi, Vorsitzender der SPD D\u00fcsseldorf, erkl\u00e4rt: &#8222;Es ist vollkommen inakzeptabel, dass eine st\u00e4dtische Einrichtung einer Person zur Verf\u00fcgung gestellt werden soll, die als gesichert rechtsextremistisch gilt und deren Ideologie unserer Demokratie frontal widerspricht.&#8220; Er fordert die Stadt auf, den Mietvertrag zu pr\u00fcfen und die Ausladung zu veranlassen.<\/p>\n<p class=\"text-18 leading-17\">Zudem verweist die SPD auf einen \u00e4hnlichen Fall im B\u00fcrgerhaus Bilk. Dort trat im September der als rechtsextrem eingestufte G\u00f6tz Kubitschek trotz Protesten auf. Die Partei sieht in H\u00f6ckes geplantem Auftritt eine weitere Eskalation.<\/p>\n<p class=\"text-18 leading-17\">Sabrina Proschmann, Vorsitzende der SPD\/Volt-Ratsfraktion, betont, dass die Stadt ein Regelwerk f\u00fcr solche F\u00e4lle habe. Sie erwartet dessen konsequente Anwendung. &#8222;H\u00f6cke darf nicht im Kulturhaus S\u00fcd auftreten&#8220;, sagt Proschmann.<\/p>\n<p class=\"text-18 leading-17\">Selimi erg\u00e4nzt: &#8222;Bj\u00f6rn H\u00f6cke ist kein normaler Oppositionspolitiker. Er steht f\u00fcr eine menschenverachtende Ideologie, die unserem Grundgesetz widerspricht.&#8220; Er betont D\u00fcsseldorfs Rolle als weltoffene, demokratische Stadt.<\/p>\n<p class=\"text-18 leading-17\">Die SPD k\u00fcndigt an, mit zivilgesellschaftlichen B\u00fcndnissen und demokratischen Partnern gegen den geplanten Auftritt zu mobilisieren.<\/p>\n<p class=\"text-18 leading-17\">Die Stadt D\u00fcsseldorf verweist bei einer t-online-Anfrage der Lokalredaktion in D\u00fcsseldorf auf das Vermietungskonzept &#8222;Kein Raum f\u00fcr Hetze&#8220;, welches auf einem Ratsauftrag basiert. Es ber\u00fccksichtigt das Neutralit\u00e4tsgebot und den Gleichbehandlungsanspruch potentieller Nutzer und erm\u00f6glicht die Nutzung durch Dritte. Gleichzeitig soll es vor problematischen Inhalten sch\u00fctzen.<\/p>\n<p class=\"text-18 leading-17\">Eine Stadtsprecherin erkl\u00e4rt, R\u00e4ume in st\u00e4dtischen B\u00fcrgerh\u00e4usern k\u00f6nnten von Dritten gemietet werden. Das Konzept definiere dabei jedoch klare Grenzen.<br \/>Die Stadt k\u00f6nne Veranstaltungen mit rassistischen, antisemitischen oder anderen menschenfeindlichen Inhalten ablehnen. Die Verwaltung stehe dabei jedoch auch vor rechtlichen Herausforderungen.<\/p>\n<p class=\"text-18 leading-17\">Ein Gerichtsurteil vom Juni 2024 erschwere die Ablehnung problematischer Veranstaltungen. Laut Klespe muss eine &#8222;hohe Wahrscheinlichkeit&#8220; f\u00fcr die Begehung von Straftaten nachgewiesen werden. Bei m\u00f6glichen \u00c4u\u00dferungsdelikten gestalte sich dies besonders schwierig. Die Sprecherin betont, dass daf\u00fcr die Kenntnis konkreter Redebeitr\u00e4ge n\u00f6tig w\u00e4re. Diese l\u00e4gen der Verwaltung meist nicht vor. Die Stadt D\u00fcsseldorf pr\u00fcft, wie sie das Konzept rechtssicher umsetzen kann. Weitere Anpassungen bleiben m\u00f6glich, hei\u00dft es allerdings.<\/p>\n","protected":false},"excerpt":{"rendered":"Kritik an Auftritt in Garath AfD plant Veranstaltung mit H\u00f6cke im B\u00fcrgerhaus 11.12.2025 &#8211; 13:14 UhrLesedauer: 2 Min.&hellip;\n","protected":false},"author":2,"featured_media":639109,"comment_status":"","ping_status":"","sticky":false,"template":"","format":"standard","meta":{"footnotes":""},"categories":[1831],"tags":[186,5159,35599,3364,29,3405,54575,7852,30,75155,3467,1209,176,14798,150664,184],"class_list":{"0":"post-639108","1":"post","2":"type-post","3":"status-publish","4":"format-standard","5":"has-post-thumbnail","7":"category-duesseldorf","8":"tag-afd","9":"tag-bjoern-hoecke","10":"tag-buergerhaus","11":"tag-de","12":"tag-deutschland","13":"tag-duesseldorf","14":"tag-duesseldorf-garath","15":"tag-garath","16":"tag-germany","17":"tag-hoecke","18":"tag-landeshauptstadt","19":"tag-nordrhein-westfalen","20":"tag-nrw","21":"tag-rheinische-post","22":"tag-sabrina-proschmann","23":"tag-spd"},"share_on_mastodon":{"url":"https:\/\/pubeurope.com\/@de\/115700906912688725","error":""},"_links":{"self":[{"href":"https:\/\/www.europesays.com\/de\/wp-json\/wp\/v2\/posts\/639108","targetHints":{"allow":["GET"]}}],"collection":[{"href":"https:\/\/www.europesays.com\/de\/wp-json\/wp\/v2\/posts"}],"about":[{"href":"https:\/\/www.europesays.com\/de\/wp-json\/wp\/v2\/types\/post"}],"author":[{"embeddable":true,"href":"https:\/\/www.europesays.com\/de\/wp-json\/wp\/v2\/users\/2"}],"replies":[{"embeddable":true,"href":"https:\/\/www.europesays.com\/de\/wp-json\/wp\/v2\/comments?post=639108"}],"version-history":[{"count":0,"href":"https:\/\/www.europesays.com\/de\/wp-json\/wp\/v2\/posts\/639108\/revisions"}],"wp:featuredmedia":[{"embeddable":true,"href":"https:\/\/www.europesays.com\/de\/wp-json\/wp\/v2\/media\/639109"}],"wp:attachment":[{"href":"https:\/\/www.europesays.com\/de\/wp-json\/wp\/v2\/media?parent=639108"}],"wp:term":[{"taxonomy":"category","embeddable":true,"href":"https:\/\/www.europesays.com\/de\/wp-json\/wp\/v2\/categories?post=639108"},{"taxonomy":"post_tag","embeddable":true,"href":"https:\/\/www.europesays.com\/de\/wp-json\/wp\/v2\/tags?post=639108"}],"curies":[{"name":"wp","href":"https:\/\/api.w.org\/{rel}","templated":true}]}}