{"id":639110,"date":"2025-12-11T12:21:13","date_gmt":"2025-12-11T12:21:13","guid":{"rendered":"https:\/\/www.europesays.com\/de\/639110\/"},"modified":"2025-12-11T12:21:13","modified_gmt":"2025-12-11T12:21:13","slug":"comedy-clash-finale-im-wizemann-im-naechsten-jahr-eroeffnet-stuttgarts-erster-comedy-club","status":"publish","type":"post","link":"https:\/\/www.europesays.com\/de\/639110\/","title":{"rendered":"Comedy-Clash-Finale im Wizemann: Im n\u00e4chsten Jahr er\u00f6ffnet Stuttgarts erster Comedy-Club"},"content":{"rendered":"<p>Gibt\u2019s in <a href=\"https:\/\/www.stuttgarter-zeitung.de\/thema\/Stuttgart\" title=\"Stuttgart\" class=\"art_thema\" target=\"_blank\" rel=\"noopener\">Stuttgart<\/a> nix zum Lachen? Dies mag manch einer bis hoch in den Norden der Republik immer noch denken. Dabei ist die Wahrheit eine andere: Stuttgart mischt im deutschen Humor-Kosmos ganz vorne mit. Die oft verkannte Stadt erlebt gerade eine geradezu komische Zeitenwende und entwickelt sich zu einem der lebendigsten Stand-up-Hotspots des Landes.<\/p>\n<p> Sp\u00e4testens nach dem Finale der SWR-Show Comedy Clash im ausverkauften Wizemann ist klar: Stuttgart ist auf dem besten Weg, ein \u00fcberregional bedeutendes Zentrum f\u00fcr Stand-up zu werden. <\/p>\n<p>Beim Eleven Comedy Club darf man zum Lachen in den Keller gehen  <\/p>\n<p>Der hiesige Trend zum Zweitgag bekommt nun sogar ein dauerhaftes Zuhause. Im Fr\u00fchjahr 2026 er\u00f6ffnet im historischen Marquardt-Geb\u00e4ude an der K\u00f6nigstra\u00dfe der Eleven Comedy Club \u2013 der erste echte Comedy-Club der Stadt. Im Keller, wo momentan der<a href=\"https:\/\/www.stuttgarter-zeitung.de\/inhalt.nachtleben-in-stuttgart-lerche-22-hebt-ab-neuer-club-bringt-frischen-sound-in-die-stadt.abb73292-d6f5-455b-85dc-725a6bb79774.html\" target=\"_blank\" rel=\"noopener\"> Pop-up-Club Lerche 22 <\/a>residiert, werden sich k\u00fcnftig Talente der Stand-up-Szene die Klinke aus der Hand rei\u00dfen \u2013 in einem Saal f\u00fcr etwa 100 G\u00e4ste. <\/p>\n<p>  \u201eDie s\u00fcddeutsche Antwort auf Felix Lobrecht\u201c <\/p>\n<p>An der selben Adresse befindet sich seit fast 75 Jahren die Kom\u00f6die im Marquardt im oberen Stock. K\u00fcnftig kann man in diesem fr\u00fcheren Hotelgeb\u00e4ude zum Lachen sogar noch in den Keller gehen. Hinter dem neuen Eleven Club stehen die Stuttgarter Entertainment-Firmen <a href=\"https:\/\/www.endgame-entertainment.de\/\" target=\"_blank\" rel=\"noopener\">Endgame<\/a> und <a href=\"https:\/\/chimperator-live.de\/\" target=\"_blank\" rel=\"noopener\">Chimperato<\/a>r. Kopf des Projekts: Emmvee, \u201edie s\u00fcddeutsche Antwort auf Felix Lobrecht\u201c, wie Comedy-Clash-Host Marvin Endres mit Stolz sagt. <\/p>\n<p>Der aus Bietigheim stammende Emmvee hat erst vor wenigen Tagen die Porsche-Arena gef\u00fcllt \u2013 ein Ritterschlag f\u00fcr jeden jungen Comedian. Nun bekommt er seinen eigenen Club, der m\u00f6glicherweise parallel mit der Lerche 22 betrieben wird. Die Vision: Ein neues Zuhause f\u00fcr regelm\u00e4\u00dfige Stand-up-N\u00e4chte, Talentshows, Experimente \u2013 f\u00fcr all jene, die Comedy nicht nur konsumieren, sondern gestalten wollen.<\/p>\n<p>  <img decoding=\"async\" loading=\"lazy\" src=\"https:\/\/www.europesays.com\/de\/wp-content\/uploads\/2025\/12\/media.media.e35ce62c-ad0e-43e7-b576-80699a5ac4b0.original1024.media.jpeg\"\/>     Influencerin und Youtuberin Jasmin Gnu.    Foto: engelhard-photography-    <\/p>\n<p>Dass Stuttgart ein Publikum f\u00fcr solche Ambitionen hat, unterstreicht das dreist\u00fcndige Finale des Comedy Clash mit donnerndem Applaus. Jasmin Gnu, die Stuttgarter Influencerin und Youtuberin, hat die Live-\u00dcbertragung auf dem ARD-Twitch-Kanal moderiert. F\u00fcr die ARD-Mediathek wird eine gek\u00fcrzte Version geschnitten, auch eine lineare Ausstrahlung ist f\u00fcrs n\u00e4chste Jahr geplant. Und weil es so gut l\u00e4uft, hat der SWR, der sonst eisern sparen muss, bereits gr\u00fcnes Licht f\u00fcr Staffel f\u00fcnf gegeben. Beim jungen Publikum setzt der Sender vor allem auf die Mediathek.<\/p>\n<p>Beim Finale im Wizemann treten drei Sieger und eine Siegerin aus den Vorrunden gegeneinander an. Das Publikum im Saal und die Zuschauer im Stream entschieden gemeinsam \u00fcber die Platzierungen.<\/p>\n<p>Den ersten Platz holt sich Freddy Eku\u00e9, in \u00d6sterreich geboren, in Bayern lebend, mit togolesischen Wurzeln \u2013 mit seiner herrlich selbstironischen Art. Der junge Mann stellt klar: \u201eIch hab weder die deutsche P\u00fcnktlichkeit noch den togolesischen Frohsinn.\u201c Stattdessen: ADHS, Legasthenie und eine gro\u00dfe Portion Charisma.<\/p>\n<p> \u201eHatten Sie Sex in Afrika? Mit einem Mann oder einer Frau?\u201c <\/p>\n<p>Sein Highlight: eine absurde, h\u00f6chst intime und urkomische Geschichte \u00fcber einen mysteri\u00f6sen Ausschlag an seinem Hintern, der das \u00c4rzteteam einer dermatologischen Klinik in helle Aufruhr versetzte und zu hitzigen Debatten brachte. Die Fragen der \u00c4rzte (\u201eWaren Sie in Afrika?\u201c, \u201eHatten Sie Sex?\u201c, \u201eMit einer Mann oder einer Frau?\u201c) steigern sich bis zum Verdacht auf Affenpocken \u2013 woraufhin Eku\u00e9 erstaunt fragt: \u201eAffenpocken vom Affenpoppen?\u201c Der Saal explodiert.<\/p>\n<p>Mit dieser Mischung aus Selbstironie, Tabubruch und Timing setzt er sich gegen die drei weitere Finalisten durch.F\u00fcr emotionale Tiefe und G\u00e4nsehautmomente sorgt Carl Josef, der 21-j\u00e4hrige Comedian im Rollstuhl. Er tritt au\u00dferhalb des Wettbewerbs an \u2013 und liefert einen Auftritt, der ebenso mutig wie r\u00fchrend ist. Carl Josef hat die unheilbare Krankheit Muskeldystrophie Duchenne, seine Lebenserwartung liegt bei etwa 30 Jahren. Er thematisiert das mit drastischem, schwarzem Humor: Ein Bankberater habe ihm einen Bausparvertrag verkaufen wollen. \u201eWollt ihr das Haus auf meinem Grab bauen?\u201c, fragt Carl Josef trocken.<\/p>\n<p>   <img decoding=\"async\" loading=\"lazy\" src=\"https:\/\/www.europesays.com\/de\/wp-content\/uploads\/2025\/12\/media.media.bc0e5d84-01fb-4882-b97c-1b29d263b6e9.original1024.media.jpeg\"\/>     Sorgt f\u00fcr G\u00e4nsehautmomente: Comedian Carl Josef im Rollstuhl    Foto: engelhard-photography-    Den \u201eneidischen Blick von Oliver Pocher\u201c vergisst er nie <\/p>\n<p>\u00dcber sein Leben sagt er: \u201eWenn man nicht so viel Zeit vor sich hat, sieht man vieles anders.\u201c Und nat\u00fcrlich macht er auch vor K\u00f6rperhumor nicht halt, spricht \u00fcber seinen gro\u00dfen Wuchs an zentraler Stelle unterhalb der G\u00fcrtellinie. Beim Festivalbesuch habe ihm ein Team aus Kollegen beim Toilettengang geholfen. \u201eIch werde den neidischen Blick von Oliver Pocher nie vergessen\u201c, erz\u00e4hlt er \u2013 und das Publikum lacht Tr\u00e4nen. <\/p>\n<p>Nach der Entscheidung wird im Wizemann weitergefeiert: Foto-Wall, roter Teppich, DJ Leif M\u00fcller \u2013 die After-Show-Party zeigt, wie viel Lust auf Comedy in dieser Stadt steckt. K\u00fcnstler, G\u00e4ste, Fans: Alle mischen sich untereinander, es wird gelacht, getanzt, posiert. Der Comedy Clash 2025 f\u00fchrt vor, dass die deutsche Stand-up-Szene bunter, vielf\u00e4ltiger und mutiger wird \u2013 und dass Stuttgart mit gro\u00dfer Energie mitmischt. Mit dem Eleven Comedy Club gibt\u2019s daf\u00fcr bald sogar einen festen Ort. <\/p>\n","protected":false},"excerpt":{"rendered":"Gibt\u2019s in Stuttgart nix zum Lachen? Dies mag manch einer bis hoch in den Norden der Republik immer&hellip;\n","protected":false},"author":2,"featured_media":639111,"comment_status":"","ping_status":"","sticky":false,"template":"","format":"standard","meta":{"footnotes":""},"categories":[1830],"tags":[4657,1634,150666,150665,3364,29,150667,30,1441,85897],"class_list":{"0":"post-639110","1":"post","2":"type-post","3":"status-publish","4":"format-standard","5":"has-post-thumbnail","7":"category-stuttgart","8":"tag-stadtreporter","9":"tag-baden-wuerttemberg","10":"tag-comedy-clash","11":"tag-comedy-club","12":"tag-de","13":"tag-deutschland","14":"tag-emmvee","15":"tag-germany","16":"tag-stuttgart","17":"tag-textmanager"},"share_on_mastodon":{"url":"https:\/\/pubeurope.com\/@de\/115700910810035462","error":""},"_links":{"self":[{"href":"https:\/\/www.europesays.com\/de\/wp-json\/wp\/v2\/posts\/639110","targetHints":{"allow":["GET"]}}],"collection":[{"href":"https:\/\/www.europesays.com\/de\/wp-json\/wp\/v2\/posts"}],"about":[{"href":"https:\/\/www.europesays.com\/de\/wp-json\/wp\/v2\/types\/post"}],"author":[{"embeddable":true,"href":"https:\/\/www.europesays.com\/de\/wp-json\/wp\/v2\/users\/2"}],"replies":[{"embeddable":true,"href":"https:\/\/www.europesays.com\/de\/wp-json\/wp\/v2\/comments?post=639110"}],"version-history":[{"count":0,"href":"https:\/\/www.europesays.com\/de\/wp-json\/wp\/v2\/posts\/639110\/revisions"}],"wp:featuredmedia":[{"embeddable":true,"href":"https:\/\/www.europesays.com\/de\/wp-json\/wp\/v2\/media\/639111"}],"wp:attachment":[{"href":"https:\/\/www.europesays.com\/de\/wp-json\/wp\/v2\/media?parent=639110"}],"wp:term":[{"taxonomy":"category","embeddable":true,"href":"https:\/\/www.europesays.com\/de\/wp-json\/wp\/v2\/categories?post=639110"},{"taxonomy":"post_tag","embeddable":true,"href":"https:\/\/www.europesays.com\/de\/wp-json\/wp\/v2\/tags?post=639110"}],"curies":[{"name":"wp","href":"https:\/\/api.w.org\/{rel}","templated":true}]}}