{"id":639114,"date":"2025-12-11T12:23:15","date_gmt":"2025-12-11T12:23:15","guid":{"rendered":"https:\/\/www.europesays.com\/de\/639114\/"},"modified":"2025-12-11T12:23:15","modified_gmt":"2025-12-11T12:23:15","slug":"tipps-vom-profi-so-bleibt-der-weihnachtsbaum-laenger-frisch","status":"publish","type":"post","link":"https:\/\/www.europesays.com\/de\/639114\/","title":{"rendered":"Tipps vom Profi: So bleibt der Weihnachtsbaum l\u00e4nger frisch"},"content":{"rendered":"<p class=\"p1 sm:p1-medium items-start pb-[20px]\" data-selector=\"body-paragraph\" data-external-selector=\"body-elements-paragraph\" data-v-f16c667d=\"\" data-v-439309db=\"\">Wenn die schon etwas in die Jahre gekommenen Werbeplanen am Niedkerbeplatz aufgezogen werden, wei\u00df jeder: Michael R\u00f6ckel ist wieder da. Seit zwei Jahrzehnten steht der Vierundsechzigj\u00e4hrige hier am Fluss und verkauft\u00a0 <a data-rtr-index=\"1\" title=\"Weihnachtsbaum\" href=\"https:\/\/www.faz.net\/aktuell\/gesellschaft\/thema\/weihnachtsbaum\" rel=\"nofollow noopener\" target=\"_blank\">Weihnachtsb\u00e4ume<\/a>.<\/p>\n<p class=\"p1 sm:p1-medium items-start pb-[20px]\" data-selector=\"body-paragraph\" data-external-selector=\"body-elements-paragraph\" data-v-f16c667d=\"\" data-v-439309db=\"\">Im Sortiment hat er die Klassiker: Nordmanntanne und Blaufichte. Hinzugekommen sind in diesem Jahr erstmals auch Korktannen,\u00a0 auch \u201eRocky-Mountains-Tannen\u201c genannt. Diese stammen aus dem westlichen Nordamerika. Sie gelten als lange haltbar und duften nach Zitrone. Zumindest sagt das R\u00f6ckel. Und der muss es wissen. Schlie\u00dflich hat er den Duft t\u00e4glich in der Nase.<\/p>\n<p class=\"p1 sm:p1-medium items-start pb-[20px]\" data-selector=\"body-paragraph\" data-external-selector=\"body-elements-paragraph\" data-v-f16c667d=\"\" data-v-439309db=\"\">Auf die Frage, worauf man beim Kauf des perfekten Weihnachtsbaums achten sollte, holt R\u00f6ckel aus.\u00a0 Auf einen hellen Stamm und ein \u201efrisches Gef\u00fchl\u201c in den Nadeln, sagt er. Damit st\u00fcnden die Chancen schon einmal gut, dass der Baum die Feiertage gut \u00fcberstehe. Au\u00dferdem r\u00e4t der Baumkenner, einen St\u00e4nder mit integriertem Wassertank zu verwenden. Einige Tropfen Glycerin f\u00f6rdern laut R\u00f6ckel zudem die Wasseraufnahme des Baumes.<\/p>\n<p><strong>\u201eKurzzeit-Freundschaften\u201c mit Kunden<\/strong><\/p>\n<p class=\"p1 sm:p1-medium items-start pb-[20px]\" data-selector=\"body-paragraph\" data-external-selector=\"body-elements-paragraph\" data-v-f16c667d=\"\" data-v-439309db=\"\">Und was sorgt daf\u00fcr, dass B\u00e4ume schnell nadeln? \u201eFu\u00dfbodenheizungen sind immer ein fr\u00fcher Tod f\u00fcr den Weihnachtsbaum\u201c, sagt R\u00f6ckel, der viele seiner Kunden schon seit Jahren kennt. Die meisten k\u00e4men jedes Jahr wieder. Und das, obwohl die Tannenbaumverk\u00e4ufer l\u00e4ngst Konkurrenz bekommen haben.\u00a0 Kunstb\u00e4ume aus Plastik fluten den Markt. Aber f\u00fcr viele Familien sei das keine Alternative zu einem echten, duftenden Weihnachtsbaum, ist sich\u00a0 R\u00f6ckel sicher.<\/p>\n<p class=\"p1 sm:p1-medium items-start pb-[20px]\" data-selector=\"body-paragraph\" data-external-selector=\"body-elements-paragraph\" data-v-f16c667d=\"\" data-v-439309db=\"\">Seine B\u00e4ume bezieht er aus dem <a data-rtr-index=\"8\" title=\"Spessart\" href=\"https:\/\/www.faz.net\/aktuell\/rhein-main\/thema\/spessart\" rel=\"nofollow noopener\" target=\"_blank\">Spessart<\/a>, genauer gesagt vom Donchelshof der Familie Harnischfeger, rund 70 Kilometer entfernt von Frankfurt \u2013 eine Strecke, die R\u00f6ckel als gute \u00d6kobilanz verbucht. Kalkuliert werde nicht auf Vorrat, sondern nach Bedarf. \u201eAm Ende sind nie mehr als zehn B\u00e4ume \u00fcbrig\u201c.<\/p>\n<p><img decoding=\"async\" alt=\"Um einen leichteren Transport der B\u00e4ume zu erm\u00f6glichen, werden sie in ein Netz eingespannt. Eine Arbeit, die Muskelkraft verlangt.\" height=\"5504\" loading=\"lazy\"   src=\"https:\/\/www.europesays.com\/de\/wp-content\/uploads\/2025\/12\/um-einen-leichteren-transport.webp.webp\" width=\"8256\" class=\"sm:w-content-sm w-full\" tabindex=\"0\"\/>Um einen leichteren Transport der B\u00e4ume zu erm\u00f6glichen, werden sie in ein Netz eingespannt. Eine Arbeit, die Muskelkraft verlangt.Wonge Bergmann<\/p>\n<p class=\"p1 sm:p1-medium items-start pb-[20px]\" data-selector=\"body-paragraph\" data-external-selector=\"body-elements-paragraph\" data-v-f16c667d=\"\" data-v-439309db=\"\">Die Sache mit dem Weihnachtsbaum-Verkauf habe vor vielen Jahren im Hof seiner Familie in Goldstein-Schwanheim begonnen, erinnert er sich. Damals habe sein Bruder Matthias R\u00f6ckel sich etwas zum Studium dazuverdienen wollen und B\u00e4ume zum Kauf angeboten. Eine gute Freundin habe daraufhin die Planen mit Weihnachtsmotiven bemalt. Im Jahr 1992 sei das gewesen, erinnert sich R\u00f6ckel. Seither wurden sie nicht ver\u00e4ndert.<\/p>\n<p class=\"p1 sm:p1-medium items-start pb-[20px]\" data-selector=\"body-paragraph\" data-external-selector=\"body-elements-paragraph\" data-v-f16c667d=\"\" data-v-439309db=\"\">\u201eDie haben wir gehegt und gepflegt, deshalb sehen sie immer noch so gut aus.\u201c Er selbst sei fr\u00fch in das Gesch\u00e4ft eingestiegen, seit 2005 hat er es \u00fcbernommen. Im vergangenen Jahr habe dann auch noch der letzte verbliebene Mitbewerber in Nied aufgeh\u00f6rt. Seither versorgt R\u00f6ckel allein Kinderg\u00e4rten, Schulen und Kirchen in dem Frankfurter Stadtteil mit B\u00e4umen der unterschiedlichsten Gr\u00f6\u00dfe. Fast alle Kunden kennt er pers\u00f6nlich \u2013 \u201edas ist wie eine Kurzzeit-Freundschaft\u201c, sagt er.<\/p>\n<p class=\"p1 sm:p1-medium items-start pb-[20px]\" data-selector=\"body-paragraph\" data-external-selector=\"body-elements-paragraph\" data-v-f16c667d=\"\" data-v-439309db=\"\">Ihm zur Seite steht Sohn Luke Khattar-R\u00f6ckel. Zusammen mit Dirk Hages, einem Freund der Familie, will er den kleinen Familienbetrieb in den n\u00e4chsten Jahren \u00fcbernehmen. Denn Michael R\u00f6ckel will sich langsam etwas zur\u00fccknehmen. Der gelernte Haustechniker ist im Oktober vergangenen Jahres in den Ruhestand gegangen, arbeitet aber weiterhin auf Minijobbasis. Jetzt will er es ein bisschen gem\u00fctlicher angehen und die Vorweihnachtszeit auch mal genie\u00dfen. So ganz kann und will er aber nicht auf die k\u00f6rperlich oft anstrengende Arbeit verzichten. Das Auszeichnen der B\u00e4ume im August geh\u00f6rt zu seinen liebsten Aufgaben im Gesch\u00e4ft, \u201edas mache ich so lange, wie ich noch laufen kann\u201c.<\/p>\n<p class=\"p1 sm:p1-medium items-start pb-[20px]\" data-selector=\"body-paragraph\" data-external-selector=\"body-elements-paragraph\" data-v-f16c667d=\"\" data-v-439309db=\"\">Wenn Wind und Wetter am Platz zerren, bietet der Wohnwagen seiner Schwester mit gem\u00fctlicher Sitzgruppe einen warmen R\u00fcckzugsort. Das Gesch\u00e4ft verlange trotzdem \u201einnere H\u00e4rte\u201c, sagt R\u00f6ckel. Man m\u00fcsse anpacken k\u00f6nnen, Kraft haben. Seinem Sohn traue er diese F\u00e4higkeiten voll und ganz zu.<\/p>\n<p class=\"p1 sm:p1-medium items-start pb-[20px]\" data-selector=\"body-paragraph\" data-external-selector=\"body-elements-paragraph\" data-v-f16c667d=\"\" data-v-439309db=\"\">Verkauft wird bis Heiligabend \u2013 dann werden die Planen wieder eingerollt. Bis zum n\u00e4chsten Winter, wenn Familie R\u00f6ckel wieder zahlreiche Familien mit Weihnachtsb\u00e4umen versorgt.<\/p>\n","protected":false},"excerpt":{"rendered":"Wenn die schon etwas in die Jahre gekommenen Werbeplanen am Niedkerbeplatz aufgezogen werden, wei\u00df jeder: Michael R\u00f6ckel ist&hellip;\n","protected":false},"author":2,"featured_media":639115,"comment_status":"","ping_status":"","sticky":false,"template":"","format":"standard","meta":{"footnotes":""},"categories":[1829],"tags":[29,2050,2051,30,2052],"class_list":{"0":"post-639114","1":"post","2":"type-post","3":"status-publish","4":"format-standard","5":"has-post-thumbnail","7":"category-frankfurt-am-main","8":"tag-deutschland","9":"tag-frankfurt","10":"tag-frankfurt-am-main","11":"tag-germany","12":"tag-hessen"},"share_on_mastodon":{"url":"https:\/\/pubeurope.com\/@de\/115700919314474432","error":""},"_links":{"self":[{"href":"https:\/\/www.europesays.com\/de\/wp-json\/wp\/v2\/posts\/639114","targetHints":{"allow":["GET"]}}],"collection":[{"href":"https:\/\/www.europesays.com\/de\/wp-json\/wp\/v2\/posts"}],"about":[{"href":"https:\/\/www.europesays.com\/de\/wp-json\/wp\/v2\/types\/post"}],"author":[{"embeddable":true,"href":"https:\/\/www.europesays.com\/de\/wp-json\/wp\/v2\/users\/2"}],"replies":[{"embeddable":true,"href":"https:\/\/www.europesays.com\/de\/wp-json\/wp\/v2\/comments?post=639114"}],"version-history":[{"count":0,"href":"https:\/\/www.europesays.com\/de\/wp-json\/wp\/v2\/posts\/639114\/revisions"}],"wp:featuredmedia":[{"embeddable":true,"href":"https:\/\/www.europesays.com\/de\/wp-json\/wp\/v2\/media\/639115"}],"wp:attachment":[{"href":"https:\/\/www.europesays.com\/de\/wp-json\/wp\/v2\/media?parent=639114"}],"wp:term":[{"taxonomy":"category","embeddable":true,"href":"https:\/\/www.europesays.com\/de\/wp-json\/wp\/v2\/categories?post=639114"},{"taxonomy":"post_tag","embeddable":true,"href":"https:\/\/www.europesays.com\/de\/wp-json\/wp\/v2\/tags?post=639114"}],"curies":[{"name":"wp","href":"https:\/\/api.w.org\/{rel}","templated":true}]}}