{"id":639124,"date":"2025-12-11T12:28:21","date_gmt":"2025-12-11T12:28:21","guid":{"rendered":"https:\/\/www.europesays.com\/de\/639124\/"},"modified":"2025-12-11T12:28:21","modified_gmt":"2025-12-11T12:28:21","slug":"skandinavisches-luciafest-schwedische-wintermagie-verzaubert-muenchen","status":"publish","type":"post","link":"https:\/\/www.europesays.com\/de\/639124\/","title":{"rendered":"Skandinavisches Luciafest: Schwedische Wintermagie verzaubert M\u00fcnchen"},"content":{"rendered":"<p>Tradition aus dem Norden <\/p>\n<p>Skandinavisches Adventsgef\u00fchl kommt nach M\u00fcnchen<\/p>\n<p>Aktualisiert am 11.12.2025 &#8211; 12:51 UhrLesedauer: 1 Min.<\/p>\n<p><a href=\"#focus-0\" class=\"transition-colors duration-200 block text-current relative\" data-sctrack=\"FocusGalleryImage.Reference\"><img fetchpriority=\"high\" data-testid=\"Opener.Image\" style=\"--lqipURL:url('https:\/\/images.t-online.de\/2021\/11\/76470576v4\/0x103:1920x1080\/fit-in\/150x0\/filters:blur(25)\/luciafest-zur-feier-der-wintersonnenwende-wird-eine-lichterkoenigin-mit-einem-kerzenkranz-gekuert.jpg')\"   loading=\"eager\" src=\"https:\/\/www.europesays.com\/de\/wp-content\/uploads\/2025\/12\/luciafest-zur-feier-der-wintersonnenwende-wird-eine-lichterkoenigin-mit-einem-kerzenkranz-gekuert.jp.jpeg\" alt=\"Luciafest: Zur Feier der Wintersonnenwende wird eine Lichterk\u00f6nigin mit einem Kerzenkranz gek\u00fcrt.\" title=\"Luciafest: Zur Feier der Wintersonnenwende wird eine Lichterk\u00f6nigin mit einem Kerzenkranz gek\u00fcrt.\" width=\"1920\" height=\"1080\" class=\"bg-[url:var(--lqipURL)] bg-cover bg-center flex h-full w-full max-w-full\" decoding=\"async\"\/><img style=\"--width:32;--height:32\" loading=\"lazy\" src=\"https:\/\/muenchen.t-online.de\/s\/paper\/_next\/static\/media\/zoom-in.f7dae02f.svg\" alt=\"Vergr\u00f6\u00dfern des Bildes\" title=\"Vergr\u00f6\u00dfern des Bildes\" class=\"block h-[calc(var(--height)_\/_16_*_1rem)] w-[calc(var(--width)_\/_16_*_1rem)] max-w-none absolute bottom-8 right-8 rounded-4 bg-snow p-8\" decoding=\"async\"\/><\/a><\/p>\n<p>Luciafest: Zur Feier der Wintersonnenwende wird eine Lichterk\u00f6nigin mit einem Kerzenkranz gek\u00fcrt (Symbolbild). In M\u00fcnchen wird mit einem Konzert die Tradition fortgef\u00fchrt. (Quelle: epd\/imago-images-bilder)<\/p>\n<p class=\"font-bold text-18 leading-17\">Kerzenkronen, Chorgesang und nordische Melodien: In der Matth\u00e4uskirche wird das schwedische Luciafest gefeiert \u2013 mit G\u00e4sten und einer Urauff\u00fchrung.<\/p>\n<p class=\"text-18 leading-17\">In Schweden ist es ein fester Bestandteil der Vorweihnachtszeit: Das Luciafest mit seiner stillen Prozession, wei\u00dfen Gew\u00e4ndern und leuchtenden Kerzenkr\u00e4nzen. Auch in M\u00fcnchen wird diese Tradition nun auf die B\u00fchne gebracht \u2013 musikalisch, stimmungsvoll und mit viel skandinavischer Atmosph\u00e4re.<\/p>\n<p class=\"text-18 leading-17\">Mit einem musikalisch inszenierten Luciafest bringt das Scandinavian Ensemble, einem schwedischen Chorverein in M\u00fcnchen, am Samstag, 13. Dezember, schwedisches Winterlicht in die M\u00fcnchner Matth\u00e4uskirche \u2013 und feiert dabei sein 15-j\u00e4hriges Jubil\u00e4um. Das Konzertprogramm verbindet klassische Lucia-Lieder mit modernen Arrangements und festlicher Chormusik. F\u00fcr den besonderen Anlass hat der preisgekr\u00f6nte Komponist Henrik Ajax ein neues Werk geschrieben: &#8222;Vintervila&#8220; \u2013 Winterruhe.<\/p>\n<p class=\"text-18 leading-17\">Das Scandinavian Ensemble feiert 15 Jahre Chorarbeit und bekommt dabei internationale Unterst\u00fctzung: Die schwedische S\u00e4ngerin Andrea Stjernedal reist eigens zum Jubil\u00e4um an. An Violine und Nyckelharpa (einem schwedischen Traditionsinstrument, das einer Geige \u00e4hnelt) spielt Charlotte Deimel, begleitet von Henrik Ajax am Klavier. Die Leitung hat Elin Keim.<\/p>\n<p class=\"text-18 leading-17\">Die &#8222;Schwedische Wintermagie&#8220; ist am Samstag, 13. Dezember 2025, gleich zwei Mal in der Matth\u00e4uskirche in der Nu\u00dfbaumstra\u00dfe 1 zu erleben: Nachmittags von 16:00 bis 17:20 Uhr und am Abend von 19:30 bis 20:50 Uhr. Der Eintritt kostet 20 Euro f\u00fcr Erwachsene, Kinder bis 12 Jahre zahlen einen Euro. Tickets sind online hier erh\u00e4ltlich.<\/p>\n","protected":false},"excerpt":{"rendered":"Tradition aus dem Norden Skandinavisches Adventsgef\u00fchl kommt nach M\u00fcnchen Aktualisiert am 11.12.2025 &#8211; 12:51 UhrLesedauer: 1 Min. Luciafest:&hellip;\n","protected":false},"author":2,"featured_media":639125,"comment_status":"","ping_status":"","sticky":false,"template":"","format":"standard","meta":{"footnotes":""},"categories":[1827],"tags":[150668,772,31865,85452,29,30,150671,150670,150669,71402,1268,150673,1319,37142,12289,150672],"class_list":{"0":"post-639124","1":"post","2":"type-post","3":"status-publish","4":"format-standard","5":"has-post-thumbnail","7":"category-muenchen","8":"tag-adventsgefuehl","9":"tag-bayern","10":"tag-chorgesang","11":"tag-christkindlmarkt","12":"tag-deutschland","13":"tag-germany","14":"tag-henrik-ajax","15":"tag-kerzenkranz","16":"tag-kerzenkrone","17":"tag-matthaeuskirche","18":"tag-muenchen","19":"tag-santa-lucia","20":"tag-schweden","21":"tag-skandinavien","22":"tag-weihnachten","23":"tag-wintersonnenwende"},"share_on_mastodon":{"url":"https:\/\/pubeurope.com\/@de\/115700939895336346","error":""},"_links":{"self":[{"href":"https:\/\/www.europesays.com\/de\/wp-json\/wp\/v2\/posts\/639124","targetHints":{"allow":["GET"]}}],"collection":[{"href":"https:\/\/www.europesays.com\/de\/wp-json\/wp\/v2\/posts"}],"about":[{"href":"https:\/\/www.europesays.com\/de\/wp-json\/wp\/v2\/types\/post"}],"author":[{"embeddable":true,"href":"https:\/\/www.europesays.com\/de\/wp-json\/wp\/v2\/users\/2"}],"replies":[{"embeddable":true,"href":"https:\/\/www.europesays.com\/de\/wp-json\/wp\/v2\/comments?post=639124"}],"version-history":[{"count":0,"href":"https:\/\/www.europesays.com\/de\/wp-json\/wp\/v2\/posts\/639124\/revisions"}],"wp:featuredmedia":[{"embeddable":true,"href":"https:\/\/www.europesays.com\/de\/wp-json\/wp\/v2\/media\/639125"}],"wp:attachment":[{"href":"https:\/\/www.europesays.com\/de\/wp-json\/wp\/v2\/media?parent=639124"}],"wp:term":[{"taxonomy":"category","embeddable":true,"href":"https:\/\/www.europesays.com\/de\/wp-json\/wp\/v2\/categories?post=639124"},{"taxonomy":"post_tag","embeddable":true,"href":"https:\/\/www.europesays.com\/de\/wp-json\/wp\/v2\/tags?post=639124"}],"curies":[{"name":"wp","href":"https:\/\/api.w.org\/{rel}","templated":true}]}}