{"id":639130,"date":"2025-12-11T12:31:18","date_gmt":"2025-12-11T12:31:18","guid":{"rendered":"https:\/\/www.europesays.com\/de\/639130\/"},"modified":"2025-12-11T12:31:18","modified_gmt":"2025-12-11T12:31:18","slug":"berlin-brandenburg-erneut-schuesse-in-der-nacht-mann-schwer-verletzt","status":"publish","type":"post","link":"https:\/\/www.europesays.com\/de\/639130\/","title":{"rendered":"Berlin &#038; Brandenburg: Erneut Sch\u00fcsse in der Nacht &#8211; Mann schwer verletzt"},"content":{"rendered":"<p>Berlin &amp; BrandenburgErneut Sch\u00fcsse in der Nacht &#8211; Mann schwer verletzt<img decoding=\"async\" class=\"Image_img__fQCi0 Image_Img_16_9__4BLfH\" loading=\"eager\" fetchpriority=\"high\" src=\"https:\/\/www.europesays.com\/de\/wp-content\/uploads\/2025\/12\/Ein-Mann-wird-nachts-vor-einem-Spaeti-in-Berlin-Spandau-angeschossen.webp.webp\" alt=\"Ein-Mann-wird-nachts-vor-einem-Spaeti-in-Berlin-Spandau-angeschossen\"\/>(Foto: Marcel Kusch\/dpa)TeilenFolgen auf:<a href=\"https:\/\/www.whatsapp.com\/channel\/0029Va5cdVJD8SDp5YZgYF01\" title=\"Auf WhatsApp folgen\" target=\"_blank\" rel=\"noopener\"><img decoding=\"async\" src=\"https:\/\/www.n-tv.de\/socialIcons\/whatsapp.svg\" alt=\"whatsapp\" class=\"ArticleShare_icon__FsrC2\"\/><\/a><a href=\"https:\/\/news.google.com\/publications\/CAAiEPMdif5mpRNxiLOeUpHCwwsqFAgKIhDzHYn-ZqUTcYiznlKRwsML?hl=de&amp;gl=DE&amp;ceid=DE%3Ade\" title=\"Auf Google News folgen\" target=\"_blank\" rel=\"noopener\"><img decoding=\"async\" src=\"https:\/\/www.n-tv.de\/socialIcons\/google.svg\" alt=\"whatsapp\" class=\"ArticleShare_icon__FsrC2\"\/><\/a><\/p>\n<p class=\"Typography_text-m__XI0da Typography_weight-bold__uT6mq storyline_lead_text_leadtext__q_wg8\">In Berlin wird ein Mann vor einem Sp\u00e4tkauf angeschossen. Die Polizei nimmt kurz darauf drei Verd\u00e4chtige fest.<\/p>\n<p class=\"Typography_text-default__P3otY Typography_weight-normal__pqUbH storyline_paragraph_p__qSR5N\">Berlin (dpa\/bb) &#8211; Schon wieder ist in Berlin ein Mann angeschossen und schwer verletzt worden. Mehrere M\u00e4nner schossen gegen 0.30 Uhr vor einem Sp\u00e4tkauf in Spandau mehrfach auf den 31-J\u00e4hrigen, wie die Polizei mitteilte. Die T\u00e4ter flohen danach zun\u00e4chst mit Autos.<\/p>\n<p class=\"Typography_text-default__P3otY Typography_weight-normal__pqUbH storyline_paragraph_p__qSR5N\">Etwas sp\u00e4ter stie\u00dfen Polizisten bei der Fahndung auf einen Wagen, in dem drei M\u00e4nner im Alter von 25, 34 und 39 Jahren sa\u00dfen. Sie wurden vorl\u00e4ufig festgenommen. Das Auto wurde zur Spurensuche sichergestellt.<\/p>\n<p class=\"Typography_text-default__P3otY Typography_weight-normal__pqUbH storyline_paragraph_p__qSR5N\">Nach den Sch\u00fcssen k\u00fcmmerten sich Sanit\u00e4ter und ein Arzt um den schwer verletzten Mann. Er wurde in ein Krankenhaus gebracht. Die Polizei sperrte den Ort an der Gartenfelder Stra\u00dfe weitr\u00e4umig ab. Kriminaltechniker sicherten Spuren.<\/p>\n<p>Seit l\u00e4ngerem Schie\u00dfereien im kriminellen Milieu<\/p>\n<p class=\"Typography_text-default__P3otY Typography_weight-normal__pqUbH storyline_paragraph_p__qSR5N\">Seit l\u00e4ngerem sorgen Schie\u00dfereien und andere gewaltsame Auseinandersetzungen im kriminellen Milieu f\u00fcr Aufsehen. Von Revierk\u00e4mpfen zwischen verschiedenen Banden mit unterschiedlicher Herkunft ist die Rede. Auch Konflikte um Schutzgelderpressung und andere Rivalit\u00e4ten werden nach Einsch\u00e4tzung der Polizei zunehmend mit Waffen ausgetragen.<\/p>\n<p class=\"Typography_text-default__P3otY Typography_weight-normal__pqUbH storyline_paragraph_p__qSR5N\">Vor einem Monat gr\u00fcndete die Polizei extra eine spezielle Einheit f\u00fcr die Ermittlungen, eine sogenannte Besondere Aufbauorganisation mit dem Titel &#8222;Ferrum&#8220; &#8211; das ist das lateinische Wort f\u00fcr Eisen.<\/p>\n<p class=\"Typography_text-default__P3otY Typography_weight-normal__pqUbH storyline_paragraph_p__qSR5N\">Mit Razzien und anderen Kontrollen geht die Einheit vor allem gegen bewaffnete Mitglieder der organisierten Kriminalit\u00e4t vor. Tags und nachts werden Verd\u00e4chtige kontrolliert sowie Bars und Autos durchsucht. Zahlreiche Waffen wurden gefunden und beschlagnahmt.<\/p>\n<p class=\"Typography_text-default__P3otY Typography_weight-normal__pqUbH storyline_paragraph_p__qSR5N\">Die Gewerkschaft der Polizei (GdP) teilte mit: &#8222;In der Hauptstadt wird scharf geschossen, weil Kriminelle mangels rechtsstaatlicher Abschreckung Rivalit\u00e4ten mit Gewalt auf der Stra\u00dfe kl\u00e4ren und auch, weil wir l\u00e4ngst \u00fcber eine Durchbewaffnung der Protagonisten reden.&#8220;<\/p>\n<p class=\"Typography_text-default__P3otY Typography_weight-normal__pqUbH storyline_paragraph_p__qSR5N\">Betroffen seien auch die Sp\u00e4tis. &#8222;Jeder, der ab und zu mal in der Hauptstadt unterwegs ist, sieht, dass kriminelle Banden einzelne Sp\u00e4tis als Einnahmequelle f\u00fcr sich entdeckt haben, f\u00fcr Schutzgelderpressung oder als Abnahmestelle von Drogen und anderen Sachen, mit denen man Geld machen kann.&#8220;<\/p>\n<p class=\"Typography_text-s__wu_cm Typography_weight-normal__pqUbH Typography_color-darkgrey__sZEnP article-detail-footer_source__KslPc\">Quelle: dpa<\/p>\n","protected":false},"excerpt":{"rendered":"Berlin &amp; BrandenburgErneut Sch\u00fcsse in der Nacht &#8211; Mann schwer verletzt(Foto: Marcel Kusch\/dpa)TeilenFolgen auf: In Berlin wird ein&hellip;\n","protected":false},"author":2,"featured_media":639131,"comment_status":"","ping_status":"","sticky":false,"template":"","format":"standard","meta":{"footnotes":""},"categories":[1816],"tags":[1960,1958,1959,1957,1956,1890,29,30],"class_list":{"0":"post-639130","1":"post","2":"type-post","3":"status-publish","4":"format-standard","5":"has-post-thumbnail","7":"category-brandenburg","8":"tag-aktuelle-nachrichten-aus-berlin-und-brandenburg","9":"tag-aktuelle-nachrichten-aus-brandenburg","10":"tag-aktuelle-news-aus-berlin-und-brandenburg","11":"tag-aktuelle-news-aus-brandenburg","12":"tag-berlin-und-brandenburg","13":"tag-brandenburg","14":"tag-deutschland","15":"tag-germany"},"share_on_mastodon":{"url":"https:\/\/pubeurope.com\/@de\/115700951437322792","error":""},"_links":{"self":[{"href":"https:\/\/www.europesays.com\/de\/wp-json\/wp\/v2\/posts\/639130","targetHints":{"allow":["GET"]}}],"collection":[{"href":"https:\/\/www.europesays.com\/de\/wp-json\/wp\/v2\/posts"}],"about":[{"href":"https:\/\/www.europesays.com\/de\/wp-json\/wp\/v2\/types\/post"}],"author":[{"embeddable":true,"href":"https:\/\/www.europesays.com\/de\/wp-json\/wp\/v2\/users\/2"}],"replies":[{"embeddable":true,"href":"https:\/\/www.europesays.com\/de\/wp-json\/wp\/v2\/comments?post=639130"}],"version-history":[{"count":0,"href":"https:\/\/www.europesays.com\/de\/wp-json\/wp\/v2\/posts\/639130\/revisions"}],"wp:featuredmedia":[{"embeddable":true,"href":"https:\/\/www.europesays.com\/de\/wp-json\/wp\/v2\/media\/639131"}],"wp:attachment":[{"href":"https:\/\/www.europesays.com\/de\/wp-json\/wp\/v2\/media?parent=639130"}],"wp:term":[{"taxonomy":"category","embeddable":true,"href":"https:\/\/www.europesays.com\/de\/wp-json\/wp\/v2\/categories?post=639130"},{"taxonomy":"post_tag","embeddable":true,"href":"https:\/\/www.europesays.com\/de\/wp-json\/wp\/v2\/tags?post=639130"}],"curies":[{"name":"wp","href":"https:\/\/api.w.org\/{rel}","templated":true}]}}