{"id":639132,"date":"2025-12-11T12:32:19","date_gmt":"2025-12-11T12:32:19","guid":{"rendered":"https:\/\/www.europesays.com\/de\/639132\/"},"modified":"2025-12-11T12:32:19","modified_gmt":"2025-12-11T12:32:19","slug":"haushalt-wie-das-land-die-milliarden-aus-berlin-verteilt","status":"publish","type":"post","link":"https:\/\/www.europesays.com\/de\/639132\/","title":{"rendered":"Haushalt: Wie das Land die Milliarden aus Berlin verteilt"},"content":{"rendered":"<p class=\"paragraph article__item\">Mehr Geld f\u00fcr notleidende St\u00e4dte, Gemeinden und Landkreise: Das Land gibt 8,7 Milliarden Euro aus dem Sonderverm\u00f6gen an die Kommunen weiter. Der Landtag in Stuttgart beschloss einstimmig einen entsprechenden Nachtragshaushalt, damit die Kommunen die Mittel aus dem Sonderverm\u00f6gen des Bundes z\u00fcgig abrufen k\u00f6nnen. Zudem erhalten die Kommunen nach Angaben des Finanzministeriums weitere 700 Millionen Euro aus Steuermehreinnahmen des Landes.\n<\/p>\n<p>Aktuelles<\/p>\n<p>                <a href=\"https:\/\/www.zeit.de\/politik\/2025-11\/russland-luftraumverletzungen-polen-deutschland-kooperation-nachrichtenpodcast\" data-ct-label=\"Nachrichtenpodcast: Deutschland und Polen beraten \u00fcber russische Aggressionen\" target=\"_blank\" rel=\"noopener\"><\/p>\n<p>                        Nachrichtenpodcast:<br \/>\n                        Deutschland und Polen beraten \u00fcber russische Aggressionen<\/p>\n<p>                <\/a><\/p>\n<p>                <a href=\"https:\/\/www.zeit.de\/politik\/deutschland\/2025-11\/klima-verbaende-sondervermoegen-transformation-haushalt-gxe\" data-ct-label=\"Klimapolitik: Verb\u00e4nde fordern Einsatz von Sonderverm\u00f6gen f\u00fcr \u00f6kologische Transition\" target=\"_blank\" rel=\"noopener\"><\/p>\n<p>                        Klimapolitik:<br \/>\n                        Verb\u00e4nde fordern Einsatz von Sonderverm\u00f6gen f\u00fcr \u00f6kologische Transition<\/p>\n<p>                <\/a><\/p>\n<p>                <a href=\"https:\/\/www.zeit.de\/wirtschaft\/2025-11\/bundeshaushalt-2026-finanzen-aufschwung-haushaltspolitik\" data-ct-label=\"Bundeshaushalt: So droht das Sonderverm\u00f6gen zu versickern \" target=\"_blank\" rel=\"noopener\"><\/p>\n<p>                        Bundeshaushalt:<br \/>\n                        So droht das Sonderverm\u00f6gen zu versickern <\/p>\n<p>                <\/a><\/p>\n<p class=\"paragraph article__item\">Mit den rund 8,7 Milliarden gibt Baden-W\u00fcrttemberg nach eigenen Angaben einen so hohen Anteil des Sonderverm\u00f6gens an seine Kommunen weiter wie kein anderes Bundesland.\u00a0\n<\/p>\n<p class=\"paragraph article__item\">Insgesamt erh\u00e4lt der S\u00fcdwesten aus dem mit 100 Milliarden Euro gef\u00fcllten Bundestopf \u00fcber zw\u00f6lf Jahre 13,14 Milliarden Euro. Dem Land bleiben 4,4 Milliarden Euro. Die flie\u00dfen unter anderem in die Universit\u00e4tskliniken, die Sanierung und den teilweisen Neubau von Universit\u00e4ten, Hochschulen, Polizeirevieren und Gerichten und in Stra\u00dfen, Schienen und Br\u00fccken.\n<\/p>\n<p class=\"paragraph article__item\">Man reagiere mit dem Nachtragshaushalt auf die dramatische finanzielle Lage vieler Kommunen, sagte Finanzminister Danyal Bayaz (Gr\u00fcne). Das Sonderverm\u00f6gen des Bundes sei aber eine einmalige Unterst\u00fctzung, die Bund und auch Land nicht dauerhaft liefern k\u00f6nnten. Es brauche deswegen auf allen staatlichen Ebenen Reformen.\n<\/p>\n<p class=\"paragraph article__item\">\u00a9 dpa-infocom, dpa:251211-930-410134\/1<\/p>\n","protected":false},"excerpt":{"rendered":"Mehr Geld f\u00fcr notleidende St\u00e4dte, Gemeinden und Landkreise: Das Land gibt 8,7 Milliarden Euro aus dem Sonderverm\u00f6gen an&hellip;\n","protected":false},"author":2,"featured_media":639133,"comment_status":"","ping_status":"","sticky":false,"template":"","format":"standard","meta":{"footnotes":""},"categories":[1825],"tags":[1941,1939,296,1937,29,666,30,1109,1940,15,1938,1954,1441],"class_list":{"0":"post-639132","1":"post","2":"type-post","3":"status-publish","4":"format-standard","5":"has-post-thumbnail","7":"category-berlin","8":"tag-aktuelle-nachrichten-aus-berlin","9":"tag-aktuelle-news-aus-berlin","10":"tag-berlin","11":"tag-berlin-news","12":"tag-deutschland","13":"tag-geld","14":"tag-germany","15":"tag-haushalt","16":"tag-nachrichten-aus-berlin","17":"tag-news","18":"tag-news-aus-berlin","19":"tag-sondervermoegen","20":"tag-stuttgart"},"share_on_mastodon":{"url":"https:\/\/pubeurope.com\/@de\/115700953462775296","error":""},"_links":{"self":[{"href":"https:\/\/www.europesays.com\/de\/wp-json\/wp\/v2\/posts\/639132","targetHints":{"allow":["GET"]}}],"collection":[{"href":"https:\/\/www.europesays.com\/de\/wp-json\/wp\/v2\/posts"}],"about":[{"href":"https:\/\/www.europesays.com\/de\/wp-json\/wp\/v2\/types\/post"}],"author":[{"embeddable":true,"href":"https:\/\/www.europesays.com\/de\/wp-json\/wp\/v2\/users\/2"}],"replies":[{"embeddable":true,"href":"https:\/\/www.europesays.com\/de\/wp-json\/wp\/v2\/comments?post=639132"}],"version-history":[{"count":0,"href":"https:\/\/www.europesays.com\/de\/wp-json\/wp\/v2\/posts\/639132\/revisions"}],"wp:featuredmedia":[{"embeddable":true,"href":"https:\/\/www.europesays.com\/de\/wp-json\/wp\/v2\/media\/639133"}],"wp:attachment":[{"href":"https:\/\/www.europesays.com\/de\/wp-json\/wp\/v2\/media?parent=639132"}],"wp:term":[{"taxonomy":"category","embeddable":true,"href":"https:\/\/www.europesays.com\/de\/wp-json\/wp\/v2\/categories?post=639132"},{"taxonomy":"post_tag","embeddable":true,"href":"https:\/\/www.europesays.com\/de\/wp-json\/wp\/v2\/tags?post=639132"}],"curies":[{"name":"wp","href":"https:\/\/api.w.org\/{rel}","templated":true}]}}