{"id":639134,"date":"2025-12-11T12:34:04","date_gmt":"2025-12-11T12:34:04","guid":{"rendered":"https:\/\/www.europesays.com\/de\/639134\/"},"modified":"2025-12-11T12:34:04","modified_gmt":"2025-12-11T12:34:04","slug":"im-maerkischen-viertel-entsteht-ein-neuer-kiez","status":"publish","type":"post","link":"https:\/\/www.europesays.com\/de\/639134\/","title":{"rendered":"Im M\u00e4rkischen Viertel entsteht ein neuer Kiez"},"content":{"rendered":"<p class=\"tspCBne tspCBnf\">Nach jahrelanger Planung kommt nun Bewegung in das Gro\u00dfprojekt \u201eM\u00e4rkisches Quartier\u201c. Am Dienstag verk\u00fcndete Korinna Stephan (Gr\u00fcne), Bezirksstadtr\u00e4tin f\u00fcr Stadtentwicklung, dass Anfang Dezember eine Baugenehmigung erteilt worden sei. Bei einer gemeinsamen Sitzung der Aussch\u00fcsse f\u00fcr Stadtentwicklung sowie f\u00fcr Wirtschaft und Tourismus im Fontane-Haus sprach sie von \u201eeinem historischen Tag\u201c. <\/p>\n<p>Bezirke-Newsletter: Reinickendorf<\/p>\n<p><img decoding=\"async\" src=\"https:\/\/www.europesays.com\/de\/wp-content\/uploads\/2025\/04\/icon-reinickendorf.png\" alt=\"\" class=\"tspCThn\"\/><\/p>\n<p class=\"tspCTpc\"> Mehr Neuigkeiten zum Bezirk gibt es in unserem Newsletter \u2014 jede Woche per E-Mail. <\/p>\n<p class=\"tspCBne\">W\u00e4hrend noch im Jahr 2020 von einem <a href=\"https:\/\/www.tagesspiegel.de\/berlin\/bezirke\/einkaufszentrum-fur-den-berliner-norden-wann-tut-sich-was-an-der-baugrube-im-markischen-viertel-13343146.html?icid=in-text-link_15036629\" class=\"link link--internal\" data-gtm-class=\"article-text-link\" data-gtm-val=\"internal\" rel=\"nofollow noopener\" target=\"_blank\">einzelnen, hohen Geb\u00e4ude mit \u00fcberwiegend gewerblicher Nutzung<\/a> die Rede war, ist nun eine Kombination aus Wohnen und Gewerbe mit mehreren Geb\u00e4uden geplant. Auf dem rund 19.100 Quadratmeter gro\u00dfen Grundst\u00fcck sollen insgesamt f\u00fcnf H\u00e4user entstehen, wie Jan Moench vom Hauptinvestor Cheyne Capital Deutschland und Klaus Lattermann vom Architektenb\u00fcro ioo, mitteilten.<\/p>\n","protected":false},"excerpt":{"rendered":"Nach jahrelanger Planung kommt nun Bewegung in das Gro\u00dfprojekt \u201eM\u00e4rkisches Quartier\u201c. Am Dienstag verk\u00fcndete Korinna Stephan (Gr\u00fcne), Bezirksstadtr\u00e4tin&hellip;\n","protected":false},"author":2,"featured_media":639135,"comment_status":"","ping_status":"","sticky":false,"template":"","format":"standard","meta":{"footnotes":""},"categories":[1825],"tags":[3535,296,602,21,29,1072,30,7134,5004,1463,12385,2189],"class_list":{"0":"post-639134","1":"post","2":"type-post","3":"status-publish","4":"format-standard","5":"has-post-thumbnail","7":"category-berlin","8":"tag-bauwerk","9":"tag-berlin","10":"tag-berliner-baustellen","11":"tag-buendnis-90-die-gruenen","12":"tag-deutschland","13":"tag-einzelhandel","14":"tag-germany","15":"tag-mieten","16":"tag-staedtebau","17":"tag-wohnen","18":"tag-wohnen-in-berlin","19":"tag-wohnungsbaupolitik"},"share_on_mastodon":{"url":"https:\/\/pubeurope.com\/@de\/115700962598482044","error":""},"_links":{"self":[{"href":"https:\/\/www.europesays.com\/de\/wp-json\/wp\/v2\/posts\/639134","targetHints":{"allow":["GET"]}}],"collection":[{"href":"https:\/\/www.europesays.com\/de\/wp-json\/wp\/v2\/posts"}],"about":[{"href":"https:\/\/www.europesays.com\/de\/wp-json\/wp\/v2\/types\/post"}],"author":[{"embeddable":true,"href":"https:\/\/www.europesays.com\/de\/wp-json\/wp\/v2\/users\/2"}],"replies":[{"embeddable":true,"href":"https:\/\/www.europesays.com\/de\/wp-json\/wp\/v2\/comments?post=639134"}],"version-history":[{"count":0,"href":"https:\/\/www.europesays.com\/de\/wp-json\/wp\/v2\/posts\/639134\/revisions"}],"wp:featuredmedia":[{"embeddable":true,"href":"https:\/\/www.europesays.com\/de\/wp-json\/wp\/v2\/media\/639135"}],"wp:attachment":[{"href":"https:\/\/www.europesays.com\/de\/wp-json\/wp\/v2\/media?parent=639134"}],"wp:term":[{"taxonomy":"category","embeddable":true,"href":"https:\/\/www.europesays.com\/de\/wp-json\/wp\/v2\/categories?post=639134"},{"taxonomy":"post_tag","embeddable":true,"href":"https:\/\/www.europesays.com\/de\/wp-json\/wp\/v2\/tags?post=639134"}],"curies":[{"name":"wp","href":"https:\/\/api.w.org\/{rel}","templated":true}]}}