{"id":639140,"date":"2025-12-11T12:37:14","date_gmt":"2025-12-11T12:37:14","guid":{"rendered":"https:\/\/www.europesays.com\/de\/639140\/"},"modified":"2025-12-11T12:37:14","modified_gmt":"2025-12-11T12:37:14","slug":"berlin-benennt-kuratorium-mit-24-vertretern-aus-der-stadtgesellschaft","status":"publish","type":"post","link":"https:\/\/www.europesays.com\/de\/639140\/","title":{"rendered":"Berlin benennt Kuratorium mit 24 Vertretern aus der Stadtgesellschaft"},"content":{"rendered":"<p class=\"tspCBne tspCBnf\">Der Berliner Senat will <a href=\"https:\/\/www.tagesspiegel.de\/sport\/kriterien-fur-deutsche-olympia-bewerbung-festgelegt-womit-berlin-punkten--und-wo-andere-stadte-besser-sind-15025488.html?icid=in-text-link_15041870\" class=\"link link--internal\" data-gtm-class=\"article-text-link\" data-gtm-val=\"internal\" rel=\"nofollow noopener\" target=\"_blank\">seine Bewerbung f\u00fcr Olympische und Paralympische Spiele<\/a> st\u00e4rker in der Stadt verankern. Diese Aufgabe soll ab sofort ein Kuratorium mit Vertreterinnen und Vertretern aus Politik, Wirtschaft, Kultur, Sozialwesen und Sport \u00fcbernehmen. Nun ist bekannt, wer in diesem 24-k\u00f6pfigen Gremium mitarbeitet.<\/p>\n<p class=\"tspCBne\">Den Vorsitz f\u00fchren <a href=\"https:\/\/www.tagesspiegel.de\/berlin\/berlins-regierender-burgermeister-kai-wegner-olympia-hat-fur-uns-oberste-prioritat-14821544.html?icid=in-text-link_15041870\" class=\"link link--internal\" data-gtm-class=\"article-text-link\" data-gtm-val=\"internal\" rel=\"nofollow noopener\" target=\"_blank\">der Regierende B\u00fcrgermeister Kai Wegner<\/a> und Iris Spranger, die Senatorin f\u00fcr Inneres und Sport. Unter den Mitgliedern befinden sich so prominente Namen wie der von <a href=\"https:\/\/www.tagesspiegel.de\/sport\/deutsche-medaillenhoffnung-malaika-mihambo-ich-habe-sehr-sehr-fruh-ein-politisches-bewusstsein-entwickelt-12066350.html?icid=in-text-link_15041870\" class=\"link link--internal\" data-gtm-class=\"article-text-link\" data-gtm-val=\"internal\" rel=\"nofollow noopener\" target=\"_blank\">Weitsprung-Olympiasiegerin Malaika Mihambo<\/a>, der bekannte Linken-Politiker Dietmar Bartsch oder <a href=\"https:\/\/www.tagesspiegel.de\/kultur\/hermann-parzingers-abschied-von-der-preussenstiftung-gut-gebrullt-lowe-13712299.html?icid=in-text-link_15041870\" class=\"link link--internal\" data-gtm-class=\"article-text-link\" data-gtm-val=\"internal\" rel=\"nofollow noopener\" target=\"_blank\">Hermann Parzinger<\/a>, der langj\u00e4hrige Pr\u00e4sident der Stiftung Preu\u00dfischer Kulturbesitz. <\/p>\n<p class=\"tspCBne\">Zusammen mit den anderen Mitgliedern des Kuratoriums sollen sie k\u00fcnftig eine zentrale Rolle im Austausch zwischen der Berliner Landesregierung und der Stadtgesellschaft \u00fcbernehmen.<\/p>\n<p>Tagesspiegel Checkpoint: Berlins beliebtester Newsletter<\/p>\n<p><img decoding=\"async\" src=\"https:\/\/www.europesays.com\/de\/wp-content\/uploads\/2025\/04\/cp-icon.png\" alt=\"\" class=\"tspCThn\"\/><\/p>\n<p class=\"tspCTpc\"> Der schnellste Berlin-\u00dcberblick von Montag bis Samstag. <\/p>\n<p class=\"tspCBne\">Mit der Schaffung des Kuratoriums reagiert der Senat auf die besondere politische Ausgangslage: Ein klassischer Volksentscheid \u00fcber eine Bewerbung f\u00fcr Olympische und Paralympische Spiele ist verfassungsrechtlich in Berlin nicht m\u00f6glich. Die Landesregierung setzt deshalb auf andere Formate der B\u00fcrgerbeteiligung. <\/p>\n<p class=\"tspCBne\"><a href=\"https:\/\/www.tagesspiegel.de\/sport\/olympia-debatte-in-berlin-die-gegenargumente-stammen-aus-der-mottenkiste-14932622.html?icid=in-text-link_15041870\" class=\"link link--internal\" data-gtm-class=\"article-text-link\" data-gtm-val=\"internal\" rel=\"nofollow noopener\" target=\"_blank\">Berlins Olympia-Beauftragter Kaweh Niroomand<\/a>, der den Bewerbungsprozess koordiniert, beschreibt das Gremium als Schl\u00fcssel daf\u00fcr: \u201eWir m\u00fcssen eigene Instrumente der Beteiligung finden, weil wir dieses Referendum nicht haben k\u00f6nnen. Und ich finde das sogar ein St\u00fcck weit direktere Demokratie, weil man nicht irgendwo anonym abstimmt, sondern mit den Vertretern aus verschiedenen Branchen direkt redet.\u201c<\/p>\n<blockquote class=\"tspCJn6\">\n<p>Ich erwarte, dass dieses Kuratorium nicht nur pro forma eingesetzt wird, sondern mit uns gemeinsam wirklich das Sprachrohr in die Stadtgesellschaft ist.<\/p>\n<\/blockquote>\n<p class=\"tspCJn7\"><strong>Iris Spranger<\/strong>, Senatorin f\u00fcr Inneres und Sport<\/p>\n<p class=\"tspCBne\">Sportsenatorin Spranger betont ebenfalls, dass das Kuratorium mehr sein soll als ein formaler Rahmen: \u201eDas ist ein ganz wichtiges Instrument, um mit den verschiedenen Vertretern der Stadtgesellschaft in Verbindung zu kommen. Deren Position ist uns sehr wichtig, und wir wollen das m\u00f6glichst auch in das Beteiligungsverfahren einflie\u00dfen lassen.\u201c <\/p>\n<p class=\"tspCBne\">Sie macht zugleich deutlich, dass es ausdr\u00fccklich um eine konstruktiv\u2011kritische Begleitung geht, nicht um symbolische Zustimmung: \u201eIch erwarte, dass dieses Kuratorium nicht nur pro forma eingesetzt wird, sondern mit uns gemeinsam wirklich das Sprachrohr in die Stadtgesellschaft ist.\u201c<\/p>\n<p> Alle Mitglieder des Kuratoriums: <\/p>\n<ul data-qa-hook=\"story-list-ul\" class=\"tspCLoe\">\n<li class=\"tspCLgp tspCLgp\"><strong>Kai Wegner<\/strong>, Regierender B\u00fcrgermeister von Berlin (Vorsitz)<\/li>\n<li class=\"tspCLgp tspCLgp\"><strong>Iris Spranger<\/strong>, Senatorin f\u00fcr Inneres und Sport (Vorsitz)<\/li>\n<li class=\"tspCLgp tspCLgp\"><strong>Christian Andresen<\/strong>, Pr\u00e4sident Hotel- und Gastronomieverband Berlin e.V.<\/li>\n<li class=\"tspCLgp tspCLgp\"><strong>Dietmar Bartsch<\/strong>, Mitglied der Bundestagsfraktion der Partei DIE LINKE<\/li>\n<li class=\"tspCLgp tspCLgp\"><strong>Nils Busch-Petersen<\/strong>, Hauptgesch\u00e4ftsf\u00fchrer Handelsverband Berlin-Brandenburg e.V.<\/li>\n<li class=\"tspCLgp tspCLgp\"><strong>Susanne Buss<\/strong>, Vorstandsvorsitzende Volkssolidarit\u00e4t Berlin e.V.<\/li>\n<li class=\"tspCLgp tspCLgp\"><strong>Sarah Duve-Schmid<\/strong>, Gesch\u00e4ftsf\u00fchrung &amp; Sprecherin Medienboard Berlin-Brandenburg GmbH<\/li>\n<li class=\"tspCLgp tspCLgp\"><strong>Thomas H\u00e4rtel<\/strong>, Pr\u00e4sident Landessportbund Berlin e.V.<\/li>\n<li class=\"tspCLgp tspCLgp\"><strong>Orcun Ilter<\/strong>, Vorsitzender Landessch\u00fclerausschuss<\/li>\n<li class=\"tspCLgp tspCLgp\"><strong>S. E. Erzbischof Dr. Heiner Koch<\/strong>, Erzbisch\u00f6fliches Ordinariat Berlin<\/li>\n<li class=\"tspCLgp tspCLgp\"><strong>Astrid Lurati<\/strong>, Vorstand Finanzen und Infrastruktur Charit\u00e9 \u2013 Universit\u00e4tsmedizin Berlin<\/li>\n<li class=\"tspCLgp tspCLgp\"><strong>Alon Meyer<\/strong>, Pr\u00e4sident Makkabi J\u00fcdischer Turn- und Sportverband in Deutschland e.V.<\/li>\n<li class=\"tspCLgp tspCLgp\"><strong>Malaika Mihambo<\/strong>, Weitsprung-Olympiasiegerin 2021<\/li>\n<li class=\"tspCLgp tspCLgp\"><strong>\u00d6zcan Mutlu<\/strong>, Pr\u00e4sident Behinderten- und Rehabilitations-Sportverband Berlin e.V.<\/li>\n<li class=\"tspCLgp tspCLgp\"><strong>Veronika Nahm<\/strong>, Direktorin Anne-Frank-Zentrum<\/li>\n<li class=\"tspCLgp tspCLgp\"><strong>J\u00f6rn Oltmann<\/strong>, Bezirksb\u00fcrgermeister Tempelhof-Sch\u00f6neberg, B\u00fcndnis 90\/Die Gr\u00fcnen<\/li>\n<li class=\"tspCLgp tspCLgp\"><strong>Hermann Parzinger<\/strong>, Pr\u00e4sident a. D. der Stiftung Preu\u00dfischer Kulturbesitz<\/li>\n<li class=\"tspCLgp tspCLgp\"><strong>Verena Pausder<\/strong>, Gr\u00fcnderin des Frauenfu\u00dfballklubs FC Viktoria Berlin<\/li>\n<li class=\"tspCLgp tspCLgp\"><strong>Manja Schreiner<\/strong>, Hauptgesch\u00e4ftsf\u00fchrerin Industrie- und Handelskammer zu Berlin<\/li>\n<li class=\"tspCLgp tspCLgp\"><strong>Bischof Christian St\u00e4blein<\/strong>, Evangelische Kirche Berlin-Brandenburg-schlesische Oberlausitz<\/li>\n<li class=\"tspCLgp tspCLgp\"><strong>Markus Voigt<\/strong>, Pr\u00e4sident Verein Berliner Kaufleute und Industrieller e.V.<\/li>\n<li class=\"tspCLgp tspCLgp\"><strong>Florian Winkler-Schwarz<\/strong>, Gesch\u00e4ftsf\u00fchrer, LSVD Verband Queere Vielfalt Berlin-Brandenburg e.V.<\/li>\n<li class=\"tspCLgp tspCLgp\"><strong>Andrea Zietzschmann<\/strong>, Intendantin Berliner Philharmoniker<\/li>\n<li class=\"tspCLgp tspCLgp\"><strong>Dirk Zingler<\/strong>, Pr\u00e4sident 1. FC Union Berlin<\/li>\n<\/ul>\n<p class=\"tspCBne\">Im Kuratorium gibt es dabei auch einige \u00dcberraschungen. So ist mit Bartsch der fr\u00fchere Fraktionsvorsitzende der Linken-Bundestagsfraktion dabei. Der 67 Jahre alte Politiker hat einmal <a href=\"https:\/\/www.zeit.de\/campus\/2019-06\/politiker-jugend-verstaendnis-katharina-barley-franziska-giffey\/seite-4\" target=\"_blank\" rel=\"noopener nofollow\" class=\"link link--external\" data-gtm-class=\"article-text-link\" data-gtm-val=\"external\" aria-describedby=\"message-target-blank\">in einem Zeit-Interview erz\u00e4hlt<\/a>, dass er als Kind den Wunsch hatte, Olympiasieger zu werden. Nun engagiert er sich zumindest daf\u00fcr, die Spiele nach Berlin und auch in sein Heimatbundesland Mecklenburg-Vorpommern zu holen, das einer der Partner im Konzept \u201eBerlin+\u201c ist. <\/p>\n<p class=\"tspCBne\">In der Hauptstadt hatte sich die Linkspartei zuletzt deutlich gegen eine Olympiabewerbung positioniert. Gleiches gilt auch f\u00fcr die Gr\u00fcnen in Berlin, aber eben nicht f\u00fcr alle. <a href=\"https:\/\/www.tagesspiegel.de\/berlin\/drei-grune-burgermeisterinnen-reden-klartext-gemeinsam-sind-wir-stark-369091.html?icid=in-text-link_15041870\" class=\"link link--internal\" data-gtm-class=\"article-text-link\" data-gtm-val=\"internal\" rel=\"nofollow noopener\" target=\"_blank\">J\u00f6rn Oltmann, der Bezirksb\u00fcrgermeister von Tempelhof-Sch\u00f6neberg<\/a>, hatte sich bisher noch nicht \u00f6ffentlich zu einer Bewerbung positioniert, arbeitet nun aber ebenfalls im Kuratorium mit. <\/p>\n<p> Auch Gr\u00fcne und Linke sind vertreten <\/p>\n<p class=\"tspCBne\">Niroomand hatte zuletzt wiederholt erkl\u00e4rt, im Kuratorium auch mit Menschen zusammenarbeiten zu wollen, die aus Milieus stammen, die nicht per se als olympiafreundlich gelten. Dieser Ank\u00fcndigung ist er mit der Besetzung des Kuratoriums nun durchaus gerecht geworden. <\/p>\n<p class=\"tspCBne\">Berlin hat zudem immer wieder damit geworben, die Spiele f\u00fcr die Kinder und Jugendlichen in die Stadt holen zu wollen. <a href=\"https:\/\/www.tagesspiegel.de\/berlin\/schule\/orcun-ilter-geht-noch-ein-berliner-schulersprecher-strebt-in-die-politik-14660432.html?icid=in-text-link_15041870\" class=\"link link--internal\" data-gtm-class=\"article-text-link\" data-gtm-val=\"internal\" rel=\"nofollow noopener\" target=\"_blank\">Die Berufung von Orcun Ilter<\/a> ins Kuratorium passt da ins Bild, der Teenager ist derzeit Berlins Landessch\u00fclersprecher. In dem breit aufgestellten Kuratorium ist selbst die Kirche mit <a href=\"https:\/\/www.tagesspiegel.de\/berlin\/berliner-erzbischof-uber-neuen-papst-eindruck-von-leo-xiv-ein-sehr-gewinnender-13662178.html?icid=in-text-link_15041870\" class=\"link link--internal\" data-gtm-class=\"article-text-link\" data-gtm-val=\"internal\" rel=\"nofollow noopener\" target=\"_blank\">Erzbischof Heiner Koch<\/a> und Bischof Christian St\u00e4blein vertreten. <\/p>\n<p> Mehr zum Thema Olympia bei Tagesspiegel Plus: <a href=\"https:\/\/www.tagesspiegel.de\/sport\/olympia-debatte-in-berlin-die-gegenargumente-stammen-aus-der-mottenkiste-14932622.html?icid=topic-list_15041870___\" data-gtm-class=\"article-mzt-link\" data-hydrate-fingerprint=\"09740a54944caac75fd2c0c63fd5c5df\" data-hydrate-props=\"{&amp;escapedquot;element&amp;escapedquot;:{&amp;escapedquot;type&amp;escapedquot;:&amp;escapedquot;relatedContent&amp;escapedquot;,&amp;escapedquot;fieldMap&amp;escapedquot;:{},&amp;escapedquot;relation&amp;escapedquot;:{&amp;escapedquot;fields&amp;escapedquot;:{&amp;escapedquot;isPaid&amp;escapedquot;:true},&amp;escapedquot;href&amp;escapedquot;:&amp;escapedquot;\/sport\/olympia-debatte-in-berlin-die-gegenargumente-stammen-aus-der-mottenkiste-14932622.html&amp;escapedquot;,&amp;escapedquot;teaserTitle&amp;escapedquot;:{&amp;escapedquot;kicker&amp;escapedquot;:&amp;escapedquot;Olympia-Debatte in Berlin&amp;escapedquot;,&amp;escapedquot;headline&amp;escapedquot;:&amp;escapedquot;\u201eDie Gegenargumente stammen aus der Mottenkiste\u201c&amp;escapedquot;},&amp;escapedquot;id&amp;escapedquot;:&amp;escapedquot;14932622&amp;escapedquot;,&amp;escapedquot;type&amp;escapedquot;:&amp;escapedquot;story&amp;escapedquot;},&amp;escapedquot;isPartOfList&amp;escapedquot;:true,&amp;escapedquot;topicListType&amp;escapedquot;:&amp;escapedquot;topic-list&amp;escapedquot;},&amp;escapedquot;showArrow&amp;escapedquot;:true}\" data-hydrate-slots=\"{&#039;default&#039;:[]}\" class=\"tspCWpl\" rel=\"nofollow noopener\" target=\"_blank\">Olympia-Debatte in Berlin \u201eDie Gegenargumente stammen aus der Mottenkiste\u201c <\/a><a href=\"https:\/\/www.tagesspiegel.de\/sport\/dosb-chef-otto-fricke-uber-olympia-in-deutschland-man-kann-olympia-nicht-gegen-die-burgerinnen-und-burger-machen-14872088.html?icid=topic-list_15041870___\" data-gtm-class=\"article-mzt-link\" data-hydrate-fingerprint=\"09740a54944caac75fd2c0c63fd5c5df\" data-hydrate-props=\"{&amp;escapedquot;element&amp;escapedquot;:{&amp;escapedquot;type&amp;escapedquot;:&amp;escapedquot;relatedContent&amp;escapedquot;,&amp;escapedquot;fieldMap&amp;escapedquot;:{},&amp;escapedquot;relation&amp;escapedquot;:{&amp;escapedquot;fields&amp;escapedquot;:{&amp;escapedquot;isPaid&amp;escapedquot;:true},&amp;escapedquot;href&amp;escapedquot;:&amp;escapedquot;\/sport\/dosb-chef-otto-fricke-uber-olympia-in-deutschland-man-kann-olympia-nicht-gegen-die-burgerinnen-und-burger-machen-14872088.html&amp;escapedquot;,&amp;escapedquot;teaserTitle&amp;escapedquot;:{&amp;escapedquot;kicker&amp;escapedquot;:&amp;escapedquot;DOSB-Chef Otto Fricke \u00fcber Olympia in Deutschland&amp;escapedquot;,&amp;escapedquot;headline&amp;escapedquot;:&amp;escapedquot;\u201eMan kann die Spiele nicht gegen die B\u00fcrgerinnen und B\u00fcrger machen\u201c&amp;escapedquot;},&amp;escapedquot;id&amp;escapedquot;:&amp;escapedquot;14872088&amp;escapedquot;,&amp;escapedquot;type&amp;escapedquot;:&amp;escapedquot;story&amp;escapedquot;},&amp;escapedquot;isPartOfList&amp;escapedquot;:true,&amp;escapedquot;topicListType&amp;escapedquot;:&amp;escapedquot;topic-list&amp;escapedquot;},&amp;escapedquot;showArrow&amp;escapedquot;:true}\" data-hydrate-slots=\"{&#039;default&#039;:[]}\" class=\"tspCWpl\" rel=\"nofollow noopener\" target=\"_blank\">DOSB-Chef Otto Fricke \u00fcber Olympia in Deutschland \u201eMan kann die Spiele nicht gegen die B\u00fcrgerinnen und B\u00fcrger machen\u201c <\/a><a href=\"https:\/\/www.tagesspiegel.de\/sport\/damit-es-mit-der-olympia-bewerbung-klappt-funf-dinge-die-berlin-jetzt-tun-muss-14669003.html?icid=topic-list_15041870___\" data-gtm-class=\"article-mzt-link\" data-hydrate-fingerprint=\"09740a54944caac75fd2c0c63fd5c5df\" data-hydrate-props=\"{&amp;escapedquot;element&amp;escapedquot;:{&amp;escapedquot;type&amp;escapedquot;:&amp;escapedquot;relatedContent&amp;escapedquot;,&amp;escapedquot;fieldMap&amp;escapedquot;:{},&amp;escapedquot;relation&amp;escapedquot;:{&amp;escapedquot;fields&amp;escapedquot;:{&amp;escapedquot;isPaid&amp;escapedquot;:true},&amp;escapedquot;href&amp;escapedquot;:&amp;escapedquot;\/sport\/damit-es-mit-der-olympia-bewerbung-klappt-funf-dinge-die-berlin-jetzt-tun-muss-14669003.html&amp;escapedquot;,&amp;escapedquot;teaserTitle&amp;escapedquot;:{&amp;escapedquot;kicker&amp;escapedquot;:&amp;escapedquot;Damit es mit der Olympia-Bewerbung klappt&amp;escapedquot;,&amp;escapedquot;headline&amp;escapedquot;:&amp;escapedquot;F\u00fcnf Dinge, die Berlin jetzt tun muss&amp;escapedquot;},&amp;escapedquot;id&amp;escapedquot;:&amp;escapedquot;14669003&amp;escapedquot;,&amp;escapedquot;type&amp;escapedquot;:&amp;escapedquot;story&amp;escapedquot;},&amp;escapedquot;isPartOfList&amp;escapedquot;:true,&amp;escapedquot;topicListType&amp;escapedquot;:&amp;escapedquot;topic-list&amp;escapedquot;},&amp;escapedquot;showArrow&amp;escapedquot;:true}\" data-hydrate-slots=\"{&#039;default&#039;:[]}\" class=\"tspCWpl\" rel=\"nofollow noopener\" target=\"_blank\">Damit es mit der Olympia-Bewerbung klappt F\u00fcnf Dinge, die Berlin jetzt tun muss <\/a><\/p>\n<p class=\"tspCBne\">Die konstituierende Sitzung des Gremiums sollte noch am Donnerstag erfolgen. Die Mitglieder wollen danach bis in den Herbst 2026 alle zwei Wochen tagen. Am 26. September 2026 wird auf der Au\u00dferordentlichen Mitgliederversammlung des DOSB der nationale Bewerber f\u00fcr Olympische und Paralympische Spiele in den Jahren 2036, 2040 oder 2044 benannt. Berlin hofft dabei wie auch M\u00fcnchen, Hamburg und die Region Rhein-Ruhr mit K\u00f6ln auf den Zuschlag.<\/p>\n<p class=\"tspCBne\">Mit der offiziellen Vorstellung des Kuratoriums beginnt nun die n\u00e4chste Phase der Berliner Olympiapl\u00e4ne, deren Erfolg wesentlich davon abh\u00e4ngen d\u00fcrfte, wie gut es gelingt, die Stadtgesellschaft auf diesem Weg mitzunehmen.<\/p>\n","protected":false},"excerpt":{"rendered":"Der Berliner Senat will seine Bewerbung f\u00fcr Olympische und Paralympische Spiele st\u00e4rker in der Stadt verankern. Diese Aufgabe&hellip;\n","protected":false},"author":2,"featured_media":639141,"comment_status":"","ping_status":"","sticky":false,"template":"","format":"standard","meta":{"footnotes":""},"categories":[1825],"tags":[296,2068,29,30,21425,1635,2384,1682],"class_list":{"0":"post-639140","1":"post","2":"type-post","3":"status-publish","4":"format-standard","5":"has-post-thumbnail","7":"category-berlin","8":"tag-berlin","9":"tag-berliner-senat","10":"tag-deutschland","11":"tag-germany","12":"tag-iris-spranger","13":"tag-jugend","14":"tag-kai-wegner","15":"tag-paralympics"},"share_on_mastodon":{"url":"https:\/\/pubeurope.com\/@de\/115700973751886263","error":""},"_links":{"self":[{"href":"https:\/\/www.europesays.com\/de\/wp-json\/wp\/v2\/posts\/639140","targetHints":{"allow":["GET"]}}],"collection":[{"href":"https:\/\/www.europesays.com\/de\/wp-json\/wp\/v2\/posts"}],"about":[{"href":"https:\/\/www.europesays.com\/de\/wp-json\/wp\/v2\/types\/post"}],"author":[{"embeddable":true,"href":"https:\/\/www.europesays.com\/de\/wp-json\/wp\/v2\/users\/2"}],"replies":[{"embeddable":true,"href":"https:\/\/www.europesays.com\/de\/wp-json\/wp\/v2\/comments?post=639140"}],"version-history":[{"count":0,"href":"https:\/\/www.europesays.com\/de\/wp-json\/wp\/v2\/posts\/639140\/revisions"}],"wp:featuredmedia":[{"embeddable":true,"href":"https:\/\/www.europesays.com\/de\/wp-json\/wp\/v2\/media\/639141"}],"wp:attachment":[{"href":"https:\/\/www.europesays.com\/de\/wp-json\/wp\/v2\/media?parent=639140"}],"wp:term":[{"taxonomy":"category","embeddable":true,"href":"https:\/\/www.europesays.com\/de\/wp-json\/wp\/v2\/categories?post=639140"},{"taxonomy":"post_tag","embeddable":true,"href":"https:\/\/www.europesays.com\/de\/wp-json\/wp\/v2\/tags?post=639140"}],"curies":[{"name":"wp","href":"https:\/\/api.w.org\/{rel}","templated":true}]}}