{"id":639142,"date":"2025-12-11T12:38:15","date_gmt":"2025-12-11T12:38:15","guid":{"rendered":"https:\/\/www.europesays.com\/de\/639142\/"},"modified":"2025-12-11T12:38:15","modified_gmt":"2025-12-11T12:38:15","slug":"prinz-carl-philip-ohne-prinzessin-sofia-bei-nobelpreis-zeremonie","status":"publish","type":"post","link":"https:\/\/www.europesays.com\/de\/639142\/","title":{"rendered":"Prinz Carl Philip ohne Prinzessin Sofia bei Nobelpreis-Zeremonie"},"content":{"rendered":"<p class=\"mb-4 text-lg md:leading-8 break-words\">Es ist einer der wichtigsten Termine im Kalender der schwedischen K\u00f6nigsfamilie: Am 10. Dezember, dem Todestag Alfred Nobels, versammelten sich die Royals in Stockholm, um die diesj\u00e4hrigen Preistr\u00e4ger zu ehren. Doch w\u00e4hrend K\u00f6nig Carl XVI. Gustaf, K\u00f6nigin Silvia, Kronprinzessin Victoria mit Prinz Daniel und Prinzessin Madeleine mit Chris O&#8217;Neill in vollem Ornat erschienen, fehlte eine prominente Figur: Prinzessin Sofia (41). Ihr Ehemann, Prinz Carl Philip (46), schritt ohne sie \u00fcber den blauen Teppich.<\/p>\n<p class=\"mb-4 text-lg md:leading-8 break-words\">Das Fehlen der Prinzessin folgt unmittelbar auf Berichte, die das schwedische K\u00f6nigshaus in Aufruhr versetzt haben. Nur einen Tag vor der glanzvollen Zeremonie best\u00e4tigte der Palast Verbindungen zwischen Prinzessin Sofia und dem verurteilten Sexualstraft\u00e4ter Jeffrey Epstein (1953-2019), die rund 20 Jahre zur\u00fcckreichen.<\/p>\n<p>Berichte \u00fcber Epstein-Kontakt<\/p>\n<p class=\"mb-4 text-lg md:leading-8 break-words\">Der Palast best\u00e4tigte Berichten der Zeitung &#8222;Dagens Nyheter&#8220; zufolge, dass Prinzessin Sofia Jeffrey Epstein getroffen habe. &#8222;Prinzessin Sofia wurde der betreffenden Person um das Jahr 2005 herum bei einigen wenigen Gelegenheiten vorgestellt&#8220;, schrieb die Informationsabteilung. Weitere Details zu den Begegnungen wurden nicht ver\u00f6ffentlicht.<\/p>\n<p class=\"mb-4 text-lg md:leading-8 break-words\">\u00dcber ein angebliches Angebot von Epstein, sie bei einer Schauspielausbildung zu unterst\u00fctzen, hei\u00dft es nun offiziell: &#8222;Prinzessin Sofia hat sich weder f\u00fcr eine Schauspielausbildung beworben noch eine solche absolviert.&#8220; Sofia hat auch eine angebliche Einladung auf Epsteins private Insel in der Karibik nicht angenommen, wie &#8222;Aftonbladet&#8220; weiter berichtet. Die Prinzessin habe seit 20 Jahren keinen Kontakt mehr zu der betreffenden Person, so der Hof abschlie\u00dfend.<\/p>\n<p class=\"mb-4 text-lg md:leading-8 break-words\">In den vergangenen Jahren hatte Prinzessin Sofia regelm\u00e4\u00dfig an den Nobel-Feierlichkeiten teilgenommen &#8211; selbst vergangenes Jahr, als sie mit Tochter Ines schwanger war. W\u00e4hrend offiziell keine Begr\u00fcndung f\u00fcr das Fernbleiben genannt wurde, liegt der zeitliche Zusammenhang mit den Enth\u00fcllungen auf der Hand. Die schwedische K\u00f6nigsfamilie versuchte unterdessen, Haltung zu bewahren. Prinz Carl Philip absolvierte den Abend an der Seite seiner Eltern und Schwestern.<\/p>\n","protected":false},"excerpt":{"rendered":"Es ist einer der wichtigsten Termine im Kalender der schwedischen K\u00f6nigsfamilie: Am 10. Dezember, dem Todestag Alfred Nobels,&hellip;\n","protected":false},"author":2,"featured_media":639143,"comment_status":"","ping_status":"","sticky":false,"template":"","format":"standard","meta":{"footnotes":""},"categories":[1776],"tags":[61894,1801,150676,29,214,30,23542,150675,105313,36050,1802,215],"class_list":{"0":"post-639142","1":"post","2":"type-post","3":"status-publish","4":"format-standard","5":"has-post-thumbnail","7":"category-prominente","8":"tag-carl-philip","9":"tag-celebrities","10":"tag-chris-o39neill","11":"tag-deutschland","12":"tag-entertainment","13":"tag-germany","14":"tag-jeffrey-epstein","15":"tag-prinz-daniel","16":"tag-prinzessin-madeleine","17":"tag-prinzessin-sofia","18":"tag-prominente","19":"tag-unterhaltung"},"share_on_mastodon":{"url":"https:\/\/pubeurope.com\/@de\/115700977204064890","error":""},"_links":{"self":[{"href":"https:\/\/www.europesays.com\/de\/wp-json\/wp\/v2\/posts\/639142","targetHints":{"allow":["GET"]}}],"collection":[{"href":"https:\/\/www.europesays.com\/de\/wp-json\/wp\/v2\/posts"}],"about":[{"href":"https:\/\/www.europesays.com\/de\/wp-json\/wp\/v2\/types\/post"}],"author":[{"embeddable":true,"href":"https:\/\/www.europesays.com\/de\/wp-json\/wp\/v2\/users\/2"}],"replies":[{"embeddable":true,"href":"https:\/\/www.europesays.com\/de\/wp-json\/wp\/v2\/comments?post=639142"}],"version-history":[{"count":0,"href":"https:\/\/www.europesays.com\/de\/wp-json\/wp\/v2\/posts\/639142\/revisions"}],"wp:featuredmedia":[{"embeddable":true,"href":"https:\/\/www.europesays.com\/de\/wp-json\/wp\/v2\/media\/639143"}],"wp:attachment":[{"href":"https:\/\/www.europesays.com\/de\/wp-json\/wp\/v2\/media?parent=639142"}],"wp:term":[{"taxonomy":"category","embeddable":true,"href":"https:\/\/www.europesays.com\/de\/wp-json\/wp\/v2\/categories?post=639142"},{"taxonomy":"post_tag","embeddable":true,"href":"https:\/\/www.europesays.com\/de\/wp-json\/wp\/v2\/tags?post=639142"}],"curies":[{"name":"wp","href":"https:\/\/api.w.org\/{rel}","templated":true}]}}