{"id":639146,"date":"2025-12-11T12:41:30","date_gmt":"2025-12-11T12:41:30","guid":{"rendered":"https:\/\/www.europesays.com\/de\/639146\/"},"modified":"2025-12-11T12:41:30","modified_gmt":"2025-12-11T12:41:30","slug":"luxemburg-beim-esc-2026-das-sind-die-acht-songs-fuer-den-luxembourg-song-contest-%e2%80%92-wer-ist-dein-favorit","status":"publish","type":"post","link":"https:\/\/www.europesays.com\/de\/639146\/","title":{"rendered":"Luxemburg beim ESC 2026: Das sind die acht Songs f\u00fcr den Luxembourg Song Contest \u2012 Wer ist Dein Favorit?"},"content":{"rendered":"<p>\t\t<img decoding=\"async\" class=\"wp-worthy-pixel-img skip-lazy \" src=\"https:\/\/www.europesays.com\/de\/wp-content\/uploads\/2025\/12\/9870b239acb0455ea73aa8ce5e89a78a.gif\" loading=\"eager\" data-no-lazy=\"1\" data-skip-lazy=\"1\" height=\"1\" width=\"1\" alt=\"\"\/><a href=\"https:\/\/i0.wp.com\/esc-kompakt.de\/wp-content\/uploads\/2025\/12\/LSC-2026-Luxemburg-Song-Contest-.jpeg?quality=89&amp;ssl=1\" target=\"_blank\" rel=\"noopener\"><img loading=\"lazy\" data-recalc-dims=\"1\" decoding=\"async\" class=\"size-full wp-image-165992\" src=\"https:\/\/www.europesays.com\/de\/wp-content\/uploads\/2025\/12\/LSC-2026-Luxemburg-Song-Contest-.jpeg\" alt=\"\" width=\"723\" height=\"407\"  \/><\/a>\u00a9 RTL Grafik<\/p>\n<p>\u00dcberraschenderweise wurden jetzt schon die acht Songs in voller L\u00e4nge ver\u00f6ffentlicht, die beim Louxembourg Song Contest 2026 an den Start gehen. Zun\u00e4chst war vorgesehen, dass heute nur Snippets der Beitr\u00e4ge zu h\u00f6ren sein werden. Stattdessen gibt\u2019s jetzt also schon die 3-Minuten-Fassungen der Lieder, allerdings nur auf der Website von RTL Luxemburg. Ab Freitag sind sie dann auch allen bekannten Musikstreming-Plattformen zu h\u00f6ren.<\/p>\n<p><a href=\"https:\/\/shop.katjes.de\/\" aria-label=\"ESC Kompakt Banner\" target=\"_blank\" rel=\"noopener\"><img loading=\"lazy\" decoding=\"async\" src=\"https:\/\/www.europesays.com\/de\/wp-content\/uploads\/2025\/12\/1765456885_740_ESC-Kompakt-Banner.jpg\" alt=\"\"   width=\"450\" height=\"450\" style=\"display: inline-block;\"\/><\/a><\/p>\n<p>Am 24. Januar w\u00e4hlt Luxemburg seinen Act f\u00fcr den ESC in Wien aus.<a href=\"https:\/\/esc-kompakt.de\/luxemburg-beim-esc-2026-das-sind-die-finalistinnen-fuer-den-vorentscheid\/\" target=\"_blank\" rel=\"noopener\"> Acht Kandidat*innen haben sich f\u00fcr den Louxembourg Song Contest qualifiziert.<\/a> <a href=\"https:\/\/esc-kompakt.de\/luxemburg-spannende-einblicke-in-die-live-auditions-fuer-den-esc-vorentscheid-2026\/\" target=\"_blank\" rel=\"noopener\">Sie mussten sich im Oktober bei Live-Auditions gegen 50 weitere Konkurrent*innen durchsetzen.<\/a><\/p>\n<p><a href=\"https:\/\/malta.reise\/?utm_source=banner+&amp;utm_medium=website+&amp;utm_campaign=raffle+doubletree+&amp;utm_id=ESC\" aria-label=\"MTA Malta Banner\" target=\"_blank\" rel=\"noopener\"><img loading=\"lazy\" decoding=\"async\" src=\"https:\/\/www.europesays.com\/de\/wp-content\/uploads\/2025\/12\/1765456887_698_MTA-Malta-Banner.jpg\" alt=\"\"   width=\"450\" height=\"349\" style=\"display: inline-block;\"\/><\/a><\/p>\n<p><a href=\"https:\/\/esc-kompakt.de\/luxemburg-beim-esc-2026-das-sind-die-finalistinnen-fuer-den-vorentscheid\/\" target=\"_blank\" rel=\"noopener\">Die acht Teilnehmer*innen f\u00fcr den luxemburgischen Vorentscheid sind uns schon seit Ende Oktober bekannt<\/a>. Jetzt ist es also bereits m\u00f6glich, in die acht Songs hineinzuh\u00f6ren, mit denen die K\u00fcnstler*innen zum kommenden ESC fahren wollen. Aktuell sind die Lieder nur auf der Website von RTL Luxemburg eingebunden. Ab Freitag findet man die Songs sowie die Liedtexte in der \u201eLSC 2026\u201c-Playlist auf den offiziellen Plattformen, darunter Spotify, Deezer, Amazon Music und Apple Music.<\/p>\n<p><a href=\"https:\/\/www.gerolsteiner.de\/wissensquellen\/ernaehrung\/rezepte\/drinks\" aria-label=\"Gerolsteiner Banner 450px\" target=\"_blank\" rel=\"noopener\"><img loading=\"lazy\" decoding=\"async\" src=\"https:\/\/www.europesays.com\/de\/wp-content\/uploads\/2025\/12\/1765456888_183_Gerolsteiner-Banner-450px.jpg\" alt=\"\"   width=\"450\" height=\"349\" style=\"display: inline-block;\"\/><\/a><\/p>\n<p><strong><a href=\"https:\/\/www.rtl.lu\/kultur\/news\/lauschtert-dlidder-fir-de-luxembourg-song-contest-2026-1892380719?fbclid=IwY2xjawOnf4ZleHRuA2FlbQIxMABicmlkETFGeEwyN3RFcmRhRzNScEdmc3J0YwZhcHBfaWQPNTE0NzcxNTY5MjI4MDYxAAEeiqd-cxgZa-QdWUMkVaL59noR_ccxmfwPnivndjEpHq01EoMjxLGU4ACuIBM_aem_KD5ktlQD-lg9_iwgivc2sQ\" target=\"_blank\" rel=\"noopener\">Die folgenden Beitr\u00e4ge bekommen beim Louxembourg Song Contest die Chance<\/a>, die Nachfolge von <a href=\"https:\/\/esc-kompakt.de\/songcheck-esc-2025-32-luxemburg-la-poupee-monte-le-son-von-laura-thorn\/\" target=\"_blank\" rel=\"noopener\">Laura Thorn und ihrem Song \u201eLa Poup\u00e9e Monte Le Son\u201c<\/a> anzutreten:<\/strong><\/p>\n<p>Die schriftliche Vorstellung der Acts haben wir direkt von RTL Luxemburg \u00fcbernommen und automatisiert \u00fcbersetzt. <a href=\"https:\/\/www.rtl.lu\/kultur\/news\/lauschtert-dlidder-fir-de-luxembourg-song-contest-2026-1892380719?fbclid=IwY2xjawOnf4ZleHRuA2FlbQIxMABicmlkETFGeEwyN3RFcmRhRzNScEdmc3J0YwZhcHBfaWQPNTE0NzcxNTY5MjI4MDYxAAEeiqd-cxgZa-QdWUMkVaL59noR_ccxmfwPnivndjEpHq01EoMjxLGU4ACuIBM_aem_KD5ktlQD-lg9_iwgivc2sQ\" target=\"_blank\" rel=\"noopener\">Um die Lieder zu h\u00f6ren, m\u00fcsst Ihr hier klicken<\/a>.\u00a0<\/p>\n<p data-start=\"126\" data-end=\"626\"><strong data-start=\"126\" data-end=\"166\">Andrew the Martian \u2013 I\u2019m The Martian<\/strong><br data-start=\"166\" data-end=\"169\"\/>Nein, er kommt nicht vom Mars, aber dieser Marsianer entstand im Rocklab w\u00e4hrend einer inspirierenden Session. Drei Songwriting-Partner standen Andr\u00e9 Baptista alias Andrew The Martian zur Seite: die belgischen Songwriter Ynke Dingenen und Tchiah Ommar Abdulrahman, auch bekannt als das Songwriter-Duo Midfall, sowie Rudolfs Budze, ein Produzent und DJ aus Lettland. Und tats\u00e4chlich schw\u00e4rmen sie, dass das Lied wirkt, als k\u00e4me es von einem anderen Planeten.<\/p>\n<p data-start=\"628\" data-end=\"1212\"><strong data-start=\"628\" data-end=\"649\">Daryss \u2013 Melusina<\/strong><br data-start=\"649\" data-end=\"652\"\/>Daria Sokova lie\u00df sich von der Legende der luxemburgischen Melusina inspirieren, und es war ein guter Freund, der ihr riet, diese Idee Antoine Barrau \u2013 besser bekannt als Igit \u2013 vorzustellen. Er ist der Autor von Barbara Pravis Lied \u201eVoil\u00e0\u201c, einem der Lieblingslieder von Daria. Gemeinsam, mit Hilfe des Komponisten Alexandre Finkin und des Arrangeurs Boban Apostolov, wurde \u201eMelusina\u201c zwischen Paris und Lissabon geschrieben, aber in Luxemburg aufgenommen. Eine richtige Eurovision-Abenteuerreise, sagt Daria, die Legende und Wiedergeburt miteinander vereint.<\/p>\n<p data-start=\"1214\" data-end=\"1735\"><strong data-start=\"1214\" data-end=\"1244\">Eva Marija \u2013 Mother Nature<\/strong><br data-start=\"1244\" data-end=\"1247\"\/>Beim Songwriting Camp kreuzten sich die Wege von Eva Puc, alias Eva Marija, der schwedischen Singer-Songwriterin Maria Broberg und zwei D\u00e4nen \u2013 der Songwriterin Julie Aagaard sowie dem Komponisten und Produzenten Thomas Stengaard. Aus dem Lied h\u00f6rt man eine ganz besondere Energie und Leichtigkeit heraus, sagt die S\u00e4ngerin, die sich vom Gef\u00fchl ihrer Kindheit und vom freien Spielen in Parks und W\u00e4ldern inspirieren lie\u00df. \u201eMother Nature\u201c soll den Menschen helfen, ihre \u00c4ngste loszulassen.<\/p>\n<p data-start=\"1737\" data-end=\"2300\"><strong data-start=\"1737\" data-end=\"1762\">Hugo One \u2013 Born Again<\/strong><br data-start=\"1762\" data-end=\"1765\"\/>Hugo Dejean nimmt uns mit seinem Lied mit auf eine Reise durch eine Pop-Hymne, inspiriert von den 80ern. In \u201eBorn Again\u201c geht es um Heilung nach einer schlimmen Trennung und um die Frage: \u201eWer w\u00e4rst du, wenn du noch einmal ganz von vorn anfangen k\u00f6nntest?\u201c Die musikalische Antwort darauf entstand ebenfalls beim Songwriting Camp, in Zusammenarbeit mit drei weiteren Songwritern: dem luxemburgischen K\u00fcnstler EDSUN, dem schwedischen K\u00fcnstler Albin Fredy Ljungqvist und dem d\u00e4nischen K\u00fcnstler Emil Lei, der das Lied auch produziert hat.<\/p>\n<p data-start=\"2302\" data-end=\"2806\"><strong data-start=\"2302\" data-end=\"2338\">Irem \u2013 Bad Decisions (Hush Hush)<\/strong><br data-start=\"2338\" data-end=\"2341\"\/>Es war ganz sicher keine \u201ebad decision\u201c, dass sich Irem Sosay im Rocklab mit dem niederl\u00e4ndischen Pop- und Dance-Produzenten Remy Cooper sowie der schwedischen K\u00fcnstlerin Maria Broberg, alias Maria Mathea, zusammentat. Das Lied entstand aus einem Geheimnis und aus der Frage zu Beginn der Session im Songwriting Camp, was gerade im Leben der S\u00e4ngerin los sei. Dieses \u201ekleine Geheimnis\u201c war dann aber so spannend, dass das Lied knapp zwei Stunden sp\u00e4ter geboren war.<\/p>\n<p data-start=\"2808\" data-end=\"3350\"><strong data-start=\"2808\" data-end=\"2832\">Luzac \u2013 Prison Dor\u00e9e<\/strong><br data-start=\"2832\" data-end=\"2835\"\/>Wie schon bei seiner ersten Teilnahme ist auch diesmal das Lied im Songwriting Camp entstanden \u2013 nach einem Austausch zwischen dem S\u00e4nger und den Co-Autoren: dem britischen Produzenten Sam Ray und dem belgischen Songwriter-Duo Midfall. Trotz seines erf\u00fcllten Lebens hat Luzac andere, gr\u00f6\u00dfere Ziele: die Musik. Daher stammt auch die Metapher des Vogels im goldenen K\u00e4fig, der von Freiheit tr\u00e4umt und davon, drau\u00dfen zu singen. Auch wenn das Leben von au\u00dfen perfekt scheint, wirkt es dennoch bedr\u00fcckend und erdr\u00fcckend.<\/p>\n<p data-start=\"3352\" data-end=\"4006\"><strong data-start=\"3352\" data-end=\"3378\">ShiroKuro \u2013 Eye To Eye<\/strong><br data-start=\"3378\" data-end=\"3381\"\/>Sie wollten einen Pop-Rock-Song schreiben, der den aktuellen Zustand der Welt aus der Sicht junger Menschen widerspiegelt, sagt der Songwriter und S\u00e4nger Nathana\u00ebl Paulis. \u201eEye To Eye\u201c ist somit ein Lied \u00fcber das Leben in einer Gesellschaft, die man nicht versteht und die bei vielen Menschen Paranoia ausl\u00f6st \u2013 und dar\u00fcber, wie man damit umgeht. Als gro\u00dfer ESC-Fan wollte Nathana\u00ebl zusammen mit den Bandmitgliedern Louis Comblin und Matias Pollicino sicherstellen, dass ihr Beitrag die besten Elemente eines Eurovision-Songs vereint: ein Lied, das sofort im Ohr bleibt; ethnische Ges\u00e4nge, ein Streichorchester und hohe T\u00f6ne.<\/p>\n<p data-start=\"4008\" data-end=\"4530\"><strong data-start=\"4008\" data-end=\"4039\">Steve Castile \u2013 Sweet Tooth<\/strong><br data-start=\"4039\" data-end=\"4042\"\/>Auch der achte Song stammt aus dem Songwriting Camp des Rocklab. Das Lied entstand gemeinsam mit zwei weiteren Songwritern, Abigail F. Jones und Simon Davis, der es auch produzierte. Sie waren schon nach dem allerersten Ton begeistert und inspiriert, den Steve Cal\u00e7ada, alias Steve Castile, von sich gab. Die Grundlage des Songs ist daher ganz auf seine Stimme aufgebaut \u2013 mit tiefen und subharmonischen T\u00f6nen \u00fcber eine d\u00fcstere und obsessive Liebe zu einer Person, die einem nicht guttut.<\/p>\n<p data-start=\"3110\" data-end=\"3134\">Die acht Acts m\u00fcssen am 24. Januar eine Jury und das Publikum von sich \u00fcberzeugen, um Luxemburg beim kommenden Eurovision Song Contest in Wien vertreten zu d\u00fcrfen. Wer das schafft, ist der dritte Act des Gro\u00dfherzogtums seit Luxemburgs gro\u00dfen Comeback in Malm\u00f6. Vor zwei Jahren konnte Tali mit dem Song \u201eFighter\u201c auf einem guten 13. Platz landen. Laura Thorn musste sich im vergangenen Jahr mit dem 22. Platz zufrieden geben.<\/p>\n<p><img loading=\"lazy\" data-recalc-dims=\"1\" decoding=\"async\" src=\"https:\/\/www.europesays.com\/de\/wp-content\/uploads\/2025\/12\/1765456889_55_loading.gif\" width=\"16\" height=\"16\" alt=\"Wird geladen ...\" title=\"Wird geladen ...\" class=\"wp-polls-image\"\/>\u00a0Wird geladen &#8230;<\/p>\n<p><strong>Wie gefallen Dir die Songs? Welches Lied ist am besten f\u00fcr den ESC geeignet? Von welchem Song bist Du entt\u00e4uscht? Schreib uns Deine Meinung in die Kommentare.<\/strong><\/p>\n<p>Gef\u00e4llt mir:<\/p>\n<p>Gef\u00e4llt mir Wird geladen\u00a0\u2026<\/p>\n<p><a class=\"sd-link-color\"\/><\/p>\n<p>\n\t\u00c4hnliche Beitr\u00e4ge\n<\/p>\n<p><br style=\"clear: both; display: block; float: none;\"\/><\/p>\n<p>\tEntdecke mehr von ESC kompakt<\/p>\n<p class=\"has-text-align-center\" style=\"margin-top:10px;margin-bottom:10px;font-size:15px\">Melde dich f\u00fcr ein Abonnement an, um die neuesten Beitr\u00e4ge per E-Mail zu erhalten.<\/p>\n","protected":false},"excerpt":{"rendered":"\u00a9 RTL Grafik \u00dcberraschenderweise wurden jetzt schon die acht Songs in voller L\u00e4nge ver\u00f6ffentlicht, die beim Louxembourg Song&hellip;\n","protected":false},"author":2,"featured_media":639147,"comment_status":"","ping_status":"","sticky":false,"template":"","format":"standard","meta":{"footnotes":""},"categories":[1773],"tags":[29,214,30,471,1780,215],"class_list":{"0":"post-639146","1":"post","2":"type-post","3":"status-publish","4":"format-standard","5":"has-post-thumbnail","7":"category-serien","8":"tag-deutschland","9":"tag-entertainment","10":"tag-germany","11":"tag-serien","12":"tag-series","13":"tag-unterhaltung"},"share_on_mastodon":{"url":"https:\/\/pubeurope.com\/@de\/115700990398030481","error":""},"_links":{"self":[{"href":"https:\/\/www.europesays.com\/de\/wp-json\/wp\/v2\/posts\/639146","targetHints":{"allow":["GET"]}}],"collection":[{"href":"https:\/\/www.europesays.com\/de\/wp-json\/wp\/v2\/posts"}],"about":[{"href":"https:\/\/www.europesays.com\/de\/wp-json\/wp\/v2\/types\/post"}],"author":[{"embeddable":true,"href":"https:\/\/www.europesays.com\/de\/wp-json\/wp\/v2\/users\/2"}],"replies":[{"embeddable":true,"href":"https:\/\/www.europesays.com\/de\/wp-json\/wp\/v2\/comments?post=639146"}],"version-history":[{"count":0,"href":"https:\/\/www.europesays.com\/de\/wp-json\/wp\/v2\/posts\/639146\/revisions"}],"wp:featuredmedia":[{"embeddable":true,"href":"https:\/\/www.europesays.com\/de\/wp-json\/wp\/v2\/media\/639147"}],"wp:attachment":[{"href":"https:\/\/www.europesays.com\/de\/wp-json\/wp\/v2\/media?parent=639146"}],"wp:term":[{"taxonomy":"category","embeddable":true,"href":"https:\/\/www.europesays.com\/de\/wp-json\/wp\/v2\/categories?post=639146"},{"taxonomy":"post_tag","embeddable":true,"href":"https:\/\/www.europesays.com\/de\/wp-json\/wp\/v2\/tags?post=639146"}],"curies":[{"name":"wp","href":"https:\/\/api.w.org\/{rel}","templated":true}]}}