{"id":639148,"date":"2025-12-11T12:42:13","date_gmt":"2025-12-11T12:42:13","guid":{"rendered":"https:\/\/www.europesays.com\/de\/639148\/"},"modified":"2025-12-11T12:42:13","modified_gmt":"2025-12-11T12:42:13","slug":"tokio-hotel-stars-zurueck-in-zielitz-bill-kaulitz-trifft-jugendliebe","status":"publish","type":"post","link":"https:\/\/www.europesays.com\/de\/639148\/","title":{"rendered":"&#8222;Tokio Hotel&#8220;-Stars zur\u00fcck in Zielitz: Bill Kaulitz trifft Jugendliebe"},"content":{"rendered":"<p class=\"fp-paragraph\"><strong>Zielitz\/DUR. <\/strong><strong>\u2013<\/strong>\u00a0K\u00fcrzlich haben Tom und Bill Kaulitz ihrer alten Heimat wieder einen Besuch abgestattet. F\u00fcr ein Klassentreffen sind die beiden Br\u00fcder von &#8222;Tokio Hotel&#8220; nach Zielitz gekommen.<\/p>\n<p class=\"fp-paragraph\"><strong>Lesen Sie auch: <a href=\"https:\/\/www.volksstimme.de\/lokal\/wernigerode\/harz-statt-hollywood-kaulitz-bruder-feiern-den-wernigeroder-weihnachtsmarkt-4161123\" target=\"_blank\" rel=\"noopener\">Harz statt Hollywood: Kaulitz-Br\u00fcder feiern den Werniger\u00f6der Weihnachtsmarkt<\/a><\/strong><\/p>\n<p class=\"fp-paragraph\">In der j\u00fcngsten Folge ihres Podcasts &#8222;Kaulitz Hills \u2013 Senf aus Hollywood&#8220; berichten die Zwillinge ausf\u00fchrlich von ihrem Besuch in Zielitz. Tom erkl\u00e4rt den besonderen Anlass: &#8222;Ein Klassentreffen hast du doch nur alle 20 Jahre.&#8220;<\/p>\n<p>Klassentreffen in Zielitz: Bill hofft auf Wiedersehen mit Jugendliebe<\/p>\n<p class=\"fp-paragraph\">F\u00fcr Bill war der Weg zur\u00fcck mehr als nur Nostalgie. Er wollte jemanden treffen, der ihn in seiner Kindheit stark gepr\u00e4gt hatte: seine fr\u00fchere Jugendliebe. \u00dcber Umwege, soziale Medien und schlie\u00dflich eine Sprachnachricht gelang es ihm, seinen damaligen Schwarm zu \u00fcberzeugen.<\/p>\n<p class=\"fp-paragraph\"><strong>Auch interessant: <a href=\"https:\/\/www.volksstimme.de\/lokal\/magdeburg\/magdeburg-ehrt-kaulitz-bruder-von-tokio-hotel-und-so-reagieren-sie-4128434\" target=\"_blank\" rel=\"noopener\">Magdeburg ehrt Kaulitz-Br\u00fcder von Tokio Hotel \u2013 und so reagieren sie<\/a><\/strong><\/p>\n<p class=\"fp-paragraph\">Tom sagt im Podcast: &#8222;Es hei\u00dft eigentlich, dass er nicht kommt.&#8220; Viele Menschen h\u00e4tten versucht, ihn zu \u00fcberreden, doch sicher war das nicht. Vermutlich auch wegen des <a href=\"https:\/\/www.volksstimme.de\/kultur\/tv-und-streaming\/dritte-staffel-von-netflix-serie-kaulitz-and-kaulitz-kommt-4079847\" target=\"_blank\" rel=\"noopener\">Netflix-Teams, das f\u00fcr die neue Staffel &#8222;Kaulitz &amp; Kaulitz&#8220;<\/a> filmte.<\/p>\n<p class=\"fp-paragraph\">Umso gr\u00f6\u00dfer war Bills \u00dcberraschung beim Betreten des Geb\u00e4udes. &#8222;Ich bin mit der Annahme hingegangen, dass er nicht kommt. Dann laufe ich da rein, und dann steht er da und hat mich ganz doll und lange in den Arm genommen.&#8220; Seine Jugendliebe soll gesagt haben: &#8222;Dass du noch an mich denkst&#8220;. Und weiter: &#8222;Du warst immer mein kleiner Billy.&#8220;<\/p>\n<p>Bill und Tom Kaulitz: Unverst\u00e4ndnis \u00fcber Absagen zum Klassentreffen<\/p>\n<p class=\"fp-paragraph\">Auch von den anderen ehemaligen Klassenkameraden wurden <a href=\"https:\/\/www.volksstimme.de\/lokal\/wolmirstedt\/tokio-hotel-kaulitz-bill-tom-podcast-loitsche-heimat-4044973\" target=\"_blank\" rel=\"noopener\">die Br\u00fcder<\/a> herzlich begr\u00fc\u00dft. Bill beschreibt die Stimmung so: &#8222;Ich habe das wirklich bei manchen auch schon in der Umarmung gemerkt, die so s\u00fc\u00df und herzlich war.&#8220;<\/p>\n<p class=\"fp-paragraph\">Doch nicht alle Mitsch\u00fcler von damals waren gekommen. Das sorgte bei den Kaulitz-Zwillingen f\u00fcr Kopfsch\u00fctteln.<\/p>\n<p class=\"fp-paragraph\"><strong>Lesen Sie auch: <a href=\"https:\/\/www.volksstimme.de\/lokal\/magdeburg\/bill-tom-kaulitz-tokio-hotel-serie-doku-netflix-staffel-2-4066024\" target=\"_blank\" rel=\"noopener\">Kaulitz &amp; Kaulitz \u2013 Exklusive Einblicke in die neuen Folgen ihrer Netflix-Serie<\/a><\/strong><\/p>\n<p class=\"fp-paragraph\">Tom zeigt sich ver\u00e4rgert: &#8222;Einer hat gesagt: &#8218;Ich muss fr\u00fch aufstehen, dann komme ich nicht.'&#8220; Bill kann dar\u00fcber nur den Kopf sch\u00fctteln: &#8222;Einer hat auch gesagt: &#8218;Wir feiern den Geburtstag meiner Tochter nach.&#8216; Da denk\u2019 ich: Na, das kannst du doch auch einen Tag sp\u00e4ter machen.&#8220;<\/p>\n<p class=\"fp-paragraph\">Tom erg\u00e4nzt deutlich: &#8222;Oder komm f\u00fcr eine halbe Stunde. Sag wenigstens Hallo! Also wirklich, wenn man in der Region wohnt und dann nicht vorbeikommt bei einem Klassentreffen, das verstehe ich gar nicht.&#8220;<\/p>\n<p class=\"fp-paragraph\"><strong>Auch interessant: <a href=\"https:\/\/www.volksstimme.de\/lokal\/magdeburg\/so-viel-tokio-hotel-steckt-in-dem-theaterstuck-in-magdeburg-4127702\" target=\"_blank\" rel=\"noopener\">So viel Tokio Hotel steckt in dem Theaterst\u00fcck in Magdeburg<\/a><\/strong><\/p>\n<p>&#8222;Als absolute K\u00f6nigin&#8220;: So prollig kam Bill Kaulitz zum Klassentreffen<\/p>\n<p class=\"fp-paragraph\">Trotz mancher Absagen tat das der Stimmung keinen Abbruch. Bill verr\u00e4t sogar, dass er seit Jahren von genau diesem Moment getr\u00e4umt hat: &#8222;Ich habe mir fr\u00fcher immer vorgestellt, wenn ich mal ein Klassentreffen mache, dann komme ich nat\u00fcrlich als absolute K\u00f6nigin.&#8220;<\/p>\n<p class=\"fp-paragraph\">Und genau so kam es auch: &#8222;Wir haben uns eine Limo gemietet&#8220;, erz\u00e4hlt der S\u00e4nger. &#8222;Wir sind ganz prollig vorgefahren.&#8220;<\/p>\n","protected":false},"excerpt":{"rendered":"Zielitz\/DUR. \u2013\u00a0K\u00fcrzlich haben Tom und Bill Kaulitz ihrer alten Heimat wieder einen Besuch abgestattet. F\u00fcr ein Klassentreffen sind&hellip;\n","protected":false},"author":2,"featured_media":639149,"comment_status":"","ping_status":"","sticky":false,"template":"","format":"standard","meta":{"footnotes":""},"categories":[1772],"tags":[29,214,30,1779,810,215],"class_list":{"0":"post-639148","1":"post","2":"type-post","3":"status-publish","4":"format-standard","5":"has-post-thumbnail","7":"category-musik","8":"tag-deutschland","9":"tag-entertainment","10":"tag-germany","11":"tag-music","12":"tag-musik","13":"tag-unterhaltung"},"share_on_mastodon":{"url":"https:\/\/pubeurope.com\/@de\/115700993037065742","error":""},"_links":{"self":[{"href":"https:\/\/www.europesays.com\/de\/wp-json\/wp\/v2\/posts\/639148","targetHints":{"allow":["GET"]}}],"collection":[{"href":"https:\/\/www.europesays.com\/de\/wp-json\/wp\/v2\/posts"}],"about":[{"href":"https:\/\/www.europesays.com\/de\/wp-json\/wp\/v2\/types\/post"}],"author":[{"embeddable":true,"href":"https:\/\/www.europesays.com\/de\/wp-json\/wp\/v2\/users\/2"}],"replies":[{"embeddable":true,"href":"https:\/\/www.europesays.com\/de\/wp-json\/wp\/v2\/comments?post=639148"}],"version-history":[{"count":0,"href":"https:\/\/www.europesays.com\/de\/wp-json\/wp\/v2\/posts\/639148\/revisions"}],"wp:featuredmedia":[{"embeddable":true,"href":"https:\/\/www.europesays.com\/de\/wp-json\/wp\/v2\/media\/639149"}],"wp:attachment":[{"href":"https:\/\/www.europesays.com\/de\/wp-json\/wp\/v2\/media?parent=639148"}],"wp:term":[{"taxonomy":"category","embeddable":true,"href":"https:\/\/www.europesays.com\/de\/wp-json\/wp\/v2\/categories?post=639148"},{"taxonomy":"post_tag","embeddable":true,"href":"https:\/\/www.europesays.com\/de\/wp-json\/wp\/v2\/tags?post=639148"}],"curies":[{"name":"wp","href":"https:\/\/api.w.org\/{rel}","templated":true}]}}