{"id":639153,"date":"2025-12-11T12:45:17","date_gmt":"2025-12-11T12:45:17","guid":{"rendered":"https:\/\/www.europesays.com\/de\/639153\/"},"modified":"2025-12-11T12:45:17","modified_gmt":"2025-12-11T12:45:17","slug":"schock-in-st-moritz-olympia-siegerin-gisin-stuerzt-schwer-sport","status":"publish","type":"post","link":"https:\/\/www.europesays.com\/de\/639153\/","title":{"rendered":"Schock in St. Moritz: Olympia-Siegerin Gisin st\u00fcrzt schwer | Sport"},"content":{"rendered":"<p><b>Schreck-Moment in St. Moritz!<\/b><\/p>\n<p>Beim <a href=\"https:\/\/www.bild.de\/sport\/wintersport\/wintersport\/home-17127254.bild.html\" class=\"text-link\" target=\"_blank\" rel=\"noopener\">Abfahrtstraining<\/a> am Donnerstag kommt es zu einem schlimmen Sturz. Die Schweizerin Michelle Gisin (32) rutscht bei hoher Geschwindigkeit im unteren Drittel der Strecke weg, schlittert bis ins Fangnetz. Dort bleibt sie liegen und wird versorgt. US-Star Lindsey Vonn (41) muss ihre Fahrt abbrechen, ein Helikopter fliegt die verletzte Gisin kurze Zeit sp\u00e4ter ins Krankenhaus. <\/p>\n<p><b>Jetzt muss die zweifache Olympia-Siegerin um ihre Olympia-Teilnahme im Februar zittern!<\/b><\/p>\n<p>Mehr zum Thema<\/p>\n<p>Eine Diagnose ist bislang nicht bekannt. Nach Informationen des Schweizer\u201eBlick\u201c war Gisin voll ansprechbar. Die Sorgen um eine erneute Knie-Verletzung sind dennoch gro\u00df. Die Sportlerin hatte demnach bereits mit 17 Jahren einen Kreuzbandriss am rechten Knie, musste 2019 wegen eines besch\u00e4digten Knorpels und einer Kreuzbandzerrung operiert werden.<\/p>\n<p>Ex-Athletin Martina Lechner sagte nach Gisins Sturz bei Eurosport: \u201eDas war grausam, da hat sie sich verletzt. Das kann ich mit Sicherheit sagen. So einen Verschneider im Flachen, das braucht es gar nicht. Das will ich gar nicht nochmal sehen.\u201c<\/p>\n<p><b>Es w\u00e4re der n\u00e4chste Ausfall im Team der Schweizer Ski-Rennfahrerinnen. Superstar Lara Gut-Behrami (34) zog sich erst k\u00fcrzlich einen Kreuzbandriss, einen Innenbandriss und einen Meniskusriss im linken Knie zu. Sie f\u00e4llt f\u00fcr den Rest der Saison aus. Der Traum von einer weiteren Teilnahme an den Olympischen Winterspielen ist f\u00fcr die Speed-Expertin zerplatzt. <\/b><\/p>\n<p>Kovac-Klartext: \u201eDas geht mir richtig auf den Zeiger!\u201c<a class=\"anchor video-teaser__anchor\" href=\"https:\/\/www.bild.de\/sport\/fussball\/kovac-klartext-das-geht-mir-richtig-auf-den-zeiger-693a83aceb03e550eb610b76\" target=\"_blank\" rel=\"noopener\"><img decoding=\"async\" width=\"992\" height=\"558\" alt=\"\" src=\"https:\/\/www.europesays.com\/de\/wp-content\/uploads\/2025\/12\/4fe0439dded9f733dc831fa50e36d1c8-landscape,8073fcb1\"   class=\"landscape teaser__image\" loading=\"lazy\"\/><\/a><\/p>\n<p>Quelle: BVB11.12.2025<\/p>\n<p>Team-Kollegin Corinne Suter (31) verletzte sich bei einem Sturz in St. Moritz vor knapp einer Woche ebenfalls, kommt jedoch um eine Operation herum und muss einen Monat aussetzen.<\/p>\n<p>Gisin sollte nach den Ausf\u00e4llen ihrer Kolleginnen eigentlich Teamleadrin des Schweizer Speed-Teams werden. Jetzt bangen die Schweizer Fans und die Ski-Welt um die Gesundheit ihres n\u00e4chsten Stars&#8230;<\/p>\n","protected":false},"excerpt":{"rendered":"Schreck-Moment in St. Moritz! Beim Abfahrtstraining am Donnerstag kommt es zu einem schlimmen Sturz. Die Schweizerin Michelle Gisin&hellip;\n","protected":false},"author":2,"featured_media":639154,"comment_status":"","ping_status":"","sticky":false,"template":"","format":"standard","meta":{"footnotes":""},"categories":[136],"tags":[5550,1263,29,30,5549,5548,265,144443,45,864],"class_list":{"0":"post-639153","1":"post","2":"type-post","3":"status-publish","4":"format-standard","5":"has-post-thumbnail","7":"category-sport","8":"tag-abfahrt","9":"tag-aufmacher-bereich","10":"tag-deutschland","11":"tag-germany","12":"tag-riesenslalom","13":"tag-ski-alpin","14":"tag-sport","15":"tag-super-g","16":"tag-texttospeech","17":"tag-wintersport"},"share_on_mastodon":{"url":"https:\/\/pubeurope.com\/@de\/115701005576406522","error":""},"_links":{"self":[{"href":"https:\/\/www.europesays.com\/de\/wp-json\/wp\/v2\/posts\/639153","targetHints":{"allow":["GET"]}}],"collection":[{"href":"https:\/\/www.europesays.com\/de\/wp-json\/wp\/v2\/posts"}],"about":[{"href":"https:\/\/www.europesays.com\/de\/wp-json\/wp\/v2\/types\/post"}],"author":[{"embeddable":true,"href":"https:\/\/www.europesays.com\/de\/wp-json\/wp\/v2\/users\/2"}],"replies":[{"embeddable":true,"href":"https:\/\/www.europesays.com\/de\/wp-json\/wp\/v2\/comments?post=639153"}],"version-history":[{"count":0,"href":"https:\/\/www.europesays.com\/de\/wp-json\/wp\/v2\/posts\/639153\/revisions"}],"wp:featuredmedia":[{"embeddable":true,"href":"https:\/\/www.europesays.com\/de\/wp-json\/wp\/v2\/media\/639154"}],"wp:attachment":[{"href":"https:\/\/www.europesays.com\/de\/wp-json\/wp\/v2\/media?parent=639153"}],"wp:term":[{"taxonomy":"category","embeddable":true,"href":"https:\/\/www.europesays.com\/de\/wp-json\/wp\/v2\/categories?post=639153"},{"taxonomy":"post_tag","embeddable":true,"href":"https:\/\/www.europesays.com\/de\/wp-json\/wp\/v2\/tags?post=639153"}],"curies":[{"name":"wp","href":"https:\/\/api.w.org\/{rel}","templated":true}]}}